{"id":83164,"date":"2024-09-16T12:34:19","date_gmt":"2024-09-16T12:34:19","guid":{"rendered":"https:\/\/www.ole.com.ar\/fuera-de-juego\/emanuel-ginobili-nfl-universidad-texas_0_kfnovwmvPo.html"},"modified":"2024-09-16T12:34:19","modified_gmt":"2024-09-16T12:34:19","slug":"el-furor-que-causo-manu-ginobili-en-un-partido-de-futbol-americano","status":"publish","type":"post","link":"http:\/\/hoycordobaweb.com\/index.php\/2024\/09\/16\/el-furor-que-causo-manu-ginobili-en-un-partido-de-futbol-americano\/","title":{"rendered":"El furor que caus\u00f3 Manu Gin\u00f3bili en un partido de f\u00fatbol americano"},"content":{"rendered":"<p><img src=\"http:\/\/hoycordobaweb.com\/wp-content\/uploads\/2024\/09\/el-furor-que-causo-manu-ginobili-en-un-partido-de-futbol-americano.jpg\"><\/p>\n<p><time class=\"createDate\" datetime=\"2024-09-16T09:34:19-03:00\">16\/09\/2024 09:34hs.<\/time><\/p>\n<div id=\"storyBody\">\n<div class=\"custom-text \" readability=\"32.762557077626\">\n<p>A menos de dos meses de volver a nuestro pa\u00eds para disputar un partido homenaje con la <strong>Generaci\u00f3n Dorada <\/strong>que gan\u00f3 la medalla en los <strong>Juegos Ol\u00edmpicos de Atenas<\/strong> 2004, <strong><a href=\"https:\/\/www.ole.com.ar\/tema\/emanuel-ginobili.html\" target=\"_self\" title=\"Manu Gin\u00f3bili\" alt=\"Manu Gin\u00f3bili\" rel=\"noopener noreferrer\">Manu Gin\u00f3bili<\/a><\/strong> caus\u00f3 furor en los Estados Unidos. <\/p>\n<\/div>\n<div class=\"custom-text \" readability=\"36\">\n<p>En esta oportunidad, el \u00fanico argentino que ingres\u00f3 al Sal\u00f3n de la Fama del B\u00e1squet fue a ver a la <strong>Universidad de Texas <\/strong>(el equipo de f\u00fatbol americano m\u00e1s prestigioso dentro del Estado) y despert\u00f3 locura en gran parte del p\u00fablico, que no dud\u00f3 en acercarse para pedirle una foto.<\/p>\n<\/div>\n<div class=\"sc-e7b891c4-0 ifHnQL\"><img alt=\"Manu Gin\u00f3bili en un partido de f\u00fatbol americano. (FOTO: Spurs)\" loading=\"lazy\" width=\"720\" height=\"100\" decoding=\"async\" data-nimg=\"1\" src=\"http:\/\/hoycordobaweb.com\/wp-content\/uploads\/2024\/09\/el-furor-que-causo-manu-ginobili-en-un-partido-de-futbol-americano-2.jpg\"><span class=\"epigraphe\">Manu Gin\u00f3bili en un partido de f\u00fatbol americano. (FOTO: Spurs)<\/span><\/div>\n<div class=\"custom-text \" readability=\"37\">\n<p>Sin embargo, el exbasquetbolista de la <strong>Selecci\u00f3n Argentina <\/strong>cobr\u00f3 m\u00e1s protagonismo cuando, en medio de la ceremonia, dispar\u00f3 el emblem\u00e1tico ca\u00f1\u00f3n de apertura que esta instituci\u00f3n utiliza como tradici\u00f3n antes de cada partido y comparti\u00f3 el video en sus redes sociales.<\/p>\n<\/div>\n<p><h2>La Generaci\u00f3n Dorada agot\u00f3 las entradas del reencuentro en tiempo r\u00e9cord<\/h2>\n<\/p>\n<div class=\"custom-text \" readability=\"38\">\n<p>Un 28 de agosto de 2004, la entonces <strong>Selecci\u00f3n Argentina de B\u00e1squet<\/strong> pas\u00f3 a la historia tras derrotar a Estados Unidos en la semifinal de los Juegos Ol\u00edmpicos de Atenas y coronar la medalla de oro luego de ganarle a Italia en la final. Desde entonces, los integrantes de aquel equipo pasaron a formar parte de la popularmente conocida como Generaci\u00f3n Dorada, grupo que recientemente anunci\u00f3 un reencuentro a 20 a\u00f1os del m\u00edtico logro y agot\u00f3 las entradas en tiempo r\u00e9cord.<\/p>\n<\/div>\n<div class=\"custom-text \" readability=\"40\">\n<p>Para dicho evento, el escenario elegido fue nada m\u00e1s y nada menos que el Parque Roca, ubicado en Lugano, un barrio de la Ciudad Aut\u00f3noma de Buenos Aires. Sin embargo, tan solo bastaron cuatro d\u00edas para que los fan\u00e1ticos del deporte compraran todas las localidades a la venta. Por lo tanto, el pr\u00f3ximo 2 de noviembre ser\u00e1 un d\u00eda memorable para todos.<\/p>\n<\/div>\n<div class=\"custom-text \" readability=\"44\">\n<p>\u00abVa a ser un momento sublime, un momento \u00fanico, de festejo, pero va a ser lo que, a mi entender, tendr\u00eda que haber sido el mismo d\u00eda o al otro d\u00eda del juego ol\u00edmpico, que la gente que maneja el deporte del pa\u00eds (&#8230;) montarlos en un ch\u00e1rter y que el pueblo argentino los reciba como los verdaderos campeones\u00bb, asegur\u00f3 Rub\u00e9n Magnano, entonces entrenador del equipo, en di\u00e1logo con EFE.<\/p>\n<\/div>\n<div class=\"custom-text \" readability=\"36\">\n<p>Aunque todav\u00eda no se conocieron demasiados detalles, la empresa organizadora del evento adelant\u00f3 que el duelo contar\u00e1 con \u00abimportantes figuras del deporte argentino, artistas musicales y del mundo del streaming\u00bb y miles de espectadores.<\/p>\n<\/div>\n<p><h2>El camino de Argentina hacia la gran haza\u00f1a de Atenas 2004<\/h2>\n<\/p>\n<div class=\"custom-text \" readability=\"39\">\n<p>La Selecci\u00f3n Argentina de B\u00e1squet empez\u00f3 a pisar fuerte en 2002, momento en el que gan\u00f3 la medalla de plata en el Mundial de Indian\u00e1polis. Luego del Oro en Atenas 2004, tambi\u00e9n conquistaron el bronce en Pek\u00edn 2008 y salieron cuartos en Londres 2012 tras perder la lucha por el bronce. Finalmente, no pudieron dar batalla en R\u00edo 2016 (donde dieron su \u00faltimo baile Andr\u00e9s Nocioni y Manuel Gin\u00f3bili) y tampoco en Tokio 2020, cuando se retir\u00f3 Luis Scola.<\/p>\n<\/div>\n<div class=\"sc-a7166897-0 eoLsBE\" readability=\"6\">\n<section readability=\"2\"><picture><img alt=\"Liga Profesional: 24 t\u00e9cnicos afuera en lo que va de este 2024\" loading=\"lazy\" width=\"290\" height=\"290\" decoding=\"async\" data-nimg=\"1\" src=\"http:\/\/hoycordobaweb.com\/wp-content\/uploads\/2024\/09\/el-furor-que-causo-manu-ginobili-en-un-partido-de-futbol-americano-3.jpg\"><\/picture>\n<p><span>Mir\u00e1 tambi\u00e9n<\/span><\/p>\n<hr>\n<h3>Liga Profesional: 24 t\u00e9cnicos afuera en lo que va de este 2024<\/h3>\n<\/p>\n<\/section>\n<\/div>\n<div class=\"sc-a7166897-0 eoLsBE\" readability=\"6\">\n<section readability=\"2\"><picture><img alt=\"Qu\u00e9 le dijo Lautaro Mart\u00ednez a Roger por el gol que le convirti\u00f3 a Boca\" loading=\"lazy\" width=\"290\" height=\"290\" decoding=\"async\" data-nimg=\"1\" src=\"http:\/\/hoycordobaweb.com\/wp-content\/uploads\/2024\/09\/el-furor-que-causo-manu-ginobili-en-un-partido-de-futbol-americano-4.jpg\"><\/picture>\n<p><span>Mir\u00e1 tambi\u00e9n<\/span><\/p>\n<hr>\n<h3>Qu\u00e9 le dijo Lautaro Mart\u00ednez a Roger por el gol que le convirti\u00f3 a Boca<\/h3>\n<\/p>\n<\/section>\n<\/div>\n<div class=\"sc-a7166897-0 eoLsBE\" readability=\"7\">\n<section readability=\"4\"><picture><img alt=\"Ex goleador de la Premier, asumi\u00f3 como DT y perdi\u00f3 9 a 1: &quot;Seguiremos jugando igual&quot;\" loading=\"lazy\" width=\"290\" height=\"290\" decoding=\"async\" data-nimg=\"1\" src=\"http:\/\/hoycordobaweb.com\/wp-content\/uploads\/2024\/09\/el-furor-que-causo-manu-ginobili-en-un-partido-de-futbol-americano-5.jpg\"><\/picture>\n<p><span>Mir\u00e1 tambi\u00e9n<\/span><\/p>\n<hr>\n<h3>Ex goleador de la Premier, asumi\u00f3 como DT y perdi\u00f3 9 a 1: \u00abSeguiremos jugando igual\u00bb<\/h3>\n<\/p>\n<\/section>\n<\/div>\n<\/div>\n","protected":false},"excerpt":{"rendered":"<p>16\/09\/2024 09:34hs. A menos de dos meses de volver a nuestro pa\u00eds para disputar un partido homenaje con la Generaci\u00f3n Dorada que gan\u00f3 la medalla en los Juegos Ol\u00edmpicos de Atenas 2004, Manu Gin\u00f3bili caus\u00f3 furor en los Estados Unidos. En esta oportunidad, el \u00fanico argentino que ingres\u00f3 al Sal\u00f3n de la Fama del B\u00e1squet [&hellip;]<\/p>\n","protected":false},"author":1,"featured_media":83165,"comment_status":"open","ping_status":"closed","sticky":false,"template":"","format":"standard","meta":[],"categories":[16],"tags":[],"_links":{"self":[{"href":"http:\/\/hoycordobaweb.com\/index.php\/wp-json\/wp\/v2\/posts\/83164"}],"collection":[{"href":"http:\/\/hoycordobaweb.com\/index.php\/wp-json\/wp\/v2\/posts"}],"about":[{"href":"http:\/\/hoycordobaweb.com\/index.php\/wp-json\/wp\/v2\/types\/post"}],"author":[{"embeddable":true,"href":"http:\/\/hoycordobaweb.com\/index.php\/wp-json\/wp\/v2\/users\/1"}],"replies":[{"embeddable":true,"href":"http:\/\/hoycordobaweb.com\/index.php\/wp-json\/wp\/v2\/comments?post=83164"}],"version-history":[{"count":0,"href":"http:\/\/hoycordobaweb.com\/index.php\/wp-json\/wp\/v2\/posts\/83164\/revisions"}],"wp:featuredmedia":[{"embeddable":true,"href":"http:\/\/hoycordobaweb.com\/index.php\/wp-json\/wp\/v2\/media\/83165"}],"wp:attachment":[{"href":"http:\/\/hoycordobaweb.com\/index.php\/wp-json\/wp\/v2\/media?parent=83164"}],"wp:term":[{"taxonomy":"category","embeddable":true,"href":"http:\/\/hoycordobaweb.com\/index.php\/wp-json\/wp\/v2\/categories?post=83164"},{"taxonomy":"post_tag","embeddable":true,"href":"http:\/\/hoycordobaweb.com\/index.php\/wp-json\/wp\/v2\/tags?post=83164"}],"curies":[{"name":"wp","href":"https:\/\/api.w.org\/{rel}","templated":true}]}}