{"id":83159,"date":"2024-09-16T12:16:04","date_gmt":"2024-09-16T12:16:04","guid":{"rendered":"https:\/\/ladecimaweb.com\/?p=29174"},"modified":"2024-09-16T12:16:04","modified_gmt":"2024-09-16T12:16:04","slug":"pidio-licencia-el-ministro-cordobes-imputado-por-violencia-de-genero","status":"publish","type":"post","link":"http:\/\/hoycordobaweb.com\/index.php\/2024\/09\/16\/pidio-licencia-el-ministro-cordobes-imputado-por-violencia-de-genero\/","title":{"rendered":"Pidi\u00f3 licencia el ministro cordob\u00e9s imputado por violencia de g\u00e9nero"},"content":{"rendered":"<div class=\"boldgrid-section\">\n<div class=\"container\">\n<div class=\"row\">\n<div class=\"col-md-12 col-xs-12 col-sm-12\">\n<p class><strong>(NA) El ministro de Cooperativas y Mutuales de C\u00f3rdoba, Mart\u00edn Gill, quien se encuentra imputado en una causa por violencia de g\u00e9nero, tom\u00f3 licencia sin goce de sueldo.<\/strong><\/p>\n<p class>As\u00ed lo inform\u00f3 el Gobierno de C\u00f3rdoba, que tambi\u00e9n indic\u00f3 que la decisi\u00f3n del funcionario &#8220;obedece a temas estrictamente personales&#8221;, y que se apart\u00f3 del cargo para aguardar la resoluci\u00f3n de la causa fuera de la funci\u00f3n p\u00fablica.<\/p>\n<p class>Gill est\u00e1 imputado en una causa por violencia de g\u00e9nero que ya fue elevada a juicio por la fiscal de Villa Mar\u00eda, Juliana Companys.&nbsp;<\/p>\n<p class><strong>La causa dio inicio en marzo de 2023, &nbsp;cuando una &nbsp;ex pareja del entonces intendente de la ciudad de Villa Mar\u00eda se present\u00f3 ante la Justicia para denunciar hechos de violencia f\u00edsica y amenazas.&nbsp;<\/strong><\/p>\n<p>A los pocos d\u00edas, se conoci\u00f3 la imputaci\u00f3n cuando Gill se present\u00f3 en la Unidad Judicial para devolver elementos que la mujer hab\u00eda dejado en la casa que compart\u00edan.&nbsp;<\/p>\n<p>El funcionario apel\u00f3 la elevaci\u00f3n a juicio oral que fue solicitada en marzo y desde entonces hab\u00eda crecido la presi\u00f3n desde la oposici\u00f3n para que presente su renuncia.<\/p>\n<p><strong>\u201cSiempre estuve a disposici\u00f3n de la Justicia, me present\u00e9 voluntariamente, declar\u00e9, ampli\u00e9 mi declaraci\u00f3n y aport\u00e9 numerosos elementos porque soy inocente\u201d,<\/strong><span>&nbsp;<\/span>sostuvo Gill en declaraciones period\u00edsticas.<\/p>\n<p>El gobernador Mart\u00edn Llaryora hab\u00eda defendido la permanencia del funcionario mientras no existiera una condena en su contra.<\/p>\n<p>&nbsp;<\/p>\n<div class=\"ubm_banner\"><a href=\"https:\/\/desarrolloyempleo.cba.gov.ar\/\" target=\"_blank\" rel=\"dofollow noopener noreferrer\"><img src=\"http:\/\/hoycordobaweb.com\/wp-content\/uploads\/2024\/09\/pidio-licencia-el-ministro-cordobes-imputado-por-violencia-de-genero.gif\" width=\"900\" alt><\/a><\/div>\n<\/div>\n<\/div>\n<\/div>\n<\/div>\n<p>La entrada <a rel=\"nofollow\" href=\"https:\/\/ladecimaweb.com\/pidio-licencia-el-ministro-cordobes-imputado-por-violencia-de-genero\/\">Pidi\u00f3 licencia el ministro cordob\u00e9s imputado por violencia de g\u00e9nero<\/a> se public\u00f3 primero en <a rel=\"nofollow\" href=\"https:\/\/ladecimaweb.com\">LaDecima<\/a>.<\/p>\n","protected":false},"excerpt":{"rendered":"<p>(NA) El ministro de Cooperativas y Mutuales de C\u00f3rdoba, Mart\u00edn Gill, quien se encuentra imputado en una causa por violencia de g\u00e9nero, tom\u00f3 licencia sin goce de sueldo. As\u00ed lo inform\u00f3 el Gobierno de C\u00f3rdoba, que tambi\u00e9n indic\u00f3 que la decisi\u00f3n del funcionario &#8220;obedece a temas estrictamente personales&#8221;, y que se apart\u00f3 del cargo para [&hellip;]<\/p>\n","protected":false},"author":1,"featured_media":0,"comment_status":"closed","ping_status":"closed","sticky":false,"template":"","format":"standard","meta":[],"categories":[32],"tags":[],"_links":{"self":[{"href":"http:\/\/hoycordobaweb.com\/index.php\/wp-json\/wp\/v2\/posts\/83159"}],"collection":[{"href":"http:\/\/hoycordobaweb.com\/index.php\/wp-json\/wp\/v2\/posts"}],"about":[{"href":"http:\/\/hoycordobaweb.com\/index.php\/wp-json\/wp\/v2\/types\/post"}],"author":[{"embeddable":true,"href":"http:\/\/hoycordobaweb.com\/index.php\/wp-json\/wp\/v2\/users\/1"}],"replies":[{"embeddable":true,"href":"http:\/\/hoycordobaweb.com\/index.php\/wp-json\/wp\/v2\/comments?post=83159"}],"version-history":[{"count":0,"href":"http:\/\/hoycordobaweb.com\/index.php\/wp-json\/wp\/v2\/posts\/83159\/revisions"}],"wp:attachment":[{"href":"http:\/\/hoycordobaweb.com\/index.php\/wp-json\/wp\/v2\/media?parent=83159"}],"wp:term":[{"taxonomy":"category","embeddable":true,"href":"http:\/\/hoycordobaweb.com\/index.php\/wp-json\/wp\/v2\/categories?post=83159"},{"taxonomy":"post_tag","embeddable":true,"href":"http:\/\/hoycordobaweb.com\/index.php\/wp-json\/wp\/v2\/tags?post=83159"}],"curies":[{"name":"wp","href":"https:\/\/api.w.org\/{rel}","templated":true}]}}