{"id":83135,"date":"2024-09-15T17:45:59","date_gmt":"2024-09-15T17:45:59","guid":{"rendered":"https:\/\/cordobaturismo.gov.ar\/?p=893731"},"modified":"2024-09-15T17:45:59","modified_gmt":"2024-09-15T17:45:59","slug":"miles-de-peregrinos-recorrieron-el-camino-de-brochero-en-conmemoracion-del-aniversario-de-su-beatificacion","status":"publish","type":"post","link":"http:\/\/hoycordobaweb.com\/index.php\/2024\/09\/15\/miles-de-peregrinos-recorrieron-el-camino-de-brochero-en-conmemoracion-del-aniversario-de-su-beatificacion\/","title":{"rendered":"Miles de peregrinos recorrieron \u201cEl Camino de Brochero\u201d en conmemoraci\u00f3n del aniversario de su beatificaci\u00f3n"},"content":{"rendered":"<p>Este s\u00e1bado 14 de septiembre, miles de fieles participaron en la tradicional peregrinaci\u00f3n por \u201cEl Camino de Brochero\u201d, un recorrido de 28 kil\u00f3metros que honra al primer santo argentino, Jos\u00e9 Gabriel Brochero, en el 11\u00ba aniversario de su beatificaci\u00f3n.<\/p>\n<p>El evento fue organizado por la Municipalidad de Villa Cura Brochero, la Di\u00f3cesis de Cruz del Eje y el Santuario Nuestra Se\u00f1ora del Tr\u00e1nsito y Santo Cura Brochero.<\/p>\n<p>Los peregrinos partieron desde el paraje serrano de Giulio Cesare, en las Altas Cumbres, a las 7 de la ma\u00f1ana, llegando a Villa Cura Brochero despu\u00e9s de una caminata de entre 5 y 7 horas. Este sendero, que cada a\u00f1o convoca a devotos de todo el pa\u00eds, celebra el legado del Santo Cura Brochero, quien dedic\u00f3 su vida al servicio de los m\u00e1s humildes.<\/p>\n<p>Durante el recorrido, los participantes contaron con puestos sanitarios, de hidrataci\u00f3n, ba\u00f1os qu\u00edmicos y un amplio operativo de seguridad a cargo de diversas instituciones.<\/p>\n<p>El evento no solo es un acto de fe, sino tambi\u00e9n una muestra del creciente inter\u00e9s por el <strong>turismo religioso en C\u00f3rdoba<\/strong>, una provincia que destaca por su rica historia religiosa y jesu\u00edtica. La figura de Jos\u00e9 Gabriel Brochero, canonizado por el Vaticano en 2016, sigue siendo un s\u00edmbolo de devoci\u00f3n que atrae a miles de personas a\u00f1o tras a\u00f1o.<\/p>\n<figure class=\"wp-block-gallery has-nested-images columns-default is-cropped wp-block-gallery-1 is-layout-flex wp-block-gallery-is-layout-flex\">\n<figure class=\"wp-block-image size-large\"><img loading=\"lazy\" fetchpriority=\"high\" decoding=\"async\" width=\"1024\" height=\"576\" data-id=\"893736\" src=\"http:\/\/hoycordobaweb.com\/wp-content\/uploads\/2024\/09\/miles-de-peregrinos-recorrieron-el-camino-de-brochero-en-conmemoracion-del-aniversario-de-su-beatificacion.jpg\" alt class=\"wp-image-893736\" srcset=\"http:\/\/hoycordobaweb.com\/wp-content\/uploads\/2024\/09\/miles-de-peregrinos-recorrieron-el-camino-de-brochero-en-conmemoracion-del-aniversario-de-su-beatificacion.jpg 1024w, http:\/\/hoycordobaweb.com\/wp-content\/uploads\/2024\/09\/miles-de-peregrinos-recorrieron-el-camino-de-brochero-en-conmemoracion-del-aniversario-de-su-beatificacion-5.jpg 300w, http:\/\/hoycordobaweb.com\/wp-content\/uploads\/2024\/09\/miles-de-peregrinos-recorrieron-el-camino-de-brochero-en-conmemoracion-del-aniversario-de-su-beatificacion-6.jpg 768w, http:\/\/hoycordobaweb.com\/wp-content\/uploads\/2024\/09\/miles-de-peregrinos-recorrieron-el-camino-de-brochero-en-conmemoracion-del-aniversario-de-su-beatificacion-7.jpg 1536w, http:\/\/hoycordobaweb.com\/wp-content\/uploads\/2024\/09\/miles-de-peregrinos-recorrieron-el-camino-de-brochero-en-conmemoracion-del-aniversario-de-su-beatificacion-8.jpg 2048w\" sizes=\"(max-width: 1024px) 100vw, 1024px\"><\/figure>\n<figure class=\"wp-block-image size-large\"><img loading=\"lazy\" decoding=\"async\" width=\"1024\" height=\"576\" data-id=\"893735\" src=\"http:\/\/hoycordobaweb.com\/wp-content\/uploads\/2024\/09\/miles-de-peregrinos-recorrieron-el-camino-de-brochero-en-conmemoracion-del-aniversario-de-su-beatificacion-1.jpg\" alt class=\"wp-image-893735\" srcset=\"http:\/\/hoycordobaweb.com\/wp-content\/uploads\/2024\/09\/miles-de-peregrinos-recorrieron-el-camino-de-brochero-en-conmemoracion-del-aniversario-de-su-beatificacion-1.jpg 1024w, http:\/\/hoycordobaweb.com\/wp-content\/uploads\/2024\/09\/miles-de-peregrinos-recorrieron-el-camino-de-brochero-en-conmemoracion-del-aniversario-de-su-beatificacion-9.jpg 300w, http:\/\/hoycordobaweb.com\/wp-content\/uploads\/2024\/09\/miles-de-peregrinos-recorrieron-el-camino-de-brochero-en-conmemoracion-del-aniversario-de-su-beatificacion-10.jpg 768w, http:\/\/hoycordobaweb.com\/wp-content\/uploads\/2024\/09\/miles-de-peregrinos-recorrieron-el-camino-de-brochero-en-conmemoracion-del-aniversario-de-su-beatificacion-11.jpg 1280w\" sizes=\"(max-width: 1024px) 100vw, 1024px\"><\/figure>\n<figure class=\"wp-block-image size-large\"><img loading=\"lazy\" decoding=\"async\" width=\"1024\" height=\"576\" data-id=\"893734\" src=\"http:\/\/hoycordobaweb.com\/wp-content\/uploads\/2024\/09\/miles-de-peregrinos-recorrieron-el-camino-de-brochero-en-conmemoracion-del-aniversario-de-su-beatificacion-2.jpg\" alt class=\"wp-image-893734\" srcset=\"http:\/\/hoycordobaweb.com\/wp-content\/uploads\/2024\/09\/miles-de-peregrinos-recorrieron-el-camino-de-brochero-en-conmemoracion-del-aniversario-de-su-beatificacion-2.jpg 1024w, http:\/\/hoycordobaweb.com\/wp-content\/uploads\/2024\/09\/miles-de-peregrinos-recorrieron-el-camino-de-brochero-en-conmemoracion-del-aniversario-de-su-beatificacion-12.jpg 300w, http:\/\/hoycordobaweb.com\/wp-content\/uploads\/2024\/09\/miles-de-peregrinos-recorrieron-el-camino-de-brochero-en-conmemoracion-del-aniversario-de-su-beatificacion-13.jpg 768w, http:\/\/hoycordobaweb.com\/wp-content\/uploads\/2024\/09\/miles-de-peregrinos-recorrieron-el-camino-de-brochero-en-conmemoracion-del-aniversario-de-su-beatificacion-14.jpg 1536w, http:\/\/hoycordobaweb.com\/wp-content\/uploads\/2024\/09\/miles-de-peregrinos-recorrieron-el-camino-de-brochero-en-conmemoracion-del-aniversario-de-su-beatificacion-15.jpg 2048w\" sizes=\"(max-width: 1024px) 100vw, 1024px\"><\/figure>\n<figure class=\"wp-block-image size-large\"><img loading=\"lazy\" decoding=\"async\" width=\"1024\" height=\"576\" data-id=\"893743\" src=\"http:\/\/hoycordobaweb.com\/wp-content\/uploads\/2024\/09\/miles-de-peregrinos-recorrieron-el-camino-de-brochero-en-conmemoracion-del-aniversario-de-su-beatificacion-3.jpg\" alt class=\"wp-image-893743\" srcset=\"http:\/\/hoycordobaweb.com\/wp-content\/uploads\/2024\/09\/miles-de-peregrinos-recorrieron-el-camino-de-brochero-en-conmemoracion-del-aniversario-de-su-beatificacion-3.jpg 1024w, http:\/\/hoycordobaweb.com\/wp-content\/uploads\/2024\/09\/miles-de-peregrinos-recorrieron-el-camino-de-brochero-en-conmemoracion-del-aniversario-de-su-beatificacion-16.jpg 300w, http:\/\/hoycordobaweb.com\/wp-content\/uploads\/2024\/09\/miles-de-peregrinos-recorrieron-el-camino-de-brochero-en-conmemoracion-del-aniversario-de-su-beatificacion-17.jpg 768w, http:\/\/hoycordobaweb.com\/wp-content\/uploads\/2024\/09\/miles-de-peregrinos-recorrieron-el-camino-de-brochero-en-conmemoracion-del-aniversario-de-su-beatificacion-18.jpg 1536w, http:\/\/hoycordobaweb.com\/wp-content\/uploads\/2024\/09\/miles-de-peregrinos-recorrieron-el-camino-de-brochero-en-conmemoracion-del-aniversario-de-su-beatificacion-19.jpg 1600w\" sizes=\"(max-width: 1024px) 100vw, 1024px\"><\/figure>\n<figure class=\"wp-block-image size-large\"><img loading=\"lazy\" decoding=\"async\" width=\"1024\" height=\"576\" data-id=\"893739\" src=\"http:\/\/hoycordobaweb.com\/wp-content\/uploads\/2024\/09\/miles-de-peregrinos-recorrieron-el-camino-de-brochero-en-conmemoracion-del-aniversario-de-su-beatificacion-4.jpg\" alt class=\"wp-image-893739\" srcset=\"http:\/\/hoycordobaweb.com\/wp-content\/uploads\/2024\/09\/miles-de-peregrinos-recorrieron-el-camino-de-brochero-en-conmemoracion-del-aniversario-de-su-beatificacion-4.jpg 1024w, http:\/\/hoycordobaweb.com\/wp-content\/uploads\/2024\/09\/miles-de-peregrinos-recorrieron-el-camino-de-brochero-en-conmemoracion-del-aniversario-de-su-beatificacion-20.jpg 300w, http:\/\/hoycordobaweb.com\/wp-content\/uploads\/2024\/09\/miles-de-peregrinos-recorrieron-el-camino-de-brochero-en-conmemoracion-del-aniversario-de-su-beatificacion-21.jpg 768w, http:\/\/hoycordobaweb.com\/wp-content\/uploads\/2024\/09\/miles-de-peregrinos-recorrieron-el-camino-de-brochero-en-conmemoracion-del-aniversario-de-su-beatificacion-22.jpg 1536w, http:\/\/hoycordobaweb.com\/wp-content\/uploads\/2024\/09\/miles-de-peregrinos-recorrieron-el-camino-de-brochero-en-conmemoracion-del-aniversario-de-su-beatificacion-23.jpg 2048w\" sizes=\"(max-width: 1024px) 100vw, 1024px\"><\/figure>\n<\/figure>\n","protected":false},"excerpt":{"rendered":"<p>Este s\u00e1bado 14 de septiembre, miles de fieles participaron en la tradicional peregrinaci\u00f3n por \u201cEl Camino de Brochero\u201d, un recorrido de 28 kil\u00f3metros que honra al primer santo argentino, Jos\u00e9 Gabriel Brochero, en el 11\u00ba aniversario de su beatificaci\u00f3n. El evento fue organizado por la Municipalidad de Villa Cura Brochero, la Di\u00f3cesis de Cruz del [&hellip;]<\/p>\n","protected":false},"author":1,"featured_media":83136,"comment_status":"closed","ping_status":"closed","sticky":false,"template":"","format":"standard","meta":[],"categories":[19],"tags":[],"_links":{"self":[{"href":"http:\/\/hoycordobaweb.com\/index.php\/wp-json\/wp\/v2\/posts\/83135"}],"collection":[{"href":"http:\/\/hoycordobaweb.com\/index.php\/wp-json\/wp\/v2\/posts"}],"about":[{"href":"http:\/\/hoycordobaweb.com\/index.php\/wp-json\/wp\/v2\/types\/post"}],"author":[{"embeddable":true,"href":"http:\/\/hoycordobaweb.com\/index.php\/wp-json\/wp\/v2\/users\/1"}],"replies":[{"embeddable":true,"href":"http:\/\/hoycordobaweb.com\/index.php\/wp-json\/wp\/v2\/comments?post=83135"}],"version-history":[{"count":0,"href":"http:\/\/hoycordobaweb.com\/index.php\/wp-json\/wp\/v2\/posts\/83135\/revisions"}],"wp:featuredmedia":[{"embeddable":true,"href":"http:\/\/hoycordobaweb.com\/index.php\/wp-json\/wp\/v2\/media\/83136"}],"wp:attachment":[{"href":"http:\/\/hoycordobaweb.com\/index.php\/wp-json\/wp\/v2\/media?parent=83135"}],"wp:term":[{"taxonomy":"category","embeddable":true,"href":"http:\/\/hoycordobaweb.com\/index.php\/wp-json\/wp\/v2\/categories?post=83135"},{"taxonomy":"post_tag","embeddable":true,"href":"http:\/\/hoycordobaweb.com\/index.php\/wp-json\/wp\/v2\/tags?post=83135"}],"curies":[{"name":"wp","href":"https:\/\/api.w.org\/{rel}","templated":true}]}}