{"id":83067,"date":"2024-09-14T12:06:23","date_gmt":"2024-09-14T12:06:23","guid":{"rendered":"https:\/\/ladecimaweb.com\/?p=29135"},"modified":"2024-09-14T12:06:23","modified_gmt":"2024-09-14T12:06:23","slug":"poliladron-detienen-a-un-agente-y-un-cabo-por-el-delito-de-encubrimiento-agravado","status":"publish","type":"post","link":"http:\/\/hoycordobaweb.com\/index.php\/2024\/09\/14\/poliladron-detienen-a-un-agente-y-un-cabo-por-el-delito-de-encubrimiento-agravado\/","title":{"rendered":"Poliladron: detienen a un agente y un cabo por el delito de encubrimiento agravado"},"content":{"rendered":"<div class=\"boldgrid-section\">\n<div class=\"container\">\n<div class=\"row\">\n<div class=\"col-md-12 col-xs-12 col-sm-12\">\n<p class>La Polic\u00eda de C\u00f3rdoba informa que en las \u00faltimas horas<strong> dos efectivos policiales<\/strong> que ostentan las jerarqu\u00edas de Agente y Cabo Primero <strong>fueron detenidos<\/strong> y trasladados a sede judicial, como supuestos autores del <strong>delito encubrimiento agravado.<\/strong><\/p>\n<p class>Tal medida fue dispuesta por la fiscal\u00eda de instrucci\u00f3n del distrito 1, turno 2 a cargo de Guillermo Gonz\u00e1lez en relaci\u00f3n al <strong>secuestro de telefon\u00eda celular<\/strong> en las instalaciones del Departamento Motocicletas Sur de B\u00ba Las Palmas, informado el pasado martes 10 del cte mes y a\u00f1o.<\/p>\n<p class>Cabe consignar, que en la faz administrativa tom\u00f3 conocimiento la Direcci\u00f3n General de Control de Conducta Policial quien a su vez dio inmediata participaci\u00f3n al Tribunal de Conducta de las Fuerzas de Seguridad.<\/p>\n<p>&nbsp;<\/p>\n<div class=\"ubm_banner\"><a href=\"https:\/\/desarrolloyempleo.cba.gov.ar\/\" target=\"_blank\" rel=\"dofollow noopener noreferrer\"><img src=\"http:\/\/hoycordobaweb.com\/wp-content\/uploads\/2024\/09\/poliladron-detienen-a-un-agente-y-un-cabo-por-el-delito-de-encubrimiento-agravado.gif\" width=\"900\" alt><\/a><\/div>\n<\/div>\n<\/div>\n<\/div>\n<\/div>\n<p>La entrada <a rel=\"nofollow\" href=\"https:\/\/ladecimaweb.com\/poliladron-detienen-a-un-agente-y-un-cabo-por-el-delito-de-encubrimiento-agravado\/\">Poliladron: detienen a un agente y un cabo por el delito de encubrimiento agravado<\/a> se public\u00f3 primero en <a rel=\"nofollow\" href=\"https:\/\/ladecimaweb.com\">LaDecima<\/a>.<\/p>\n","protected":false},"excerpt":{"rendered":"<p>La Polic\u00eda de C\u00f3rdoba informa que en las \u00faltimas horas dos efectivos policiales que ostentan las jerarqu\u00edas de Agente y Cabo Primero fueron detenidos y trasladados a sede judicial, como supuestos autores del delito encubrimiento agravado. Tal medida fue dispuesta por la fiscal\u00eda de instrucci\u00f3n del distrito 1, turno 2 a cargo de Guillermo Gonz\u00e1lez [&hellip;]<\/p>\n","protected":false},"author":1,"featured_media":0,"comment_status":"closed","ping_status":"closed","sticky":false,"template":"","format":"standard","meta":[],"categories":[32],"tags":[],"_links":{"self":[{"href":"http:\/\/hoycordobaweb.com\/index.php\/wp-json\/wp\/v2\/posts\/83067"}],"collection":[{"href":"http:\/\/hoycordobaweb.com\/index.php\/wp-json\/wp\/v2\/posts"}],"about":[{"href":"http:\/\/hoycordobaweb.com\/index.php\/wp-json\/wp\/v2\/types\/post"}],"author":[{"embeddable":true,"href":"http:\/\/hoycordobaweb.com\/index.php\/wp-json\/wp\/v2\/users\/1"}],"replies":[{"embeddable":true,"href":"http:\/\/hoycordobaweb.com\/index.php\/wp-json\/wp\/v2\/comments?post=83067"}],"version-history":[{"count":0,"href":"http:\/\/hoycordobaweb.com\/index.php\/wp-json\/wp\/v2\/posts\/83067\/revisions"}],"wp:attachment":[{"href":"http:\/\/hoycordobaweb.com\/index.php\/wp-json\/wp\/v2\/media?parent=83067"}],"wp:term":[{"taxonomy":"category","embeddable":true,"href":"http:\/\/hoycordobaweb.com\/index.php\/wp-json\/wp\/v2\/categories?post=83067"},{"taxonomy":"post_tag","embeddable":true,"href":"http:\/\/hoycordobaweb.com\/index.php\/wp-json\/wp\/v2\/tags?post=83067"}],"curies":[{"name":"wp","href":"https:\/\/api.w.org\/{rel}","templated":true}]}}