{"id":82971,"date":"2024-09-12T00:21:13","date_gmt":"2024-09-12T00:21:13","guid":{"rendered":"https:\/\/www.ole.com.ar\/futbol-internacional\/eliminatorias\/seleccion-paraguay-gustavo-alfaro-equipo-elimnatorias-triunfo-brasil_0_RtaYwzoJkj.html"},"modified":"2024-09-12T00:21:13","modified_gmt":"2024-09-12T00:21:13","slug":"revolucion-alfaro-asi-zamarreo-el-arbol-para-gestar-la-gran-levantada-de-paraguay","status":"publish","type":"post","link":"http:\/\/hoycordobaweb.com\/index.php\/2024\/09\/12\/revolucion-alfaro-asi-zamarreo-el-arbol-para-gestar-la-gran-levantada-de-paraguay\/","title":{"rendered":"Revoluci\u00f3n Alfaro: as\u00ed \u00abzamarre\u00f3 el \u00e1rbol\u00bb para gestar la gran levantada de Paraguay"},"content":{"rendered":"<p><img src=\"http:\/\/hoycordobaweb.com\/wp-content\/uploads\/2024\/09\/revolucion-alfaro-asi-zamarreo-el-arbol-para-gestar-la-gran-levantada-de-paraguay.jpg\"><\/p>\n<p><time class=\"createDate\" datetime=\"2024-09-11T21:21:13-03:00\">11\/09\/2024 21:21hs.<\/time><\/p>\n<div id=\"storyBody\">\n<div class=\"custom-text \" readability=\"40.375690607735\">\n<p>El efecto de su llegada fue inmediato. <a href=\"https:\/\/www.ole.com.ar\/tema\/gustavo-alfaro.html\" title=\"Gustavo Alfaro\" alt=\"Gustavo Alfaro\" class=\"slug\">Gustavo Alfaro<\/a> carg\u00f3 sobre sus espaldas una pesada mochila y no tard\u00f3 en empezar a levantar vuelo. El experimentado entrenador de 62 a\u00f1os, viejo sabio de la tribu, revitaliz\u00f3 a un <a href=\"https:\/\/www.ole.com.ar\/tema\/paraguay.html\" title=\"Paraguay\" alt=\"Paraguay\" class=\"slug\">Paraguay<\/a> que en los \u00faltimos tiempos se hab\u00eda acostumbrado a convivir con la frustraci\u00f3n, que <strong>hab\u00eda tenido un arranque muy flojo en las primeras seis fechas de las <a href=\"https:\/\/www.ole.com.ar\/tema\/eliminatorias-sudamericanas.html\" title=\"Eliminatorias Sudamericanas\" alt=\"Eliminatorias Sudamericanas\" class=\"slug\">Eliminatorias<\/a> y que ven\u00eda de terminar \u00faltimo sin sumar puntos en el Grupo D de la Copa Am\u00e9rica<\/strong>. El conjunto guaran\u00ed sorprendi\u00f3: <strong>rescat\u00f3 un valioso empate en Montevideo contra Uruguay (0-0) y logr\u00f3 una gran victoria frente a Brasil (1-0)<\/strong>, en Asunci\u00f3n, para meter al equipo en zona de repechaje para la Copa del Mundo. Con el triunfo, la Albirroja <strong>volvi\u00f3 a festejar en un duelo oficial por los puntos tras casi 11 meses<\/strong>: la \u00faltima alegr\u00eda hab\u00eda sido el 17 de octubre del a\u00f1o pasado ante Bolivia, por 1-0.<\/p>\n<\/div>\n<div class=\"custom-text \" readability=\"39\">\n<p>A Lechuga no lo amedrent\u00f3 el desaf\u00edo. El 26 de agosto firm\u00f3 un contrato cuya caducidad depender\u00e1 de la meta que alcance el equipo: ser\u00e1 hasta el final de las Eliminatorias o el Mundial. Todo un s\u00edntoma de la convicci\u00f3n del entrenador hacia la materia prima disponible y tambi\u00e9n a sus condiciones para potenciar a los futbolistas.<strong> \u201cLo que todos buscamos es tener esa gran chance, esa linda posibilidad, que \u00faltimamente le ha sido esquiva a Paraguay, que es participar de un Mundial\u201d<\/strong>, fue lo primero que coment\u00f3 Alfaro. Y avis\u00f3: <strong>\u201cHay que sacar puntos contra todos\u201d.<\/strong><\/p>\n<\/div>\n<div class=\"custom-text \" readability=\"37\">\n<p>El comienzo de su ciclo estuvo a la altura del entusiasmo que contagi\u00f3 apenas puso un pie en Paraguay. Fue un arranque prometedor que trascendi\u00f3 al enorme valor de los resultados. La Albirroja fue superior a Uruguay: impuso su juego, le generaron pocas situaciones y el encuentro se disput\u00f3 como quiso Alfaro. Lo mismo sucedi\u00f3 ante Brasil, que no encontr\u00f3 la forma de romper el cerrojo de un conjunto gran\u00edtico y pragm\u00e1tico.<\/p>\n<\/div>\n<div class=\"sc-e7b891c4-0 ifHnQL\"><img alt=\"Gustavo Alfaro, entrenador de Paraguay, les habla a sus jugadores en el vestuario tras vencer a Brasil, por las Eliminatorias. (Foto: @Albirroja)\" loading=\"lazy\" width=\"720\" height=\"100\" decoding=\"async\" data-nimg=\"1\" src=\"http:\/\/hoycordobaweb.com\/wp-content\/uploads\/2024\/09\/revolucion-alfaro-asi-zamarreo-el-arbol-para-gestar-la-gran-levantada-de-paraguay-2.jpg\"><span class=\"epigraphe\">Gustavo Alfaro, entrenador de Paraguay, les habla a sus jugadores en el vestuario tras vencer a Brasil, por las Eliminatorias. (Foto: @Albirroja)<\/span><\/div>\n<p><h2>La <strong>euforia <\/strong>tras vencer a Brasil<\/h2>\n<\/p>\n<div class=\"custom-text \" readability=\"37\">\n<p><strong>\u201c\u00a1Vamos que nos vamos al Mundial! \u00a1Dale!\u201d<\/strong>, les grit\u00f3 el entrenador argentino a Dami\u00e1n Bobadilla y Julio Enciso mientras ambos se dirig\u00edan hacia el vestuario tras la victoria ante la Verdeamarela. La euforia no era para menos: Paraguay llevaba 16 a\u00f1os sin derrotar a Brasil.<strong> \u201cLo \u00fanico que tuve que hacer es zamarrear un poquito el \u00e1rbol para que se caigan las ara\u00f1as y nos demos cuenta que ese \u00e1rbol est\u00e1 lleno de frutos para cuidar\u201d<\/strong>, cont\u00f3 Lechuga.<\/p>\n<\/div>\n<div class=\"custom-text \" readability=\"42\">\n<p><strong>Alfaro sorprendi\u00f3 con algunas decisiones<\/strong>, como la titularidad de Isidro Pitta, delantero de Cuiaba que con 25 a\u00f1os tuvo su primera vez en la selecci\u00f3n. Tambi\u00e9n con la presencia del lateral Juan C\u00e1ceres, de Lan\u00fas. Recuper\u00f3 al arquero Gatito Fern\u00e1ndez, que no jugaba desde 2020, y mantuvo a algunos hist\u00f3ricos como Gustavo G\u00f3mez, Enciso y Miguel Almir\u00f3n. M\u00e1s all\u00e1 de los nombres y de sostenerse desde el orden, tambi\u00e9n apunt\u00f3 a potenciar an\u00edmicamente a los jugadores.<\/p>\n<\/div>\n<div class=\"custom-text \" readability=\"36\">\n<p><strong>\u201cFue tremendo y dif\u00edcil el partido porque tiene mucha jerarqu\u00eda Brasil. Sirve mucho este resultado para creer. Lo muchachos est\u00e1n confiando y empiezan a aparecer cosas\u201d<\/strong>, le coment\u00f3 Alfaro a este diario, el hombre que restituy\u00f3 la esperanza en Paraguay.<\/p>\n<\/div>\n<div class=\"sc-a7166897-0 eoLsBE\" readability=\"7\">\n<section readability=\"4\"><picture><img alt=\"Brasil, en crisis: desde el Mundial de Qatar hasta la pobre performance en las Eliminatorias\" loading=\"lazy\" width=\"290\" height=\"290\" decoding=\"async\" data-nimg=\"1\" src=\"http:\/\/hoycordobaweb.com\/wp-content\/uploads\/2024\/09\/revolucion-alfaro-asi-zamarreo-el-arbol-para-gestar-la-gran-levantada-de-paraguay-3.jpg\"><\/picture>\n<p><span>Mir\u00e1 tambi\u00e9n<\/span><\/p>\n<hr>\n<h3>Brasil, en crisis: desde el Mundial de Qatar hasta la pobre performance en las Eliminatorias<\/h3>\n<\/p>\n<\/section>\n<\/div>\n<div class=\"sc-a7166897-0 eoLsBE\" readability=\"6.5\">\n<section readability=\"3\"><picture><img alt=\"El parte de la Selecci\u00f3n: los puntos altos de Argentina en esta doble fecha de Eliminatorias\" loading=\"lazy\" width=\"290\" height=\"290\" decoding=\"async\" data-nimg=\"1\" src=\"http:\/\/hoycordobaweb.com\/wp-content\/uploads\/2024\/09\/revolucion-alfaro-asi-zamarreo-el-arbol-para-gestar-la-gran-levantada-de-paraguay-4.jpg\"><\/picture>\n<p><span>Mir\u00e1 tambi\u00e9n<\/span><\/p>\n<hr>\n<h3>El parte de la Selecci\u00f3n: los puntos altos de Argentina en esta doble fecha de Eliminatorias<\/h3>\n<\/p>\n<\/section>\n<\/div>\n<div class=\"sc-a7166897-0 eoLsBE\" readability=\"7.5\">\n<section readability=\"5\"><picture><img alt=\"Alfaro, tras el triunfazo ante Brasil: &quot;Hoy siento que Paraguay es Paraguay, recuperamos cosas que nos identifican&quot;\" loading=\"lazy\" width=\"290\" height=\"290\" decoding=\"async\" data-nimg=\"1\" src=\"http:\/\/hoycordobaweb.com\/wp-content\/uploads\/2024\/09\/revolucion-alfaro-asi-zamarreo-el-arbol-para-gestar-la-gran-levantada-de-paraguay-5.jpg\"><\/picture>\n<p><span>Mir\u00e1 tambi\u00e9n<\/span><\/p>\n<hr>\n<h3>Alfaro, tras el triunfazo ante Brasil: \u00abHoy siento que Paraguay es Paraguay, recuperamos cosas que nos identifican\u00bb<\/h3>\n<\/p>\n<\/section>\n<\/div>\n<div class=\"sc-a7166897-0 eoLsBE\" readability=\"6.5\">\n<section readability=\"3\"><picture><img alt=\"Uno por uno: los jugadores del f\u00fatbol argentino que disputaron esta doble fecha de las&nbsp;Eliminatorias\" loading=\"lazy\" width=\"290\" height=\"290\" decoding=\"async\" data-nimg=\"1\" src=\"http:\/\/hoycordobaweb.com\/wp-content\/uploads\/2024\/09\/revolucion-alfaro-asi-zamarreo-el-arbol-para-gestar-la-gran-levantada-de-paraguay-6.jpg\"><\/picture>\n<p><span>Mir\u00e1 tambi\u00e9n<\/span><\/p>\n<hr>\n<h3>Uno por uno: los jugadores del f\u00fatbol argentino que disputaron esta doble fecha de las&nbsp;Eliminatorias<\/h3>\n<\/p>\n<\/section>\n<\/div>\n<div class=\"sc-a7166897-0 eoLsBE\" readability=\"6\">\n<section readability=\"2\"><picture><img alt=\"El pedido de disculpas de Vinicius a los brasile\u00f1os tras la derrota ante Paraguay\" loading=\"lazy\" width=\"290\" height=\"290\" decoding=\"async\" data-nimg=\"1\" src=\"http:\/\/hoycordobaweb.com\/wp-content\/uploads\/2024\/09\/revolucion-alfaro-asi-zamarreo-el-arbol-para-gestar-la-gran-levantada-de-paraguay-7.jpg\"><\/picture>\n<p><span>Mir\u00e1 tambi\u00e9n<\/span><\/p>\n<hr>\n<h3>El pedido de disculpas de Vinicius a los brasile\u00f1os tras la derrota ante Paraguay<\/h3>\n<\/p>\n<\/section>\n<\/div>\n<div class=\"sc-a7166897-0 eoLsBE\" readability=\"6\">\n<section readability=\"2\"><picture><img alt=\"Viral: los mejores memes de la derrota de Brasil ante Paraguay\" loading=\"lazy\" width=\"290\" height=\"290\" decoding=\"async\" data-nimg=\"1\" src=\"http:\/\/hoycordobaweb.com\/wp-content\/uploads\/2024\/09\/revolucion-alfaro-asi-zamarreo-el-arbol-para-gestar-la-gran-levantada-de-paraguay-8.jpg\"><\/picture>\n<p><span>Mir\u00e1 tambi\u00e9n<\/span><\/p>\n<hr>\n<h3>Viral: los mejores memes de la derrota de Brasil ante Paraguay<\/h3>\n<\/p>\n<\/section>\n<\/div>\n<\/div>\n","protected":false},"excerpt":{"rendered":"<p>11\/09\/2024 21:21hs. El efecto de su llegada fue inmediato. Gustavo Alfaro carg\u00f3 sobre sus espaldas una pesada mochila y no tard\u00f3 en empezar a levantar vuelo. El experimentado entrenador de 62 a\u00f1os, viejo sabio de la tribu, revitaliz\u00f3 a un Paraguay que en los \u00faltimos tiempos se hab\u00eda acostumbrado a convivir con la frustraci\u00f3n, que [&hellip;]<\/p>\n","protected":false},"author":1,"featured_media":82972,"comment_status":"open","ping_status":"closed","sticky":false,"template":"","format":"standard","meta":[],"categories":[16],"tags":[],"_links":{"self":[{"href":"http:\/\/hoycordobaweb.com\/index.php\/wp-json\/wp\/v2\/posts\/82971"}],"collection":[{"href":"http:\/\/hoycordobaweb.com\/index.php\/wp-json\/wp\/v2\/posts"}],"about":[{"href":"http:\/\/hoycordobaweb.com\/index.php\/wp-json\/wp\/v2\/types\/post"}],"author":[{"embeddable":true,"href":"http:\/\/hoycordobaweb.com\/index.php\/wp-json\/wp\/v2\/users\/1"}],"replies":[{"embeddable":true,"href":"http:\/\/hoycordobaweb.com\/index.php\/wp-json\/wp\/v2\/comments?post=82971"}],"version-history":[{"count":0,"href":"http:\/\/hoycordobaweb.com\/index.php\/wp-json\/wp\/v2\/posts\/82971\/revisions"}],"wp:featuredmedia":[{"embeddable":true,"href":"http:\/\/hoycordobaweb.com\/index.php\/wp-json\/wp\/v2\/media\/82972"}],"wp:attachment":[{"href":"http:\/\/hoycordobaweb.com\/index.php\/wp-json\/wp\/v2\/media?parent=82971"}],"wp:term":[{"taxonomy":"category","embeddable":true,"href":"http:\/\/hoycordobaweb.com\/index.php\/wp-json\/wp\/v2\/categories?post=82971"},{"taxonomy":"post_tag","embeddable":true,"href":"http:\/\/hoycordobaweb.com\/index.php\/wp-json\/wp\/v2\/tags?post=82971"}],"curies":[{"name":"wp","href":"https:\/\/api.w.org\/{rel}","templated":true}]}}