{"id":82932,"date":"2024-09-12T06:00:51","date_gmt":"2024-09-12T06:00:51","guid":{"rendered":"https:\/\/www.mujerhoy.com\/moda\/no-te-pierdas\/novedades-sfera-vestidos-boho-zapatos-entretiempo-basicos-2024-20240912075910-nt.html"},"modified":"2024-09-12T06:00:51","modified_gmt":"2024-09-12T06:00:51","slug":"las-compras-de-la-semana-de-sfera-de-los-vestidos-boho-mas-espectaculares-a-los-zapatos-mas-elegantes","status":"publish","type":"post","link":"http:\/\/hoycordobaweb.com\/index.php\/2024\/09\/12\/las-compras-de-la-semana-de-sfera-de-los-vestidos-boho-mas-espectaculares-a-los-zapatos-mas-elegantes\/","title":{"rendered":"Las compras de la semana de Sfera: de los vestidos boho m\u00e1s espectaculares a los zapatos m\u00e1s elegantes"},"content":{"rendered":"<p><!-- AUTHOR --> <\/p>\n<div class=\"voc-author-timesocial \"> <!-- AUTHOR --> <\/p>\n<div class=\"voc-author-timesocial__signature \">\n<div class=\"voc-author-timesocial__img-c\"> <!-- IMAGE AUTHOR --> <picture class=\"voc-image-signature\"> <img class=\"voc-image-signature__img\" src=\"http:\/\/hoycordobaweb.com\/wp-content\/uploads\/2024\/09\/las-compras-de-la-semana-de-sfera-de-los-vestidos-boho-mas-espectaculares-a-los-zapatos-mas-elegantes.jpg\" alt=\"Gemma Cano\"> <\/picture> <\/div>\n<p> <!-- INFO AUTHOR --> <\/p>\n<div class=\"voc-author-timesocial__info\" data-mrf-recirculation=\"Autor\">\n<div class=\"voc-author-info\"> <author> <a class=\"voc-author\" href=\"https:\/\/www.mujerhoy.com\/autor\/gemma-cano-1220.html\" data-mrf-link=\"https:\/\/www.mujerhoy.com\/autor\/gemma-cano-1220.html\">Gemma Cano<\/a> <\/author> <time datetime=\"2024-09-12T06:00:51Z\" data-timestamp>Publicado \u00b7 <span data-voc-date-modified-short>12 de septiembre de 2024, 08:00 h<\/span><\/time> <\/div><\/div><\/div><\/div>\n<p> <!-- COMPONENTS --> <\/p>\n<p class=\"voc-paragraph\" data-mrf-recirculation=\"Link art\u00edculo\">Con la llegada del mes de septiembre, ya podemos dar rienda suelta a nuestra imaginaci\u00f3n y empezar a pensar en&nbsp;<br \/>\n<strong>los primeros looks oto\u00f1ales<\/strong>. Por eso, ahora m\u00e1s que nunca necesitamos muchas ideas de shopping, que nos resolver\u00e1n de un plumazo todos&nbsp;los looks que llevaremos durante la recta final del a\u00f1o. <\/p>\n<p class=\"voc-paragraph\" data-mrf-recirculation=\"Link art\u00edculo\">\u00bfQu\u00e9 nos propone&nbsp;Sfera esta semana?&nbsp;Su secci\u00f3n de novedades llega cargada con propuestas realmente interesantes&nbsp;para las amantes del estilo bohemio:&nbsp;<br \/>\n<a data-voc-vtm-id=\"in-text-traffic\" href=\"https:\/\/www.mujerhoy.com\/moda\/no-te-pierdas\/vestidos-largos-verano-virales-instagram-massimo-dutti-20240804134413-nt.html\" data-mrf-link=\"https:\/\/www.mujerhoy.com\/moda\/no-te-pierdas\/vestidos-largos-verano-virales-instagram-massimo-dutti-20240804134413-nt.html\">vestidos largos<\/a> de colores, bolsos en colores neutros, <a data-voc-vtm-id=\"in-text-traffic\" href=\"https:\/\/www.mujerhoy.com\/moda\/no-te-pierdas\/chaquetas-entretiempo-tendencia-looks-otono-elegantes-comodas-baratas-20240830130840-nt.html\" data-mrf-link=\"https:\/\/www.mujerhoy.com\/moda\/no-te-pierdas\/chaquetas-entretiempo-tendencia-looks-otono-elegantes-comodas-baratas-20240830130840-nt.html\">chaquetas de entretiempo<\/a> y&nbsp;muchas otras <strong>ideas que no puedes dejar escapar<\/strong>. \u00bfCu\u00e1l es tu favorito de la semana?\n<\/p>\n<div class=\"voc-detail-photo-zoom\"> <picture data-toggle=\"modal\" data-target=\"#photoZoomModal-386\" target=\"modal\">\n<div class=\"voc-img-icon-link\"> <img loading=\"lazy\" src=\"http:\/\/hoycordobaweb.com\/wp-content\/uploads\/2024\/09\/las-compras-de-la-semana-de-sfera-de-los-vestidos-boho-mas-espectaculares-a-los-zapatos-mas-elegantes-1.jpg\" width=\"460\" height=\"637\" alt=\"Vestido estampado de Sfera (59,99 euros)\"> <noscript> <img src=\"http:\/\/hoycordobaweb.com\/wp-content\/uploads\/2024\/09\/las-compras-de-la-semana-de-sfera-de-los-vestidos-boho-mas-espectaculares-a-los-zapatos-mas-elegantes-1.jpg\" alt=\"Vestido estampado de Sfera (59,99 euros)\"> <\/noscript> <i class=\"voc-icons zoom voc-multimedia-box voc-ico-l\"><\/i> <\/div><figcaption class=\"figure-caption\">Vestido estampado de Sfera (59,99 euros)<\/figcaption><\/picture>\n<\/div>\n<div id=\"photoZoomModal-386\" class=\"voc-lightbox modal fade voc-lightbox--photo-zoom\" role=\"dialog\" data-voc-photozoom-lightbox>\n<div class=\"voc-lightbox__dialog\" role=\"document\">\n<div class=\"voc-lightbox__content\"> <!-- Modal header --> <!-- Modal content --> <\/p>\n<div class=\"voc-lightbox__photo-container\"> <picture class> <img loading=\"lazy\" src=\"http:\/\/hoycordobaweb.com\/wp-content\/uploads\/2024\/09\/las-compras-de-la-semana-de-sfera-de-los-vestidos-boho-mas-espectaculares-a-los-zapatos-mas-elegantes-1.jpg\" alt=\"Vestido estampado de Sfera (59,99 euros)\"> <noscript> <img src=\"http:\/\/hoycordobaweb.com\/wp-content\/uploads\/2024\/09\/las-compras-de-la-semana-de-sfera-de-los-vestidos-boho-mas-espectaculares-a-los-zapatos-mas-elegantes-1.jpg\" alt=\"Vestido estampado de Sfera (59,99 euros)\"> <\/noscript> <\/picture> <\/div><\/div><\/div>\n<\/div>\n<p><h3 class=\"voc-detail__title\"> Vestido estampado de Sfera (59,99 euros)<br \/>\n<\/h3>\n<\/p>\n<p class=\"voc-paragraph\" data-mrf-recirculation=\"Link art\u00edculo\">Si quieres incorporar un nuevo dise\u00f1o a tu colecci\u00f3n de entretiempo, apuesta por estos bonitos dise\u00f1os de aires bohemios.\n<\/p>\n<div class=\"voc-detail-photo-zoom\"> <picture data-toggle=\"modal\" data-target=\"#photoZoomModal-335\" target=\"modal\">\n<div class=\"voc-img-icon-link\"> <img loading=\"lazy\" src=\"http:\/\/hoycordobaweb.com\/wp-content\/uploads\/2024\/09\/las-compras-de-la-semana-de-sfera-de-los-vestidos-boho-mas-espectaculares-a-los-zapatos-mas-elegantes.webp\" width=\"460\" height=\"637\" alt=\"Bolso rojo de Sfera (16,95 euros)\"> <noscript> <img src=\"http:\/\/hoycordobaweb.com\/wp-content\/uploads\/2024\/09\/las-compras-de-la-semana-de-sfera-de-los-vestidos-boho-mas-espectaculares-a-los-zapatos-mas-elegantes.webp\" alt=\"Bolso rojo de Sfera (16,95 euros)\"> <\/noscript> <i class=\"voc-icons zoom voc-multimedia-box voc-ico-l\"><\/i> <\/div><figcaption class=\"figure-caption\">Bolso rojo de Sfera (16,95 euros)<\/figcaption><\/picture>\n<\/div>\n<div id=\"photoZoomModal-335\" class=\"voc-lightbox modal fade voc-lightbox--photo-zoom\" role=\"dialog\" data-voc-photozoom-lightbox>\n<div class=\"voc-lightbox__dialog\" role=\"document\">\n<div class=\"voc-lightbox__content\"> <!-- Modal header --> <!-- Modal content --> <\/p>\n<div class=\"voc-lightbox__photo-container\"> <picture class> <img loading=\"lazy\" src=\"http:\/\/hoycordobaweb.com\/wp-content\/uploads\/2024\/09\/las-compras-de-la-semana-de-sfera-de-los-vestidos-boho-mas-espectaculares-a-los-zapatos-mas-elegantes.webp\" alt=\"Bolso rojo de Sfera (16,95 euros)\"> <noscript> <img src=\"http:\/\/hoycordobaweb.com\/wp-content\/uploads\/2024\/09\/las-compras-de-la-semana-de-sfera-de-los-vestidos-boho-mas-espectaculares-a-los-zapatos-mas-elegantes.webp\" alt=\"Bolso rojo de Sfera (16,95 euros)\"> <\/noscript> <\/picture> <\/div><\/div><\/div>\n<\/div>\n<p><h3 class=\"voc-detail__title\"> Bolso rojo de Sfera (16,95 euros)<br \/>\n<\/h3>\n<\/p>\n<p class=\"voc-paragraph\" data-mrf-recirculation=\"Link art\u00edculo\">Con la llegada de la nueva temporada, siempre resurgen este tipo de accesorios, que podr\u00e1s lucir durante los pr\u00f3ximos meses.\n<\/p>\n<div class=\"voc-detail-photo-zoom\"> <picture data-toggle=\"modal\" data-target=\"#photoZoomModal-319\" target=\"modal\">\n<div class=\"voc-img-icon-link\"> <img loading=\"lazy\" src=\"http:\/\/hoycordobaweb.com\/wp-content\/uploads\/2024\/09\/las-compras-de-la-semana-de-sfera-de-los-vestidos-boho-mas-espectaculares-a-los-zapatos-mas-elegantes-2.jpg\" width=\"460\" height=\"637\" alt=\"Camisa blanca de Sfera (29,99 euros)\"> <noscript> <img src=\"http:\/\/hoycordobaweb.com\/wp-content\/uploads\/2024\/09\/las-compras-de-la-semana-de-sfera-de-los-vestidos-boho-mas-espectaculares-a-los-zapatos-mas-elegantes-2.jpg\" alt=\"Camisa blanca de Sfera (29,99 euros)\"> <\/noscript> <i class=\"voc-icons zoom voc-multimedia-box voc-ico-l\"><\/i> <\/div><figcaption class=\"figure-caption\">Camisa blanca de Sfera (29,99 euros)<\/figcaption><\/picture>\n<\/div>\n<div id=\"photoZoomModal-319\" class=\"voc-lightbox modal fade voc-lightbox--photo-zoom\" role=\"dialog\" data-voc-photozoom-lightbox>\n<div class=\"voc-lightbox__dialog\" role=\"document\">\n<div class=\"voc-lightbox__content\"> <!-- Modal header --> <!-- Modal content --> <\/p>\n<div class=\"voc-lightbox__photo-container\"> <picture class> <img loading=\"lazy\" src=\"http:\/\/hoycordobaweb.com\/wp-content\/uploads\/2024\/09\/las-compras-de-la-semana-de-sfera-de-los-vestidos-boho-mas-espectaculares-a-los-zapatos-mas-elegantes-2.jpg\" alt=\"Camisa blanca de Sfera (29,99 euros)\"> <noscript> <img src=\"http:\/\/hoycordobaweb.com\/wp-content\/uploads\/2024\/09\/las-compras-de-la-semana-de-sfera-de-los-vestidos-boho-mas-espectaculares-a-los-zapatos-mas-elegantes-2.jpg\" alt=\"Camisa blanca de Sfera (29,99 euros)\"> <\/noscript> <\/picture> <\/div><\/div><\/div>\n<\/div>\n<p><h3 class=\"voc-detail__title\"> Camisa blanca de Sfera (29,99 euros)<br \/>\n<\/h3>\n<\/p>\n<p class=\"voc-paragraph\" data-mrf-recirculation=\"Link art\u00edculo\">Los b\u00e1sicos m\u00e1s de moda se instalan sobre prendas tan bonitas como este dise\u00f1o calado.\n<\/p>\n<div class=\"voc-detail-photo-zoom\"> <picture data-toggle=\"modal\" data-target=\"#photoZoomModal-564\" target=\"modal\">\n<div class=\"voc-img-icon-link\"> <img loading=\"lazy\" src=\"http:\/\/hoycordobaweb.com\/wp-content\/uploads\/2024\/09\/las-compras-de-la-semana-de-sfera-de-los-vestidos-boho-mas-espectaculares-a-los-zapatos-mas-elegantes-1.webp\" width=\"460\" height=\"637\" alt=\"Trench largo de Sfera (89,99 euros)\"> <noscript> <img src=\"http:\/\/hoycordobaweb.com\/wp-content\/uploads\/2024\/09\/las-compras-de-la-semana-de-sfera-de-los-vestidos-boho-mas-espectaculares-a-los-zapatos-mas-elegantes-1.webp\" alt=\"Trench largo de Sfera (89,99 euros)\"> <\/noscript> <i class=\"voc-icons zoom voc-multimedia-box voc-ico-l\"><\/i> <\/div><figcaption class=\"figure-caption\">Trench largo de Sfera (89,99 euros)<\/figcaption><\/picture>\n<\/div>\n<div id=\"photoZoomModal-564\" class=\"voc-lightbox modal fade voc-lightbox--photo-zoom\" role=\"dialog\" data-voc-photozoom-lightbox>\n<div class=\"voc-lightbox__dialog\" role=\"document\">\n<div class=\"voc-lightbox__content\"> <!-- Modal header --> <!-- Modal content --> <\/p>\n<div class=\"voc-lightbox__photo-container\"> <picture class> <img loading=\"lazy\" src=\"http:\/\/hoycordobaweb.com\/wp-content\/uploads\/2024\/09\/las-compras-de-la-semana-de-sfera-de-los-vestidos-boho-mas-espectaculares-a-los-zapatos-mas-elegantes-1.webp\" alt=\"Trench largo de Sfera (89,99 euros)\"> <noscript> <img src=\"http:\/\/hoycordobaweb.com\/wp-content\/uploads\/2024\/09\/las-compras-de-la-semana-de-sfera-de-los-vestidos-boho-mas-espectaculares-a-los-zapatos-mas-elegantes-1.webp\" alt=\"Trench largo de Sfera (89,99 euros)\"> <\/noscript> <\/picture> <\/div><\/div><\/div>\n<\/div>\n<p><h3 class=\"voc-detail__title\"> Trench largo de Sfera (89,99 euros)<br \/>\n<\/h3>\n<\/p>\n<p class=\"voc-paragraph\" data-mrf-recirculation=\"Link art\u00edculo\">Siempre hay hueco en nuestro armario para un nuevo b\u00e1sico de entretiempo.\n<\/p>\n<div class=\"voc-detail-photo-zoom\"> <picture data-toggle=\"modal\" data-target=\"#photoZoomModal-604\" target=\"modal\">\n<div class=\"voc-img-icon-link\"> <img loading=\"lazy\" src=\"http:\/\/hoycordobaweb.com\/wp-content\/uploads\/2024\/09\/las-compras-de-la-semana-de-sfera-de-los-vestidos-boho-mas-espectaculares-a-los-zapatos-mas-elegantes-2.webp\" width=\"460\" height=\"637\" alt=\"Vestido satinado de Sfera (49,99 euros)\"> <noscript> <img src=\"http:\/\/hoycordobaweb.com\/wp-content\/uploads\/2024\/09\/las-compras-de-la-semana-de-sfera-de-los-vestidos-boho-mas-espectaculares-a-los-zapatos-mas-elegantes-2.webp\" alt=\"Vestido satinado de Sfera (49,99 euros)\"> <\/noscript> <i class=\"voc-icons zoom voc-multimedia-box voc-ico-l\"><\/i> <\/div><figcaption class=\"figure-caption\">Vestido satinado de Sfera (49,99 euros)<\/figcaption><\/picture>\n<\/div>\n<div id=\"photoZoomModal-604\" class=\"voc-lightbox modal fade voc-lightbox--photo-zoom\" role=\"dialog\" data-voc-photozoom-lightbox>\n<div class=\"voc-lightbox__dialog\" role=\"document\">\n<div class=\"voc-lightbox__content\"> <!-- Modal header --> <!-- Modal content --> <\/p>\n<div class=\"voc-lightbox__photo-container\"> <picture class> <img loading=\"lazy\" src=\"http:\/\/hoycordobaweb.com\/wp-content\/uploads\/2024\/09\/las-compras-de-la-semana-de-sfera-de-los-vestidos-boho-mas-espectaculares-a-los-zapatos-mas-elegantes-2.webp\" alt=\"Vestido satinado de Sfera (49,99 euros)\"> <noscript> <img src=\"http:\/\/hoycordobaweb.com\/wp-content\/uploads\/2024\/09\/las-compras-de-la-semana-de-sfera-de-los-vestidos-boho-mas-espectaculares-a-los-zapatos-mas-elegantes-2.webp\" alt=\"Vestido satinado de Sfera (49,99 euros)\"> <\/noscript> <\/picture> <\/div><\/div><\/div>\n<\/div>\n<p><h3 class=\"voc-detail__title\"> Vestido satinado de Sfera (49,99 euros)<br \/>\n<\/h3>\n<\/p>\n<p class=\"voc-paragraph\" data-mrf-recirculation=\"Link art\u00edculo\">Un bonito y vers\u00e1til dise\u00f1o para lucir sin parar durante los d\u00edas de oto\u00f1o. Pondr\u00e1 una nota original a todos tus estilismos de nueva temporada.\n<\/p>\n<div class=\"voc-detail-photo-zoom\"> <picture data-toggle=\"modal\" data-target=\"#photoZoomModal-263\" target=\"modal\">\n<div class=\"voc-img-icon-link\"> <img loading=\"lazy\" src=\"http:\/\/hoycordobaweb.com\/wp-content\/uploads\/2024\/09\/las-compras-de-la-semana-de-sfera-de-los-vestidos-boho-mas-espectaculares-a-los-zapatos-mas-elegantes-3.webp\" width=\"460\" height=\"637\" alt=\"Zapatos rosas de Sfera (29,99 euros)\"> <noscript> <img src=\"http:\/\/hoycordobaweb.com\/wp-content\/uploads\/2024\/09\/las-compras-de-la-semana-de-sfera-de-los-vestidos-boho-mas-espectaculares-a-los-zapatos-mas-elegantes-3.webp\" alt=\"Zapatos rosas de Sfera (29,99 euros)\"> <\/noscript> <i class=\"voc-icons zoom voc-multimedia-box voc-ico-l\"><\/i> <\/div><figcaption class=\"figure-caption\">Zapatos rosas de Sfera (29,99 euros)<\/figcaption><\/picture>\n<\/div>\n<div id=\"photoZoomModal-263\" class=\"voc-lightbox modal fade voc-lightbox--photo-zoom\" role=\"dialog\" data-voc-photozoom-lightbox>\n<div class=\"voc-lightbox__dialog\" role=\"document\">\n<div class=\"voc-lightbox__content\"> <!-- Modal header --> <!-- Modal content --> <\/p>\n<div class=\"voc-lightbox__photo-container\"> <picture class> <img loading=\"lazy\" src=\"http:\/\/hoycordobaweb.com\/wp-content\/uploads\/2024\/09\/las-compras-de-la-semana-de-sfera-de-los-vestidos-boho-mas-espectaculares-a-los-zapatos-mas-elegantes-3.webp\" alt=\"Zapatos rosas de Sfera (29,99 euros)\"> <noscript> <img src=\"http:\/\/hoycordobaweb.com\/wp-content\/uploads\/2024\/09\/las-compras-de-la-semana-de-sfera-de-los-vestidos-boho-mas-espectaculares-a-los-zapatos-mas-elegantes-3.webp\" alt=\"Zapatos rosas de Sfera (29,99 euros)\"> <\/noscript> <\/picture> <\/div><\/div><\/div>\n<\/div>\n<p><h3 class=\"voc-detail__title\"> Zapatos rosas de Sfera (29,99 euros)<br \/>\n<\/h3>\n<\/p>\n<p class=\"voc-paragraph\" data-mrf-recirculation=\"Link art\u00edculo\">Este tipo de accesorios de oto\u00f1o, siempre est\u00e1n presentes entre las novedades de la firma. Nos encanta su acabado en terciopelo.\n<\/p>\n<div class=\"voc-detail-photo-zoom\"> <picture data-toggle=\"modal\" data-target=\"#photoZoomModal-470\" target=\"modal\">\n<div class=\"voc-img-icon-link\"> <img loading=\"lazy\" src=\"http:\/\/hoycordobaweb.com\/wp-content\/uploads\/2024\/09\/las-compras-de-la-semana-de-sfera-de-los-vestidos-boho-mas-espectaculares-a-los-zapatos-mas-elegantes-4.webp\" width=\"460\" height=\"637\" alt=\"Falda roja de Sfera (19,99 euros)\"> <noscript> <img src=\"http:\/\/hoycordobaweb.com\/wp-content\/uploads\/2024\/09\/las-compras-de-la-semana-de-sfera-de-los-vestidos-boho-mas-espectaculares-a-los-zapatos-mas-elegantes-4.webp\" alt=\"Falda roja de Sfera (19,99 euros)\"> <\/noscript> <i class=\"voc-icons zoom voc-multimedia-box voc-ico-l\"><\/i> <\/div><figcaption class=\"figure-caption\">Falda roja de Sfera (19,99 euros)<\/figcaption><\/picture>\n<\/div>\n<div id=\"photoZoomModal-470\" class=\"voc-lightbox modal fade voc-lightbox--photo-zoom\" role=\"dialog\" data-voc-photozoom-lightbox>\n<div class=\"voc-lightbox__dialog\" role=\"document\">\n<div class=\"voc-lightbox__content\"> <!-- Modal header --> <!-- Modal content --> <\/p>\n<div class=\"voc-lightbox__photo-container\"> <picture class> <img loading=\"lazy\" src=\"http:\/\/hoycordobaweb.com\/wp-content\/uploads\/2024\/09\/las-compras-de-la-semana-de-sfera-de-los-vestidos-boho-mas-espectaculares-a-los-zapatos-mas-elegantes-4.webp\" alt=\"Falda roja de Sfera (19,99 euros)\"> <noscript> <img src=\"http:\/\/hoycordobaweb.com\/wp-content\/uploads\/2024\/09\/las-compras-de-la-semana-de-sfera-de-los-vestidos-boho-mas-espectaculares-a-los-zapatos-mas-elegantes-4.webp\" alt=\"Falda roja de Sfera (19,99 euros)\"> <\/noscript> <\/picture> <\/div><\/div><\/div>\n<\/div>\n<p><h3 class=\"voc-detail__title\"> Falda roja de Sfera (19,99 euros)<br \/>\n<\/h3>\n<\/p>\n<p class=\"voc-paragraph\" data-mrf-recirculation=\"Link art\u00edculo\">Una prenda especial de entretiempo que podr\u00e1s llevar a todas horas durante los d\u00edas de oto\u00f1o.\n<\/p>\n<div class=\"voc-detail-photo-zoom\"> <picture data-toggle=\"modal\" data-target=\"#photoZoomModal-156\" target=\"modal\">\n<div class=\"voc-img-icon-link\"> <img loading=\"lazy\" src=\"http:\/\/hoycordobaweb.com\/wp-content\/uploads\/2024\/09\/las-compras-de-la-semana-de-sfera-de-los-vestidos-boho-mas-espectaculares-a-los-zapatos-mas-elegantes-5.webp\" width=\"460\" height=\"637\" alt=\"Jersey rojo de Sfera (21,99 euros)\"> <noscript> <img src=\"http:\/\/hoycordobaweb.com\/wp-content\/uploads\/2024\/09\/las-compras-de-la-semana-de-sfera-de-los-vestidos-boho-mas-espectaculares-a-los-zapatos-mas-elegantes-5.webp\" alt=\"Jersey rojo de Sfera (21,99 euros)\"> <\/noscript> <i class=\"voc-icons zoom voc-multimedia-box voc-ico-l\"><\/i> <\/div><figcaption class=\"figure-caption\">Jersey rojo de Sfera (21,99 euros)<\/figcaption><\/picture>\n<\/div>\n<div id=\"photoZoomModal-156\" class=\"voc-lightbox modal fade voc-lightbox--photo-zoom\" role=\"dialog\" data-voc-photozoom-lightbox>\n<div class=\"voc-lightbox__dialog\" role=\"document\">\n<div class=\"voc-lightbox__content\"> <!-- Modal header --> <!-- Modal content --> <\/p>\n<div class=\"voc-lightbox__photo-container\"> <picture class> <img loading=\"lazy\" src=\"http:\/\/hoycordobaweb.com\/wp-content\/uploads\/2024\/09\/las-compras-de-la-semana-de-sfera-de-los-vestidos-boho-mas-espectaculares-a-los-zapatos-mas-elegantes-5.webp\" alt=\"Jersey rojo de Sfera (21,99 euros)\"> <noscript> <img src=\"http:\/\/hoycordobaweb.com\/wp-content\/uploads\/2024\/09\/las-compras-de-la-semana-de-sfera-de-los-vestidos-boho-mas-espectaculares-a-los-zapatos-mas-elegantes-5.webp\" alt=\"Jersey rojo de Sfera (21,99 euros)\"> <\/noscript> <\/picture> <\/div><\/div><\/div>\n<\/div>\n<p><h3 class=\"voc-detail__title\"> Jersey rojo de Sfera (21,99 euros)<br \/>\n<\/h3>\n<\/p>\n<p class=\"voc-paragraph\" data-mrf-recirculation=\"Link art\u00edculo\">Un elegante dise\u00f1o de punto que podr\u00e1s llevar cuando bajen un poco los term\u00f3metros.\n<\/p>\n<div class=\"voc-detail-photo-zoom\"> <picture data-toggle=\"modal\" data-target=\"#photoZoomModal-661\" target=\"modal\">\n<div class=\"voc-img-icon-link\"> <img loading=\"lazy\" src=\"http:\/\/hoycordobaweb.com\/wp-content\/uploads\/2024\/09\/las-compras-de-la-semana-de-sfera-de-los-vestidos-boho-mas-espectaculares-a-los-zapatos-mas-elegantes-6.webp\" width=\"460\" height=\"637\" alt=\"Vestido con volantes de Sfera (59,99 euros)\"> <noscript> <img src=\"http:\/\/hoycordobaweb.com\/wp-content\/uploads\/2024\/09\/las-compras-de-la-semana-de-sfera-de-los-vestidos-boho-mas-espectaculares-a-los-zapatos-mas-elegantes-6.webp\" alt=\"Vestido con volantes de Sfera (59,99 euros)\"> <\/noscript> <i class=\"voc-icons zoom voc-multimedia-box voc-ico-l\"><\/i> <\/div><figcaption class=\"figure-caption\">Vestido con volantes de Sfera (59,99 euros)<\/figcaption><\/picture>\n<\/div>\n<div id=\"photoZoomModal-661\" class=\"voc-lightbox modal fade voc-lightbox--photo-zoom\" role=\"dialog\" data-voc-photozoom-lightbox>\n<div class=\"voc-lightbox__dialog\" role=\"document\">\n<div class=\"voc-lightbox__content\"> <!-- Modal header --> <!-- Modal content --> <\/p>\n<div class=\"voc-lightbox__photo-container\"> <picture class> <img loading=\"lazy\" src=\"http:\/\/hoycordobaweb.com\/wp-content\/uploads\/2024\/09\/las-compras-de-la-semana-de-sfera-de-los-vestidos-boho-mas-espectaculares-a-los-zapatos-mas-elegantes-6.webp\" alt=\"Vestido con volantes de Sfera (59,99 euros)\"> <noscript> <img src=\"http:\/\/hoycordobaweb.com\/wp-content\/uploads\/2024\/09\/las-compras-de-la-semana-de-sfera-de-los-vestidos-boho-mas-espectaculares-a-los-zapatos-mas-elegantes-6.webp\" alt=\"Vestido con volantes de Sfera (59,99 euros)\"> <\/noscript> <\/picture> <\/div><\/div><\/div>\n<\/div>\n<p><h3 class=\"voc-detail__title\"> Vestido con volantes de Sfera (59,99 euros)<br \/>\n<\/h3>\n<\/p>\n<p class=\"voc-paragraph\" data-mrf-recirculation=\"Link art\u00edculo\">Es tiempo de empezar a descubrir las prendas m\u00e1s oto\u00f1ales de la nueva temporada de la firma.\n<\/p>\n<div class=\"voc-detail-photo-zoom\"> <picture data-toggle=\"modal\" data-target=\"#photoZoomModal-114\" target=\"modal\">\n<div class=\"voc-img-icon-link\"> <img loading=\"lazy\" src=\"http:\/\/hoycordobaweb.com\/wp-content\/uploads\/2024\/09\/las-compras-de-la-semana-de-sfera-de-los-vestidos-boho-mas-espectaculares-a-los-zapatos-mas-elegantes-7.webp\" width=\"460\" height=\"637\" alt=\"Bolso marr\u00f3n de Sfera (19,99 euros)\"> <noscript> <img src=\"http:\/\/hoycordobaweb.com\/wp-content\/uploads\/2024\/09\/las-compras-de-la-semana-de-sfera-de-los-vestidos-boho-mas-espectaculares-a-los-zapatos-mas-elegantes-7.webp\" alt=\"Bolso marr\u00f3n de Sfera (19,99 euros)\"> <\/noscript> <i class=\"voc-icons zoom voc-multimedia-box voc-ico-l\"><\/i> <\/div><figcaption class=\"figure-caption\">Bolso marr\u00f3n de Sfera (19,99 euros)<\/figcaption><\/picture>\n<\/div>\n<div id=\"photoZoomModal-114\" class=\"voc-lightbox modal fade voc-lightbox--photo-zoom\" role=\"dialog\" data-voc-photozoom-lightbox>\n<div class=\"voc-lightbox__dialog\" role=\"document\">\n<div class=\"voc-lightbox__content\"> <!-- Modal header --> <!-- Modal content --> <\/p>\n<div class=\"voc-lightbox__photo-container\"> <picture class> <img loading=\"lazy\" src=\"http:\/\/hoycordobaweb.com\/wp-content\/uploads\/2024\/09\/las-compras-de-la-semana-de-sfera-de-los-vestidos-boho-mas-espectaculares-a-los-zapatos-mas-elegantes-7.webp\" alt=\"Bolso marr\u00f3n de Sfera (19,99 euros)\"> <noscript> <img src=\"http:\/\/hoycordobaweb.com\/wp-content\/uploads\/2024\/09\/las-compras-de-la-semana-de-sfera-de-los-vestidos-boho-mas-espectaculares-a-los-zapatos-mas-elegantes-7.webp\" alt=\"Bolso marr\u00f3n de Sfera (19,99 euros)\"> <\/noscript> <\/picture> <\/div><\/div><\/div>\n<\/div>\n<p><h3 class=\"voc-detail__title\"> Bolso marr\u00f3n de Sfera (19,99 euros)<br \/>\n<\/h3>\n<\/p>\n<p class=\"voc-paragraph\" data-mrf-recirculation=\"Link art\u00edculo\">Hemos dejado para el final una propuesta, que no puedes dejar escapar. Un original accesorio para llevar a todas horas este oto\u00f1o.\n<\/p>\n<p> <!-- TOPICS --> <\/p>\n","protected":false},"excerpt":{"rendered":"<p>Gemma Cano Publicado \u00b7 12 de septiembre de 2024, 08:00 h Con la llegada del mes de septiembre, ya podemos dar rienda suelta a nuestra imaginaci\u00f3n y empezar a pensar en&nbsp; los primeros looks oto\u00f1ales. Por eso, ahora m\u00e1s que nunca necesitamos muchas ideas de shopping, que nos resolver\u00e1n de un plumazo todos&nbsp;los looks que [&hellip;]<\/p>\n","protected":false},"author":1,"featured_media":82933,"comment_status":"closed","ping_status":"closed","sticky":false,"template":"","format":"standard","meta":[],"categories":[],"tags":[],"_links":{"self":[{"href":"http:\/\/hoycordobaweb.com\/index.php\/wp-json\/wp\/v2\/posts\/82932"}],"collection":[{"href":"http:\/\/hoycordobaweb.com\/index.php\/wp-json\/wp\/v2\/posts"}],"about":[{"href":"http:\/\/hoycordobaweb.com\/index.php\/wp-json\/wp\/v2\/types\/post"}],"author":[{"embeddable":true,"href":"http:\/\/hoycordobaweb.com\/index.php\/wp-json\/wp\/v2\/users\/1"}],"replies":[{"embeddable":true,"href":"http:\/\/hoycordobaweb.com\/index.php\/wp-json\/wp\/v2\/comments?post=82932"}],"version-history":[{"count":0,"href":"http:\/\/hoycordobaweb.com\/index.php\/wp-json\/wp\/v2\/posts\/82932\/revisions"}],"wp:featuredmedia":[{"embeddable":true,"href":"http:\/\/hoycordobaweb.com\/index.php\/wp-json\/wp\/v2\/media\/82933"}],"wp:attachment":[{"href":"http:\/\/hoycordobaweb.com\/index.php\/wp-json\/wp\/v2\/media?parent=82932"}],"wp:term":[{"taxonomy":"category","embeddable":true,"href":"http:\/\/hoycordobaweb.com\/index.php\/wp-json\/wp\/v2\/categories?post=82932"},{"taxonomy":"post_tag","embeddable":true,"href":"http:\/\/hoycordobaweb.com\/index.php\/wp-json\/wp\/v2\/tags?post=82932"}],"curies":[{"name":"wp","href":"https:\/\/api.w.org\/{rel}","templated":true}]}}