{"id":82928,"date":"2024-09-11T12:10:35","date_gmt":"2024-09-11T12:10:35","guid":{"rendered":"http:\/\/hoycordobaweb.com\/index.php\/2024\/09\/11\/desde-hoy-11-de-septiembre-funciona-sube-digital-para-pagar-el-colectivo-con-el-celular-como-funciona\/"},"modified":"2024-09-11T12:10:35","modified_gmt":"2024-09-11T12:10:35","slug":"desde-hoy-11-de-septiembre-funciona-sube-digital-para-pagar-el-colectivo-con-el-celular-como-funciona","status":"publish","type":"post","link":"http:\/\/hoycordobaweb.com\/index.php\/2024\/09\/11\/desde-hoy-11-de-septiembre-funciona-sube-digital-para-pagar-el-colectivo-con-el-celular-como-funciona\/","title":{"rendered":"Desde hoy 11 de septiembre funciona SUBE digital para pagar el colectivo con el celular: c\u00f3mo funciona"},"content":{"rendered":"<div class=\"media_block\"><\/div>\n<div><img src=\"http:\/\/hoycordobaweb.com\/wp-content\/uploads\/2024\/09\/desde-hoy-11-de-septiembre-funciona-sube-digital-para-pagar-el-colectivo-con-el-celular-como-funciona.jpg\" class=\"ff-og-image-inserted\"><\/div>\n<p>&nbsp;A partir de hoy, <strong>mi\u00e9rcoles 11 de septiembre<\/strong>, arranc\u00f3 la activaci\u00f3n paulatina de SUBE Digital, para que los pasajeros que viajan en colectivo en las 61 localidades donde est\u00e1 implementado el Sistema \u00danico de Boleto Electr\u00f3nico puedan pagar directamente desde el celular.<\/p>\n<p><strong>Su activaci\u00f3n a nivel nacional se realizar\u00e1 de manera gradual, <\/strong>por lo que se ir\u00e1 habilitando progresivamente hasta alcanzar el 100% de disponibilidad.<\/p>\n<p class=\"destacadoNota\"><a target=\"_blank\" href=\"https:\/\/www.perfil.com\/noticias\/actualidad\/fin-de-la-app-carga-sube-cuales-son-las-alternativas-para-recargar-tu-tarjeta-sube.phtml\" rel=\"noopener noreferrer\">Fin de la app Carga SUBE: \u00bfCu\u00e1l es la nueva alternativa para recargar tu tarjeta SUBE?\u00bb<\/a><\/p>\n<div class=\"subscription\" readability=\"6.683257918552\">\n<p>\nEsto no les gusta a los autoritarios\n<\/p>\n<div class=\"subscription__container\" readability=\"6.1467391304348\">\n<div class=\"subscription__text-wrapper\" readability=\"31.20652173913\">\n<p>\nEl ejercicio del periodismo profesional y cr\u00edtico es un pilar fundamental de la democracia. Por eso molesta a quienes creen ser los due\u00f1os de la verdad.\n<\/p>\n<\/p><\/div>\n<\/div><\/div>\n<p>SUBE Digital es una funcionalidad de la app SUBE que puede obtenerse de forma gratuita y est\u00e1 disponible para celulares con sistema operativo Android 8 o superior con tecnolog\u00eda NFC.&nbsp;<\/p>\n<p>Permite a quienes viajan con Tarifa Social Federal o local pasar los beneficios a la SUBE Digital o mantenerlos en la f\u00edsica, ya que s\u00f3lo una puede tenerlos aplicados.<strong> Para ver reflejado los descuentos en la SUBE Digital deber\u00e1n actualizar el permiso de viaje.<\/strong><\/p>\n<h2><strong>C\u00f3mo acceder y pagar con SUBE Digital:&nbsp;<\/strong><\/h2>\n<p>Una cuesti\u00f3n importante es considerar que los <strong>usuarios que ya tengan la app SUBE, s\u00f3lo deber\u00e1n actualizarla<\/strong> y seguir los pasos para activar la SUBE Digital.&nbsp;<\/p>\n<p>Quienes no cuenten a\u00fan con la aplicaci\u00f3n pueden:<br \/>&nbsp; &nbsp; &nbsp; &nbsp;&nbsp;<br \/>&#8211; Descargar la app SUBE y crear una cuenta ingresando los datos solicitados.<br \/>&#8211; Deslizar hacia la izquierda la tarjeta principal para activar la SUBE Digital.<br \/>&#8211; Ingresar la clave SUBE de cuatro d\u00edgitos.<br \/>&#8211; Quienes viajen con Tarifa Social Federal o beneficio local pueden elegir aplicar los descuentos en su tarjeta SUBE f\u00edsica o en la digital.<br \/>&#8211; Cargar el saldo deseado con una tarjeta de d\u00e9bito desde la app SUBE o billetera electr\u00f3nica.<br \/>&#8211; Indicar el destino al chofer y abonar el pasaje apoyando el celular con la pantalla encendida en la validadora del colectivo.<\/p>\n<h2><strong>Cu\u00e1nto saldo se podr\u00e1 cargar en la SUBE digital y c\u00f3mo hacerlo<\/strong><\/h2>\n<p>Se podr\u00e1 cargar saldo, <strong>hasta 40 mil pesos<\/strong>, desde la misma app SUBE con tarjeta de d\u00e9bito o billeteras electr\u00f3nicas.<\/p>\n<p>Un dato importante es que ese saldo es independiente del de la tarjeta SUBE f\u00edsica.<\/p>\n<p>Por otra parte, desde Transporte recordaron que, q<strong>uienes paguen el colectivo con SUBE Digital en el AMBA abonar\u00e1n la tarifa vigente para tarjetas registradas.&nbsp;<\/strong><\/p>\n<h2><strong>\u00bfQu\u00e9 con si no hay conexi\u00f3n de internet al momento de pagar el pasaje con SUBE Digital?<\/strong><\/h2>\n<p>Desde la secretar\u00eda de Transporte afirmaron que l<strong>a SUBE Digital no requiere conectividad al momento de efectuar el pago, <\/strong>por lo que el usuario s\u00f3lo debe verificar si se encuentra en condiciones de abonar.&nbsp;<\/p>\n<h2><strong>\u00bfSUBE Digital se puede usar s\u00f3lo en colectivos?<\/strong><\/h2>\n<p>Por el momento su uso est\u00e1 activo para colectivos. Tal como se comunic\u00f3 oficialmente,&nbsp;se ir\u00e1&nbsp;incorporando&nbsp;paulatinamente en subtes, trenes y lanchas de la Provincia de Buenos Aires, al tiempo que tambi\u00e9n se busca sumar otros medios de compra de carga y descuentos por integraci\u00f3n y trasbordo en medios de transporte.&nbsp;<\/p>\n<p>lr<\/p>\n<div class=\"article__tags\">\n<p>En esta Nota<\/p>\n<\/p><\/div>\n","protected":false},"excerpt":{"rendered":"<p>&nbsp;A partir de hoy, mi\u00e9rcoles 11 de septiembre, arranc\u00f3 la activaci\u00f3n paulatina de SUBE Digital, para que los pasajeros que viajan en colectivo en las 61 localidades donde est\u00e1 implementado el Sistema \u00danico de Boleto Electr\u00f3nico puedan pagar directamente desde el celular. Su activaci\u00f3n a nivel nacional se realizar\u00e1 de manera gradual, por lo que [&hellip;]<\/p>\n","protected":false},"author":1,"featured_media":82929,"comment_status":"closed","ping_status":"closed","sticky":false,"template":"","format":"standard","meta":[],"categories":[19],"tags":[],"_links":{"self":[{"href":"http:\/\/hoycordobaweb.com\/index.php\/wp-json\/wp\/v2\/posts\/82928"}],"collection":[{"href":"http:\/\/hoycordobaweb.com\/index.php\/wp-json\/wp\/v2\/posts"}],"about":[{"href":"http:\/\/hoycordobaweb.com\/index.php\/wp-json\/wp\/v2\/types\/post"}],"author":[{"embeddable":true,"href":"http:\/\/hoycordobaweb.com\/index.php\/wp-json\/wp\/v2\/users\/1"}],"replies":[{"embeddable":true,"href":"http:\/\/hoycordobaweb.com\/index.php\/wp-json\/wp\/v2\/comments?post=82928"}],"version-history":[{"count":0,"href":"http:\/\/hoycordobaweb.com\/index.php\/wp-json\/wp\/v2\/posts\/82928\/revisions"}],"wp:featuredmedia":[{"embeddable":true,"href":"http:\/\/hoycordobaweb.com\/index.php\/wp-json\/wp\/v2\/media\/82929"}],"wp:attachment":[{"href":"http:\/\/hoycordobaweb.com\/index.php\/wp-json\/wp\/v2\/media?parent=82928"}],"wp:term":[{"taxonomy":"category","embeddable":true,"href":"http:\/\/hoycordobaweb.com\/index.php\/wp-json\/wp\/v2\/categories?post=82928"},{"taxonomy":"post_tag","embeddable":true,"href":"http:\/\/hoycordobaweb.com\/index.php\/wp-json\/wp\/v2\/tags?post=82928"}],"curies":[{"name":"wp","href":"https:\/\/api.w.org\/{rel}","templated":true}]}}