{"id":82922,"date":"2024-09-11T12:13:06","date_gmt":"2024-09-11T12:13:06","guid":{"rendered":"https:\/\/www.ole.com.ar\/futbol-internacional\/eliminatorias\/paraguay-brasil-eliminatorias-futbol-argentino_0_Dp3oIWCbzm.html"},"modified":"2024-09-11T12:13:06","modified_gmt":"2024-09-11T12:13:06","slug":"el-toque-argentino-en-la-historica-victoria-de-paraguay-frente-a-brasil","status":"publish","type":"post","link":"http:\/\/hoycordobaweb.com\/index.php\/2024\/09\/11\/el-toque-argentino-en-la-historica-victoria-de-paraguay-frente-a-brasil\/","title":{"rendered":"El toque argentino en la hist\u00f3rica victoria de Paraguay frente a Brasil"},"content":{"rendered":"<p><img src=\"http:\/\/hoycordobaweb.com\/wp-content\/uploads\/2024\/09\/el-toque-argentino-en-la-historica-victoria-de-paraguay-frente-a-brasil.jpg\"><\/p>\n<p><time class=\"createDate\" datetime=\"2024-09-11T09:13:06-03:00\">11\/09\/2024 09:13hs.<\/time><\/p>\n<div id=\"storyBody\">\n<div class=\"custom-text \" readability=\"33.741007194245\">\n<p><strong><a href=\"https:\/\/www.ole.com.ar\/tema\/paraguay.html\" title=\"Paraguay\" alt=\"Paraguay\" class=\"slug\">Paraguay<\/a> dio el gran golpe en la doble fecha<\/strong> de las <strong><a href=\"https:\/\/www.ole.com.ar\/tema\/eliminatorias-sudamericanas.html\" title=\"Eliminatorias Sudamericanas\" alt=\"Eliminatorias Sudamericanas\" class=\"slug\">Eliminatorias Sudamericanas<\/a><\/strong> al <strong><a href=\"https:\/\/www.ole.com.ar\/futbol-internacional\/eliminatorias\/paraguay-vs-brasil-partido-eliminatorias-conmbol-fecha8-hora-ver_0_8BUfA951F9.html\" target=\"_self\" title=\"vencer por 1-0\" alt=\"vencer por 1-0\" rel=\"noopener noreferrer\">vencer por 1-0<\/a><\/strong> a <strong><a href=\"https:\/\/www.ole.com.ar\/tema\/brasil.html\" title=\"Brasil\" alt=\"Brasil\" class=\"slug\">Brasil<\/a><\/strong>, con un golazo de <strong>Diego G\u00f3mez<\/strong>. La Albirroja, que ahora se ubica en <strong>zona de repechaje<\/strong> con nueve puntos, tuvo un arranque complicado, pero se recupera con este triunfo clave. Tras la <strong><a href=\"https:\/\/www.ole.com.ar\/tema\/copa-america-2024.html\" title=\"Copa Am\u00e9rica 2024\" alt=\"Copa Am\u00e9rica 2024\" class=\"slug\">Copa Am\u00e9rica 2024<\/a><\/strong>, <strong><a href=\"https:\/\/www.ole.com.ar\/tema\/gustavo-alfaro.html\" title=\"Gustavo Alfaro\" alt=\"Gustavo Alfaro\" class=\"slug\">Gustavo Alfaro<\/a><\/strong> asumi\u00f3 como t\u00e9cnico de Paraguay y ya est\u00e1 logrando buenos resultados. Su plantel cuenta con una fuerte base de jugadores vinculados al f\u00fatbol argentino: <strong>12 de ellos tienen o tuvieron experiencia en clubes de la Liga Profesional<\/strong>.<\/p>\n<\/div>\n<p><h2><strong>Juan Jos\u00e9 C\u00e1ceres<\/strong><\/h2>\n<\/p>\n<div class=\"custom-text \" readability=\"33.839857651246\">\n<p>El lateral derecho de <strong><a href=\"https:\/\/www.ole.com.ar\/tema\/lanus.html\" title=\"Lan\u00fas\" alt=\"Lan\u00fas\" class=\"slug\">Lan\u00fas<\/a><\/strong> tuvo la misi\u00f3n m\u00e1s dif\u00edcil de la noche: marcar a <strong><a href=\"https:\/\/www.ole.com.ar\/tema\/vinicius.html\" title=\"Vinicius\" alt=\"Vinicius\" class=\"slug\">Vinicius Jr.<\/a><\/strong> Y cumpli\u00f3 con creces, ya que el candidato al <strong>Bal\u00f3n de Oro<\/strong> no pudo hacer su habitual desequilibrio. C\u00e1ceres, surgido de <strong><a href=\"https:\/\/www.ole.com.ar\/tema\/racing.html\" title=\"Racing\" alt=\"Racing\" class=\"slug\">Racing<\/a><\/strong>, actualmente est\u00e1 cedido en el Granate hasta fin de a\u00f1o.<\/p>\n<\/div>\n<div class=\"sc-e7b891c4-0 ifHnQL\"><img alt=\"Lan\u00fas incorpor\u00f3 a Juan Jos\u00e9 C\u00e1ceres. (Prensa Lan\u00fas)\" loading=\"lazy\" width=\"720\" height=\"100\" decoding=\"async\" data-nimg=\"1\" src=\"http:\/\/hoycordobaweb.com\/wp-content\/uploads\/2024\/09\/el-toque-argentino-en-la-historica-victoria-de-paraguay-frente-a-brasil-3.jpg\"><span class=\"epigraphe\">Lan\u00fas incorpor\u00f3 a Juan Jos\u00e9 C\u00e1ceres. (Prensa Lan\u00fas)<\/span><\/div>\n<p><h2><strong>Junior Alonso<\/strong><\/h2>\n<\/p>\n<div class=\"custom-text \" readability=\"36.842105263158\">\n<p>El experimentado central es un conocido de nuesto f\u00fatbol. Su paso por <strong><a href=\"https:\/\/www.ole.com.ar\/tema\/boca-juniors.html\" title=\"Boca Juniors\" alt=\"Boca Juniors\" class=\"slug\">Boca <\/a><\/strong>no paso desapercibido, siendo de los centrales m\u00e1s firmes que se recuerda. Tambi\u00e9n fue dirigido por Alfaro en el Xeneize, donde ya lo probaba como lateral izquierdo, posici\u00f3n en la que jugo contra la Canarinha. As\u00ed mismo tuvo un duelo muy dif\u00edcil: enfrent\u00f3 mano a mano a <strong><a href=\"https:\/\/www.ole.com.ar\/tema\/rodrygo.html\" title=\"Rodrygo\" alt=\"Rodrygo\" class=\"slug\">Rodrygo<\/a><\/strong>.<\/p>\n<\/div>\n<div class=\"sc-e7b891c4-0 ifHnQL\"><img alt=\"Juinior Alonso con los colores de Boca. (Prensa CABJ)\" loading=\"lazy\" width=\"720\" height=\"100\" decoding=\"async\" data-nimg=\"1\" src=\"http:\/\/hoycordobaweb.com\/wp-content\/uploads\/2024\/09\/el-toque-argentino-en-la-historica-victoria-de-paraguay-frente-a-brasil-4.jpg\"><span class=\"epigraphe\">Juinior Alonso con los colores de Boca. (Prensa CABJ)<\/span><\/div>\n<p><h2><strong>Math\u00edas Villasanti<\/strong><\/h2>\n<\/p>\n<div class=\"custom-text \" readability=\"32.927631578947\">\n<p>El mediocampista que hoy milita en Gremio, pocos recuerdan su paso por Argentina. Jug\u00f3 en <strong><a href=\"https:\/\/www.ole.com.ar\/tema\/temperley.html\" title=\"temperley\" alt=\"temperley\" class=\"slug\">Temperley<\/a> <\/strong>solamente 14 partidos, todos por la Superliga 2018.<\/p>\n<\/div>\n<div class=\"sc-e7b891c4-0 ifHnQL\"><img alt=\"Mathias Villasanti jugando en la Argentina. (Foto: Marcelo Carroll)\" loading=\"lazy\" width=\"720\" height=\"100\" decoding=\"async\" data-nimg=\"1\" src=\"http:\/\/hoycordobaweb.com\/wp-content\/uploads\/2024\/09\/el-toque-argentino-en-la-historica-victoria-de-paraguay-frente-a-brasil-5.jpg\"><span class=\"epigraphe\">Mathias Villasanti jugando en la Argentina. (Foto: Marcelo Carroll)<\/span><\/div>\n<p><h2><strong>Miguel Almir\u00f3n<\/strong><\/h2>\n<\/p>\n<div class=\"custom-text \" readability=\"32.516129032258\">\n<p><strong><a href=\"https:\/\/www.ole.com.ar\/tema\/miguel-almiron.html\" title=\"Miguel Almir\u00f3n\" alt=\"Miguel Almir\u00f3n\" class=\"slug\">Almir\u00f3n<\/a> <\/strong>es de los mas recordados por sus buenos rendimientos en tierras argentinas. El extremo que hoy milita en Inglaterra tuvo su gran inicio en Lan\u00fas y fue dirigido por otro t\u00e9cnico argentino importante: <strong><a href=\"https:\/\/www.ole.com.ar\/tema\/jorge-almiron.html\" title=\"Jorge Almir\u00f3n\" alt=\"Jorge Almir\u00f3n\" class=\"slug\">Jorge Almir\u00f3n<\/a><\/strong>. Con el Granate disput\u00f3 45 partidos donde hizo cuatro goles y dio cinco asistencias.<\/p>\n<\/div>\n<div class=\"sc-e7b891c4-0 ifHnQL\"><img alt=\"Almir\u00f3n vs. Atletico Tucuman.\n(Foto: Guillermo Rodriguez Adami)\" loading=\"lazy\" width=\"720\" height=\"100\" decoding=\"async\" data-nimg=\"1\" src=\"http:\/\/hoycordobaweb.com\/wp-content\/uploads\/2024\/09\/el-toque-argentino-en-la-historica-victoria-de-paraguay-frente-a-brasil-6.jpg\"><span class=\"epigraphe\">Almir\u00f3n vs. Atletico Tucuman.<br \/>\n(Foto: Guillermo Rodriguez Adami)<\/span><\/div>\n<p><h2><strong>Juan Esp\u00ednola<\/strong><\/h2>\n<\/p>\n<div class=\"custom-text \" readability=\"33.972727272727\">\n<p>Entre los suplentes se encuentra Juan Esp\u00ednola, actualmente cedido a <strong><a href=\"https:\/\/www.ole.com.ar\/tema\/belgrano-de-cordoba.html\" title=\"Belgrano de C\u00f3rdoba\" alt=\"Belgrano de C\u00f3rdoba\" class=\"slug\">Belgrano<\/a> <\/strong>desde Olimpia. El arquero arrib\u00f3 al Pirata en este mercado, luego de su paso por <strong><a href=\"https:\/\/www.ole.com.ar\/tema\/godoy-cruz.html\" title=\"Godoy Cruz\" alt=\"Godoy Cruz\" class=\"slug\">Godoy Cruz<\/a><\/strong>, desde donde lleg\u00f3 libre al conjunto paraguayo.<\/p>\n<\/div>\n<div class=\"sc-e7b891c4-0 ifHnQL\"><img alt=\"Esp\u00ednola en acci\u00f3n vs. Racing. (Foto: Fotobaires)\" loading=\"lazy\" width=\"720\" height=\"100\" decoding=\"async\" data-nimg=\"1\" src=\"http:\/\/hoycordobaweb.com\/wp-content\/uploads\/2024\/09\/el-toque-argentino-en-la-historica-victoria-de-paraguay-frente-a-brasil-7.jpg\"><span class=\"epigraphe\">Esp\u00ednola en acci\u00f3n vs. Racing. (Foto: Fotobaires)<\/span><\/div>\n<p><h2><strong>Gustavo Vel\u00e1zquez<\/strong><\/h2>\n<\/p>\n<div class=\"custom-text \" readability=\"33.526315789474\">\n<p>El defensor, que actualmente est\u00e1 jugando en <strong><a href=\"https:\/\/www.ole.com.ar\/tema\/newells-old-boys.html\" title=\"Newell's Old Boys\" alt=\"Newell's Old Boys\" class=\"slug\">Newell&#8217;s<\/a>,<\/strong> entro al primer tiempo al minuto 38 para cubrir la lesi\u00f3n de Omar Alderete. El experimentado de 33 a\u00f1os juega en Rosario desde 2022.<\/p>\n<\/div>\n<p><h2><strong>Blas Riveros<\/strong><\/h2>\n<\/p>\n<div class=\"custom-text \" readability=\"31.589552238806\">\n<p>Otro defensor con paso argentino que ingres\u00f3 al partido es Riveros. El actual jugador de <strong><a href=\"https:\/\/www.ole.com.ar\/tema\/talleres-de-cordoba.html\" title=\"Talleres de C\u00f3rdoba\" alt=\"Talleres de C\u00f3rdoba\" class=\"slug\">Talleres de Cordoba<\/a><\/strong> entr\u00f3 sobre el final del segundo tiempo para aguantar la avalancha de delanteros con los que atacaba Brasil cuando remplaz\u00f3 al crack paraguayo Julio Enciso.<\/p>\n<\/div>\n<p><h2><strong>Alejandro Romero Gamarra<\/strong><\/h2>\n<\/p>\n<div class=\"custom-text \" readability=\"33.939393939394\">\n<p>El Kaku es otra de las caras conocidas en este Paraguay. Sus cuatro a\u00f1os en <strong><a href=\"https:\/\/www.ole.com.ar\/tema\/huracan.html\" title=\"Hurac\u00e1n\" alt=\"Hurac\u00e1n\" class=\"slug\">Hurac\u00e1n<\/a> <\/strong>son recordados con una gran imagen por los hinchas del Globo. Lleg\u00f3 a jugar 94 partidos con los Quemeros. Actualmente, se encuentra jugando en Emiratos \u00c1rabes Unidos en Al-Ain.<\/p>\n<\/div>\n<div class=\"sc-e7b891c4-0 ifHnQL\"><img alt=\"El Kaku en su buena etapa con Huracan. (Foto: AFP)\" loading=\"lazy\" width=\"720\" height=\"100\" decoding=\"async\" data-nimg=\"1\" src=\"http:\/\/hoycordobaweb.com\/wp-content\/uploads\/2024\/09\/el-toque-argentino-en-la-historica-victoria-de-paraguay-frente-a-brasil-8.jpg\"><span class=\"epigraphe\">El Kaku en su buena etapa con Huracan. (Foto: AFP)<\/span><\/div>\n<p><h2><strong>Adam Bareiro<\/strong><\/h2>\n<\/p>\n<div class=\"custom-text \" readability=\"32.965517241379\">\n<p>Bareiro es otro de los que actualmente juegan en Argentina, ahora en las filas de <strong><a href=\"https:\/\/www.ole.com.ar\/tema\/river-plate.html\" title=\"River Plate\" alt=\"River Plate\" class=\"slug\">River Plate<\/a><\/strong>, pero con un gran recorrido en <strong><a href=\"https:\/\/www.ole.com.ar\/tema\/san-lorenzo.html\" title=\"San Lorenzo\" alt=\"San Lorenzo\" class=\"slug\">San Lorenzo<\/a><\/strong>. En los Millonarios todav\u00eda no pudo demostrar el nivel que hab\u00eda ganado en el Cicl\u00f3n donde hizo 40 goles en 120 partidos.<\/p>\n<\/div>\n<div class=\"sc-e7b891c4-0 ifHnQL\"><img alt=\"El Principe, durante su presentaci\u00f3n en River. (Foto: Emmanuel Fern\u00e1ndez)\" loading=\"lazy\" width=\"720\" height=\"100\" decoding=\"async\" data-nimg=\"1\" src=\"http:\/\/hoycordobaweb.com\/wp-content\/uploads\/2024\/09\/el-toque-argentino-en-la-historica-victoria-de-paraguay-frente-a-brasil-9.jpg\"><span class=\"epigraphe\">El Principe, durante su presentaci\u00f3n en River. (Foto: Emmanuel Fern\u00e1ndez)<\/span><\/div>\n<p><h2><strong>Alex Arce<\/strong><\/h2>\n<\/p>\n<div class=\"custom-text \" readability=\"27.374301675978\">\n<p>Arce ingres\u00f3 al segundo tiempo contra Brasil, tambi\u00e9n para remplazar a un lesionado. El delantero tuvo su paso por <strong><a href=\"https:\/\/www.ole.com.ar\/tema\/independiente-rivadavia.html\" title=\"Independiente Rivadavia\" alt=\"Independiente Rivadavia\" class=\"slug\">Independiente Rivadavia<\/a><\/strong>, donde supo jugar la <a href=\"https:\/\/www.ole.com.ar\/tema\/primera-nacional.html\" title=\"Primera Nacional\" alt=\"Primera Nacional\" class=\"slug\">Primera Nacional<\/a>.<\/p>\n<\/div>\n<p><h2><strong>Ram\u00f3n Sosa<\/strong><\/h2>\n<\/p>\n<div class=\"custom-text \" readability=\"38.874200426439\">\n<p>Por \u00faltimo, est\u00e1 Sosa, actual jugador del <strong><a href=\"https:\/\/www.ole.com.ar\/tema\/nottingham-forest.html\" title=\"Nottingham Forest\" alt=\"Nottingham Forest\" class=\"slug\">Nottingham Forest<\/a><\/strong>, quien dej\u00f3 una buena impresi\u00f3n durante su paso por Talleres de C\u00f3rdoba. Sin embargo, s<strong>u salida no fue la mejor para los hinchas<\/strong>, debido a su pol\u00e9mico traspaso justo antes de los octavos de final de la Copa Libertadores..El fubolista, que tambi\u00e9n visti\u00f3 la camiseta de <strong><a href=\"https:\/\/www.ole.com.ar\/tema\/gimnasia-la-plata.html\" title=\"Gimnasia La Plata\" alt=\"Gimnasia La Plata\" class=\"slug\">Gimnasia y Esgrima La Plata,<\/a><\/strong> se fue en conflicto con la dirigencia, lo que gener\u00f3 malestar entre los fan\u00e1ticos del club cordob\u00e9s.<\/p>\n<\/div>\n<p><h2><strong>Gustavo Alfaro<\/strong><\/h2>\n<\/p>\n<div class=\"custom-text \" readability=\"35.837696335079\">\n<p>Desde su llegada, <strong>Gustavo Alfaro gener\u00f3 una revoluci\u00f3n en Paraguay<\/strong>. Con sus reflexiones y decisiones en las convocatorias, ya se gan\u00f3 el coraz\u00f3n del hincha guaran\u00ed. Y no es para menos: empat\u00f3 como visitante ante Uruguay y logr\u00f3 una hist\u00f3rica victoria frente a Brasil. Esta doble jornada inolvidable hace que el pueblo comience a so\u00f1ar con la clasificaci\u00f3n al <strong><a href=\"https:\/\/www.ole.com.ar\/tema\/mundial-2026.html\" title=\"Mundial 2026\" alt=\"Mundial 2026\" class=\"slug\">Mundial 2026<\/a><\/strong>.<\/p>\n<\/div>\n<div class=\"sc-e7b891c4-0 ifHnQL\"><img alt=\"Alfaro logr\u00f3 un gran comienzo con Paraguay. (Foto: AP)\" loading=\"lazy\" width=\"720\" height=\"100\" decoding=\"async\" data-nimg=\"1\" src=\"http:\/\/hoycordobaweb.com\/wp-content\/uploads\/2024\/09\/el-toque-argentino-en-la-historica-victoria-de-paraguay-frente-a-brasil-10.jpg\"><span class=\"epigraphe\">Alfaro logr\u00f3 un gran comienzo con Paraguay. (Foto: AP)<\/span><\/div>\n<div class=\"sc-a7166897-0 eoLsBE\" readability=\"6.5\">\n<section readability=\"3\"><picture><img alt=\"&quot;Juega solo por el nombre&quot;: las duras cr\u00edticas en Brasil hacia Vinicius despu\u00e9s del 0-1 con Paraguay\" loading=\"lazy\" width=\"290\" height=\"290\" decoding=\"async\" data-nimg=\"1\" src=\"http:\/\/hoycordobaweb.com\/wp-content\/uploads\/2024\/09\/el-toque-argentino-en-la-historica-victoria-de-paraguay-frente-a-brasil-11.jpg\"><\/picture>\n<p><span>Mir\u00e1 tambi\u00e9n<\/span><\/p>\n<hr>\n<h3>\u00abJuega solo por el nombre\u00bb: las duras cr\u00edticas en Brasil hacia Vinicius despu\u00e9s del 0-1 con Paraguay<\/h3>\n<\/p>\n<\/section>\n<\/div>\n<div class=\"sc-a7166897-0 eoLsBE\" readability=\"6\">\n<section readability=\"2\"><picture><img alt=\"Video: el audio del VAR en el pol\u00e9mico penal de Colombia vs. Argentina \" loading=\"lazy\" width=\"290\" height=\"290\" decoding=\"async\" data-nimg=\"1\" src=\"http:\/\/hoycordobaweb.com\/wp-content\/uploads\/2024\/09\/el-toque-argentino-en-la-historica-victoria-de-paraguay-frente-a-brasil-12.jpg\"><\/picture>\n<p><span>Mir\u00e1 tambi\u00e9n<\/span><\/p>\n<hr>\n<h3>Video: el audio del VAR en el pol\u00e9mico penal de Colombia vs. Argentina<br \/>\n<\/h3>\n<\/p>\n<\/section>\n<\/div>\n<div class=\"sc-a7166897-0 eoLsBE\" readability=\"7.5\">\n<section readability=\"5\"><picture><img alt=\"Scaloni, firme y picante tras la derrota: &quot;No nos gusta perder, del \u00e1rbitro no voy a hablar porque nos sancionan&quot;\" loading=\"lazy\" width=\"290\" height=\"290\" decoding=\"async\" data-nimg=\"1\" src=\"http:\/\/hoycordobaweb.com\/wp-content\/uploads\/2024\/09\/el-toque-argentino-en-la-historica-victoria-de-paraguay-frente-a-brasil-13.jpg\"><\/picture>\n<p><span>Mir\u00e1 tambi\u00e9n<\/span><\/p>\n<hr>\n<h3>Scaloni, firme y picante tras la derrota: \u00abNo nos gusta perder, del \u00e1rbitro no voy a hablar porque nos sancionan\u00bb<\/h3>\n<\/p>\n<\/section>\n<\/div>\n<\/div>\n","protected":false},"excerpt":{"rendered":"<p>11\/09\/2024 09:13hs. Paraguay dio el gran golpe en la doble fecha de las Eliminatorias Sudamericanas al vencer por 1-0 a Brasil, con un golazo de Diego G\u00f3mez. La Albirroja, que ahora se ubica en zona de repechaje con nueve puntos, tuvo un arranque complicado, pero se recupera con este triunfo clave. Tras la Copa Am\u00e9rica [&hellip;]<\/p>\n","protected":false},"author":1,"featured_media":82923,"comment_status":"open","ping_status":"closed","sticky":false,"template":"","format":"standard","meta":[],"categories":[16],"tags":[],"_links":{"self":[{"href":"http:\/\/hoycordobaweb.com\/index.php\/wp-json\/wp\/v2\/posts\/82922"}],"collection":[{"href":"http:\/\/hoycordobaweb.com\/index.php\/wp-json\/wp\/v2\/posts"}],"about":[{"href":"http:\/\/hoycordobaweb.com\/index.php\/wp-json\/wp\/v2\/types\/post"}],"author":[{"embeddable":true,"href":"http:\/\/hoycordobaweb.com\/index.php\/wp-json\/wp\/v2\/users\/1"}],"replies":[{"embeddable":true,"href":"http:\/\/hoycordobaweb.com\/index.php\/wp-json\/wp\/v2\/comments?post=82922"}],"version-history":[{"count":0,"href":"http:\/\/hoycordobaweb.com\/index.php\/wp-json\/wp\/v2\/posts\/82922\/revisions"}],"wp:featuredmedia":[{"embeddable":true,"href":"http:\/\/hoycordobaweb.com\/index.php\/wp-json\/wp\/v2\/media\/82923"}],"wp:attachment":[{"href":"http:\/\/hoycordobaweb.com\/index.php\/wp-json\/wp\/v2\/media?parent=82922"}],"wp:term":[{"taxonomy":"category","embeddable":true,"href":"http:\/\/hoycordobaweb.com\/index.php\/wp-json\/wp\/v2\/categories?post=82922"},{"taxonomy":"post_tag","embeddable":true,"href":"http:\/\/hoycordobaweb.com\/index.php\/wp-json\/wp\/v2\/tags?post=82922"}],"curies":[{"name":"wp","href":"https:\/\/api.w.org\/{rel}","templated":true}]}}