{"id":82888,"date":"2024-09-10T09:00:19","date_gmt":"2024-09-10T09:00:19","guid":{"rendered":"https:\/\/www.ole.com.ar\/futbol-internacional\/insolita-situacion-subcampeon-mundo-francia-caprichos_0_KMbPI34d8Z.html"},"modified":"2024-09-10T09:00:19","modified_gmt":"2024-09-10T09:00:19","slug":"la-insolita-situacion-de-un-subcampeon-del-mundo-con-francia-y-sus-caprichos","status":"publish","type":"post","link":"http:\/\/hoycordobaweb.com\/index.php\/2024\/09\/10\/la-insolita-situacion-de-un-subcampeon-del-mundo-con-francia-y-sus-caprichos\/","title":{"rendered":"La ins\u00f3lita situaci\u00f3n de un subcampe\u00f3n del mundo con Francia y sus caprichos"},"content":{"rendered":"<p><img src=\"http:\/\/hoycordobaweb.com\/wp-content\/uploads\/2024\/09\/la-insolita-situacion-de-un-subcampeon-del-mundo-con-francia-y-sus-caprichos.jpg\"><\/p>\n<p><time class=\"createDate\" datetime=\"2024-09-10T06:00:19-03:00\">10\/09\/2024 06:00hs.<\/time><\/p>\n<div id=\"storyBody\">\n<div class=\"custom-text \" readability=\"38.913043478261\">\n<p><strong>\u00abAdrien Rabiot est\u00e1 en una situaci\u00f3n inc\u00f3moda y embarazosa.<\/strong> Su contrat\u00f3 termin\u00f3 y<strong> varios clubes lo solicitaron pero ahora est\u00e1 sin equipo y no se entrena con un grupo<\/strong>. Espero que firme en alg\u00fan lado para que luego pueda traerlo de vuelta con nosotros\u201d.<strong> La palabra de Didier Deschamps, el entrenador de Francia, fue clara<\/strong>. El volante, titular en el Mundial de Qatar y en la reciente Eurocopa, dej\u00f3 ese lugar de privilegio porque no tiene club despu\u00e9s de que <strong>se le terminara su contrato el 30 de junio con la Juventus. <\/strong>Lejos de apurarse, <strong>este <a href=\"https:\/\/www.ole.com.ar\/futbol-internacional\/rabiot-subcampeon-francia-messi-pelea-balon-oro_0_GjvFI66edO.html\" target=\"_blank\" title=\"personaje particular\" alt=\"personaje particular\" rel=\"noopener noreferrer\">personaje particular<\/a> sigue rechazando ofertas y con destino incierto<\/strong>. Una carrera en la que las cuestiones extrafutbol\u00edsticas son tan recurrentes como lo que puede hacer en la cancha.<\/p>\n<\/div>\n<div class=\"custom-text \" readability=\"39\">\n<p><strong>La Vecchia Signora renov\u00f3 gran parte de su plantel y, en parte, reduciendo salarios. El de Rabiot era uno de ellos.<\/strong> Al no aceptar esa condici\u00f3n no le renovaron. As\u00ed,<strong> varios equipos se interesaron <\/strong>por el zurdo de 29 a\u00f1os pero desistieron por uno de los pedidos: <strong>quer\u00eda cobrar lo mismo que la Juventus no le quer\u00eda pagar.<\/strong> As\u00ed, el mercado en las ligas top finaliz\u00f3 y aunque sigue abierto para los jugadores libres muchos equipos ya cerraron sus planteles. <\/p>\n<\/div>\n<div class=\"custom-text \" readability=\"40\">\n<p><strong>\u00bfQu\u00e9 alternativas quedan? Turqu\u00eda y Arabia Saudita<\/strong>, con m\u00e1s tiempo para negociar. Pero as\u00ed como clubes de esos pa\u00edses lo fueron a buscar se volvieron con una gran negativa. \u00bfEl salario? No en este caso. <strong>\u201cEn esas ligas no juego\u201d, fue el mensaje. Su deseo es continuar en alguna de las cinco ligas top <\/strong>(Inglaterra, Italia, Espa\u00f1a, Alemania o Francia) pero sin resignar nada&#8230;<\/p>\n<\/div>\n<div class=\"sc-e7b891c4-0 ifHnQL\"><img alt=\"Rabiot festejando la Copa Italia que gan\u00f3 con la Juve, donde qued\u00f3 libre tras m\u00e1s de 200 partidos (REUTERS).\" loading=\"lazy\" width=\"720\" height=\"100\" decoding=\"async\" data-nimg=\"1\" src=\"http:\/\/hoycordobaweb.com\/wp-content\/uploads\/2024\/09\/la-insolita-situacion-de-un-subcampeon-del-mundo-con-francia-y-sus-caprichos-2.jpg\"><span class=\"epigraphe\">Rabiot festejando la Copa Italia que gan\u00f3 con la Juve, donde qued\u00f3 libre tras m\u00e1s de 200 partidos (REUTERS).<\/span><\/div>\n<p><h2><strong>Un jugador con pol\u00e9micas&#8230;<\/strong><\/h2>\n<\/p>\n<div class=\"custom-text \" readability=\"32.552783109405\">\n<p><strong>El \u00faltimo partido del bueno de Adrien fue en la Euro, el 9 de julio <\/strong>en la semifinal que perdieron ante Espa\u00f1a. <strong>En la previa h<a href=\"https:\/\/www.ole.com.ar\/futbol-internacional\/adrien-rabiot-francia-espana-lamine-yamal-provocativa-polemica-griezmann_0_jpomPQlEV0.html\" target=\"_self\" title=\"ab\u00eda calentado el partido con sus declaraciones\" alt=\"ab\u00eda calentado el partido con sus declaraciones\" rel=\"noopener noreferrer\">ab\u00eda calentado el partido con sus declaraciones<\/a><\/strong>. Primero al <strong>criticar a Griezmann<\/strong> (\u201dEsperamos m\u00e1s de Antoine, ser\u00eda m\u00e1s f\u00e1cil si estuviera en buena forma\u201d) y, m\u00e1s que nada, <strong>provocando a Lamine Yamal. \u201cSi quiere jugar una final tendr\u00e1 que hacer m\u00e1s de las que ha hecho\u201d, <a href=\"https:\/\/www.ole.com.ar\/futbol-internacional\/respuesta-yamal-rabiot-desafortunada-frase-amague-golazo-gesto_0_EitbTJJgAd.html\" target=\"_blank\" title=\"el pibe de la Roja lo escuch\u00f3 y anot\u00f3 un golazo\" alt=\"el pibe de la Roja lo escuch\u00f3 y anot\u00f3 un golazo\" rel=\"noopener noreferrer\">el pibe de la Roja lo escuch\u00f3 y anot\u00f3 un golazo<\/a><\/strong> para el 2-1 que elimin\u00f3 a Les Blues de jugar otra final&#8230;<\/p>\n<\/div>\n<div class=\"sc-e7b891c4-0 ifHnQL\"><img alt=\"Picante\u00f3 a Lamal en la \u00faltima Euro y no le sali\u00f3 bien (AP).\" loading=\"lazy\" width=\"720\" height=\"100\" decoding=\"async\" data-nimg=\"1\" src=\"http:\/\/hoycordobaweb.com\/wp-content\/uploads\/2024\/09\/la-insolita-situacion-de-un-subcampeon-del-mundo-con-francia-y-sus-caprichos-3.jpg\"><span class=\"epigraphe\">Picante\u00f3 a Lamal en la \u00faltima Euro y no le sali\u00f3 bien (AP).<\/span><\/div>\n<div class=\"custom-text \" readability=\"41\">\n<p><strong>En 2018, con 23 a\u00f1os y jugando para el PSG, hab\u00eda sido parte de una gran pol\u00e9mica <\/strong>en Francia. <strong>Deschamps no lo cit\u00f3 para el Mundial<\/strong> de Rusia que terminar\u00edan ganando pero<strong> s\u00ed lo dej\u00f3 en la lista previa de 30<\/strong> por si hab\u00eda una lesi\u00f3n. \u00bfQu\u00e9 hizo Rabiot? <strong>Se neg\u00f3 a estar y recibi\u00f3 cr\u00edticas hasta del gobierno.<\/strong> \u201cLo llam\u00e9 pero no me atendi\u00f3. Cometi\u00f3 un gran error\u201d, hab\u00eda dicho por entonces el DT, aunque lo perdonar\u00eda con el paso del tiempo. \u201cDurante dos a\u00f1os no tuvimos contacto, pero cuando volv\u00ed hablamos y las cosas van bien. Conoce mi personalidad\u201d, revel\u00f3 Adrien tras el conflicto.<\/p>\n<\/div>\n<p><h2><strong>V\u00e9ronique Rabiot es su madre, representante y protagonista<\/strong><\/h2>\n<\/p>\n<div class=\"custom-text \" readability=\"29.896907216495\">\n<p><strong>Atr\u00e1s de este futbolista rebelde hay otra personalidad fuerte como su representante.<\/strong> <strong>Que, en realidad, antes que nada es su madre: V\u00e9ronique<\/strong>. En la Euro 2021, cuando su hijo hab\u00eda vuelto a representar a su pa\u00eds, Francia se despidi\u00f3 temprano en octavos ante Suiza. Fue por penales y Kylian Mbapp\u00e9 fall\u00f3 el decisivo. <a href=\"https:\/\/www.ole.com.ar\/futbol-internacional\/eurocopa-2016\/francia-eliminacion-rabiot-madre_0_YyJCf_y_L.html\" target=\"_blank\" title=\"V\u00e9ronique Rabiot estaba en la tribuna y estall\u00f3: se\u00f1al\u00f3 a los padres del ahora crack del Real Madrid y tambi\u00e9n se pele\u00f3 con los de Paul Pogba\" alt=\"V\u00e9ronique Rabiot estaba en la tribuna y estall\u00f3: se\u00f1al\u00f3 a los padres del ahora crack del Real Madrid y tambi\u00e9n se pele\u00f3 con los de Paul Pogba\" rel=\"noopener noreferrer\">V\u00e9ronique Rabiot estaba en la tribuna y estall\u00f3: se\u00f1al\u00f3 a los padres del ahora crack del Real Madrid y tambi\u00e9n se pele\u00f3 con los de Paul Pogba<\/a>. Todo con las c\u00e1maras de por medio y frente a los periodistas. Antes de eso, ya hab\u00eda dado que hablar y mucho.<\/p>\n<\/div>\n<div class=\"sc-e7b891c4-0 ifHnQL\"><img alt=\"V\u00e9ronique Rabiot el d\u00eda del problema con la familia de Mbapp\u00e9 en la Euro 2021.\" loading=\"lazy\" width=\"720\" height=\"100\" decoding=\"async\" data-nimg=\"1\" src=\"http:\/\/hoycordobaweb.com\/wp-content\/uploads\/2024\/09\/la-insolita-situacion-de-un-subcampeon-del-mundo-con-francia-y-sus-caprichos-4.jpg\"><span class=\"epigraphe\">V\u00e9ronique Rabiot el d\u00eda del problema con la familia de Mbapp\u00e9 en la Euro 2021.<\/span><\/div>\n<div class=\"custom-text \" readability=\"36\">\n<p>Parisino de nacimiento, Adrien se termin\u00f3 de formar en el PSG en el que debut\u00f3 en Primera en 2012. All\u00ed jug\u00f3 siete temporadas pero se fue mal (libre) y en conflicto con el club con V\u00e9ronique de por medio. <strong>En 2014 la se\u00f1ora fue a encarar al DT Laurent Blanc porque hab\u00eda dejado de convocar a su hijo.<\/strong> Con el tiempo las cosas mejoraron y el Barcelona (el buen Barsa de Messi) se interes\u00f3. Tras largas charlas no hubo forma con la inflexible agente. <\/p>\n<\/div>\n<div class=\"custom-text \" readability=\"40\">\n<p><strong>En 2019<\/strong> cuando se sab\u00eda que el volante iba a quedar libre ella d<strong>ispar\u00f3 con todo contra el PSG.<\/strong> \u201cAdrien est\u00e1 prisionero. <strong>Incluso es un reh\u00e9n del Par\u00eds Saint-Germain. Pronto le van a dar pan duro y agua\u201d, dijo<\/strong> en una entrevista que fue portada de L\u2019Equipe mientras el club hablaba de \u201cfalta de profesionalidad\u201d porque el jugador se hab\u00eda ido a un boliche la misma noche que quedaron eliminados de la Champions ante el Manchester United y le dio likes a las publicaciones del club ingl\u00e9s. <strong>\u201cA otros, estando lesionados, se les permite ir al carnaval\u201d, retruc\u00f3 V\u00e9ronique, apuntando directamente a las licencias que ten\u00eda Neymar<\/strong> en sus primeros tiempos en Par\u00eds&#8230;<\/p>\n<\/div>\n<div class=\"sc-e7b891c4-0 ifHnQL\"><img alt=\"V\u00e9ronique es quien maneja la carrera de su hijo.\" loading=\"lazy\" width=\"720\" height=\"100\" decoding=\"async\" data-nimg=\"1\" src=\"http:\/\/hoycordobaweb.com\/wp-content\/uploads\/2024\/09\/la-insolita-situacion-de-un-subcampeon-del-mundo-con-francia-y-sus-caprichos-5.jpg\"><span class=\"epigraphe\">V\u00e9ronique es quien maneja la carrera de su hijo.<\/span><\/div>\n<div class=\"custom-text \" readability=\"42\">\n<p><strong>\u201cNuestra relaci\u00f3n es natural, como cualquier madre e hijo. Tenemos la misma confianza y el mismo car\u00e1cter. <\/strong>Soy una persona autoritaria, es cierto, mis hijos me lo han reprochado a menudo. No tengo nada que demostrar, no tenemos nada que demostrar. Adrien juega al f\u00fatbol, es su pasi\u00f3n y fuera del campo le gustar\u00eda llevar una vida discreta\u201d, cont\u00f3 m\u00e1s de la personalidad de ambos, en especial de un futbolista que pocas veces habla p\u00fablicamente. <\/p>\n<\/div>\n<div class=\"custom-text \" readability=\"37\">\n<p>Por eso tambi\u00e9n,<strong> V\u00e9ronique creen que en su pa\u00eds se ensa\u00f1an con ella<\/strong> y hasta habl\u00f3 de misoginia por parte de algunos medios. <strong>\u201cNo creo que al padre de Messi lo criticaran porque estaba cuidando a su hijo.<\/strong> Al de Neymar tampoco. Se trata de un problema vinculado a los medios de comunicaci\u00f3n franceses. Acompa\u00f1o a Adrien a entrenar desde que ten\u00eda seis a\u00f1os\u201d, explic\u00f3 en otra entrevista en La Gazzetta dello Sport en donde tambi\u00e9n <strong>se describi\u00f3 como una negociadora \u201ctemible\u201d.<\/strong><\/p>\n<\/div>\n<div class=\"sc-e7b891c4-0 ifHnQL\"><img alt=\"Rabiot en la final del Mundial. Ahora Deschamps le pidi\u00f3 que se busque club lo antes posible (AFP).\" loading=\"lazy\" width=\"720\" height=\"100\" decoding=\"async\" data-nimg=\"1\" src=\"http:\/\/hoycordobaweb.com\/wp-content\/uploads\/2024\/09\/la-insolita-situacion-de-un-subcampeon-del-mundo-con-francia-y-sus-caprichos-6.jpg\"><span class=\"epigraphe\">Rabiot en la final del Mundial. Ahora Deschamps le pidi\u00f3 que se busque club lo antes posible (AFP).<\/span><\/div>\n<div class=\"custom-text \" readability=\"40\">\n<p>De ello pueden dar fe el <strong>Milan, Galatasaray, clubes de Arabia y hasta el Barcelona, todos que fueron a la carga por Adrien en estas semanas y sin \u00e9xito<\/strong>. En Inglaterra se habla de alguna chance del Manchester United o el Newcastle como \u00faltimas opciones en la elite. Obvio, tendr\u00e1n que cumplir con las expectativas econ\u00f3micas del volante mientras Deschamps lamenta su baja. Si no, quedar\u00e1 libre hasta enero o hasta que mam\u00e1 diga&#8230;<\/p>\n<\/div>\n<div class=\"sc-a7166897-0 eoLsBE\" readability=\"6.5\">\n<section readability=\"3\"><picture><img alt=\"Con un rato de Mbapp\u00e9, Francia se recuper\u00f3 ante B\u00e9lgica\" loading=\"lazy\" width=\"290\" height=\"290\" decoding=\"async\" data-nimg=\"1\" src=\"http:\/\/hoycordobaweb.com\/wp-content\/uploads\/2024\/09\/la-insolita-situacion-de-un-subcampeon-del-mundo-con-francia-y-sus-caprichos-7.jpg\"><\/picture>\n<p><span>Mir\u00e1 tambi\u00e9n<\/span><\/p>\n<hr>\n<h3>Con un rato de Mbapp\u00e9, Francia se recuper\u00f3 ante B\u00e9lgica<\/h3>\n<\/p>\n<\/section>\n<\/div>\n<div class=\"sc-a7166897-0 eoLsBE\" readability=\"7\">\n<section readability=\"4\"><picture><img alt=\"Fue campe\u00f3n de Champions con Barcelona, le cuenta a sus hijos que jug\u00f3 con Messi y no le creen\" loading=\"lazy\" width=\"290\" height=\"290\" decoding=\"async\" data-nimg=\"1\" src=\"http:\/\/hoycordobaweb.com\/wp-content\/uploads\/2024\/09\/la-insolita-situacion-de-un-subcampeon-del-mundo-con-francia-y-sus-caprichos-8.jpg\"><\/picture>\n<p><span>Mir\u00e1 tambi\u00e9n<\/span><\/p>\n<hr>\n<h3>Fue campe\u00f3n de Champions con Barcelona, le cuenta a sus hijos que jug\u00f3 con Messi y no le creen<\/h3>\n<\/p>\n<\/section>\n<\/div>\n<div class=\"sc-a7166897-0 eoLsBE\" readability=\"7\">\n<section readability=\"4\"><picture><img alt=\"La respuesta de Yamal a Rabiot tras su desafortunada frase: amague, golazo y gesto a la c\u00e1mara\" loading=\"lazy\" width=\"290\" height=\"290\" decoding=\"async\" data-nimg=\"1\" src=\"http:\/\/hoycordobaweb.com\/wp-content\/uploads\/2024\/09\/la-insolita-situacion-de-un-subcampeon-del-mundo-con-francia-y-sus-caprichos-9.jpg\"><\/picture>\n<p><span>Mir\u00e1 tambi\u00e9n<\/span><\/p>\n<hr>\n<h3>La respuesta de Yamal a Rabiot tras su desafortunada frase: amague, golazo y gesto a la c\u00e1mara<\/h3>\n<\/p>\n<\/section>\n<\/div>\n<\/div>\n","protected":false},"excerpt":{"rendered":"<p>10\/09\/2024 06:00hs. \u00abAdrien Rabiot est\u00e1 en una situaci\u00f3n inc\u00f3moda y embarazosa. Su contrat\u00f3 termin\u00f3 y varios clubes lo solicitaron pero ahora est\u00e1 sin equipo y no se entrena con un grupo. Espero que firme en alg\u00fan lado para que luego pueda traerlo de vuelta con nosotros\u201d. La palabra de Didier Deschamps, el entrenador de Francia, [&hellip;]<\/p>\n","protected":false},"author":1,"featured_media":82889,"comment_status":"open","ping_status":"closed","sticky":false,"template":"","format":"standard","meta":[],"categories":[16],"tags":[],"_links":{"self":[{"href":"http:\/\/hoycordobaweb.com\/index.php\/wp-json\/wp\/v2\/posts\/82888"}],"collection":[{"href":"http:\/\/hoycordobaweb.com\/index.php\/wp-json\/wp\/v2\/posts"}],"about":[{"href":"http:\/\/hoycordobaweb.com\/index.php\/wp-json\/wp\/v2\/types\/post"}],"author":[{"embeddable":true,"href":"http:\/\/hoycordobaweb.com\/index.php\/wp-json\/wp\/v2\/users\/1"}],"replies":[{"embeddable":true,"href":"http:\/\/hoycordobaweb.com\/index.php\/wp-json\/wp\/v2\/comments?post=82888"}],"version-history":[{"count":0,"href":"http:\/\/hoycordobaweb.com\/index.php\/wp-json\/wp\/v2\/posts\/82888\/revisions"}],"wp:featuredmedia":[{"embeddable":true,"href":"http:\/\/hoycordobaweb.com\/index.php\/wp-json\/wp\/v2\/media\/82889"}],"wp:attachment":[{"href":"http:\/\/hoycordobaweb.com\/index.php\/wp-json\/wp\/v2\/media?parent=82888"}],"wp:term":[{"taxonomy":"category","embeddable":true,"href":"http:\/\/hoycordobaweb.com\/index.php\/wp-json\/wp\/v2\/categories?post=82888"},{"taxonomy":"post_tag","embeddable":true,"href":"http:\/\/hoycordobaweb.com\/index.php\/wp-json\/wp\/v2\/tags?post=82888"}],"curies":[{"name":"wp","href":"https:\/\/api.w.org\/{rel}","templated":true}]}}