{"id":82886,"date":"2024-09-10T11:38:22","date_gmt":"2024-09-10T11:38:22","guid":{"rendered":"https:\/\/www.ole.com.ar\/futbol-internacional\/eliminatorias\/bolivia-venezuela-altura-eliminatorias-sudamericanas-fernando-batista_0_dEyeyfmdGh.html"},"modified":"2024-09-10T11:38:22","modified_gmt":"2024-09-10T11:38:22","slug":"el-crudo-relato-de-fernando-batista-luego-de-perder-contra-bolivia-a-4150-metros-de-altura","status":"publish","type":"post","link":"http:\/\/hoycordobaweb.com\/index.php\/2024\/09\/10\/el-crudo-relato-de-fernando-batista-luego-de-perder-contra-bolivia-a-4150-metros-de-altura\/","title":{"rendered":"El crudo relato de Fernando Batista luego de perder contra Bolivia a 4150 metros de altura"},"content":{"rendered":"<p><img src=\"http:\/\/hoycordobaweb.com\/wp-content\/uploads\/2024\/09\/el-crudo-relato-de-fernando-batista-luego-de-perder-contra-bolivia-a-4150-metros-de-altura.jpg\"><\/p>\n<p><time class=\"createDate\" datetime=\"2024-09-10T08:38:22-03:00\">10\/09\/2024 08:38hs.<\/time><time class=\"modificatedDate\" datetime=\"2024-09-10T08:39:18-03:00\"> Actualizado al 10\/09\/2024 08:39hs.<\/time><\/p>\n<div id=\"storyBody\">\n<div class=\"custom-text \" readability=\"38.618181818182\">\n<p><strong><a href=\"https:\/\/www.ole.com.ar\/futbol-internacional\/eliminatorias\/bolivia-venezuela-altura-eliminatorias-sudamericanas-fernando-batista_0_dEyeyfmdGh.html\" target=\"_self\" title=\"Bolivia\" alt=\"Bolivia\" rel=\"noopener noreferrer\">Bolivia<\/a> <\/strong>de local fue, hist\u00f3ricamente, una pesadilla en las <strong><a href=\"https:\/\/www.ole.com.ar\/futbol-internacional\/eliminatorias\/bolivia-venezuela-altura-eliminatorias-sudamericanas-fernando-batista_0_dEyeyfmdGh.html\" target=\"_self\" title=\"Eliminatorias Sudamericanas\" alt=\"Eliminatorias Sudamericanas\" rel=\"noopener noreferrer\">Eliminatorias Sudamericanas<\/a> <\/strong>por la altura. Y ahora, con su nueva sede a<strong> 4150 metros<\/strong>, lo es todav\u00eda m\u00e1s. Por una cuesti\u00f3n de calendario, <strong><a href=\"https:\/\/www.ole.com.ar\/tema\/seleccion-de-venezuela.html\" target=\"_self\" title=\"Venezuela\" alt=\"Venezuela\" rel=\"noopener noreferrer\">Venezuela<\/a> <\/strong>fue la primera v\u00edctima de una medida que pone en riesgo la vida de los futbolistas, los \u00e1rbitros y el cuerpo t\u00e9cnico. Sin embargo, no ser\u00e1 la \u00fanica: <strong><a href=\"https:\/\/www.ole.com.ar\/tema\/colombia.html\" target=\"_self\" title=\"Colombia\" alt=\"Colombia\" rel=\"noopener noreferrer\">Colombia<\/a> <\/strong>tendr\u00e1 que pasar por lo mismo en octubre y <strong><a href=\"https:\/\/www.ole.com.ar\/futbol-internacional\/eliminatorias\/bolivia-venezuela-altura-eliminatorias-sudamericanas-fernando-batista_0_dEyeyfmdGh.html\" target=\"_self\" title=\"Ecuador\" alt=\"Ecuador\" rel=\"noopener noreferrer\">Ecuador<\/a> <\/strong>en noviembre. Por lo tanto, luego de la experiencia, <strong><a href=\"https:\/\/www.ole.com.ar\/futbol-internacional\/eliminatorias\/bolivia-venezuela-altura-eliminatorias-sudamericanas-fernando-batista_0_dEyeyfmdGh.html\" target=\"_self\" title=\"Fernando Batista\" alt=\"Fernando Batista\" rel=\"noopener noreferrer\">Fernando Batista<\/a> <\/strong>comparti\u00f3 c\u00f3mo sobrellevaron la dram\u00e1tica estad\u00eda y el mal momento que atravesaron por la falta de oxigeno.<\/p>\n<\/div>\n<div class=\"custom-text \" readability=\"37\">\n<p>\u00abFue un golpe duro porque quer\u00edamos sacar un mejor resultado. <strong>Si les puedo decir, despu\u00e9s de unos d\u00edas, que la verdad es inhumano jugar all\u00ed<\/strong>\u00ab, asegur\u00f3 el entrenador de la Vinotinto en conferencia de prensa. <\/p>\n<\/div>\n<div class=\"custom-text \" readability=\"36\">\n<p>Siguiendo la misma l\u00ednea, relat\u00f3 en carne propia qu\u00e9 fue lo que sinti\u00f3 su cuerpo en el lugar. \u00ab<strong>Esta persona que est\u00e1 hablando tuvo que ir dos veces al vestuario a inhalar ox\u00edgeno porque se estaba ahogando<\/strong>\u00ab, asegur\u00f3. Y agreg\u00f3: \u00ab<strong>Hubo jugadores que salieron con mareos<\/strong>\u00ab.<\/p>\n<\/div>\n<div class=\"custom-text \" readability=\"42\">\n<p>Cabe remarcar que, como consecuencia de la falta de oxigeno, en el aeropuerto de la ciudad hay tubos de ox\u00edgeno para quienes lo necesitan. Esta situaci\u00f3n muestra que, los futbolistas que tienen que viajar, tienen que prepararse much\u00edsimo m\u00e1s f\u00edsicamente para poder correr en la altura. Afortunadamente, la <strong>Selecci\u00f3n Argentina<\/strong> enfrentar\u00e1 a <strong>Bolivia <\/strong>en octubre, pero lo har\u00e1 en condici\u00f3n de local. Por lo tanto, la delegaci\u00f3n de <strong>Lionel Scaloni<\/strong> no tendr\u00e1 que preocuparse por la nueva sede. <\/p>\n<\/div>\n<div type=\"embed\" class=\"sc-3f46f5ae-0 djVTgz\">\n<div class=\"sc-3f46f5ae-1 fTjZec videoText\" id=\"contentTitleembedhtyQ2xwb\" type=\"embed\"><svg fill=\"#ffffff\"><symbol id=\"play\" viewBox=\"0 0 512 512\"><path d=\"M512 256C512 397.4 397.4 512 256 512C114.6 512 0 397.4 0 256C0 114.6 114.6 0 256 0C397.4 0 512 114.6 512 256zM176 168V344C176 352.7 180.7 360.7 188.3 364.9C195.8 369.2 205.1 369 212.5 364.5L356.5 276.5C363.6 272.1 368 264.4 368 256C368 247.6 363.6 239.9 356.5 235.5L212.5 147.5C205.1 142.1 195.8 142.8 188.3 147.1C180.7 151.3 176 159.3 176 168V168z\" \/><\/symbol><use xlink:href=\"#play\" \/><\/svg><\/p>\n<div class=\"right\">\n<p>bolivia<!-- --> &#8211;<!-- --> <span>&nbsp;<\/span><\/p>\n<h2 class=\"title-vid\">Fernando Batista describi\u00f3 c\u00f3mo fue la estad\u00eda en Bolivia<\/h2>\n<\/div>\n<\/div>\n<p><span class=\"back\" id=\"spanBackembedhtyQ2xwb\"><\/span><\/div>\n<p><h2>\u00bfQu\u00e9 pas\u00f3 con el hist\u00f3rico estadio Siles?<\/h2>\n<\/p>\n<div class=\"custom-text \" readability=\"37\">\n<p>Por decisi\u00f3n del nuevo cuerpo t\u00e9cnico de <strong>Bolivia<\/strong>, el hist\u00f3rico estadio <strong>Siles <\/strong>solo ser\u00e1 utilizado en ocasiones especiales. A partir de septiembre del 2024, <strong>La Verde oficiar\u00e1 de local en El Alto<\/strong>, un estadio que est\u00e1 a 4090 metros de altura. <\/p>\n<\/div>\n<div class=\"custom-text \" readability=\"35\">\n<p>De esta manera, todos aquellos que tengan que visitar a este combinado por las <strong>Eliminatorias Sudamericanas<\/strong> deber\u00e1n someterse a un nuevo desaf\u00edo que implica estar 550 metros m\u00e1s arriba que en la sede anterior.<\/p>\n<\/div>\n<p><h2>Venezuela quiere dejar atr\u00e1s la goleada ante Bolivia para enfrentar a Uruguay<\/h2>\n<\/p>\n<div class=\"custom-text \" readability=\"37\">\n<p>Luego de perder 4 a 0 ante Bolivia, el entrenador de Venezuela destac\u00f3 la necesidad de dejar atr\u00e1s el mal trago antes de medirse contra Uruguay en condici\u00f3n de locales. \u00ab<strong>\u00bfC\u00f3mo no vamos a tener la ilusi\u00f3n intacta? <\/strong>El partido va a ser un partido tan importante como fueron los siete partidos pasados que nos llevan a estar en zona de clasificaci\u00f3n\u00bb, indic\u00f3.<\/p>\n<\/div>\n<div type=\"embed\" class=\"sc-3f46f5ae-0 djVTgz\">\n<div class=\"sc-3f46f5ae-1 fTjZec videoText\" id=\"contentTitleembedMDYm9Bv1\" type=\"embed\"><svg fill=\"#ffffff\"><symbol id=\"play\" viewBox=\"0 0 512 512\"><path d=\"M512 256C512 397.4 397.4 512 256 512C114.6 512 0 397.4 0 256C0 114.6 114.6 0 256 0C397.4 0 512 114.6 512 256zM176 168V344C176 352.7 180.7 360.7 188.3 364.9C195.8 369.2 205.1 369 212.5 364.5L356.5 276.5C363.6 272.1 368 264.4 368 256C368 247.6 363.6 239.9 356.5 235.5L212.5 147.5C205.1 142.1 195.8 142.8 188.3 147.1C180.7 151.3 176 159.3 176 168V168z\" \/><\/symbol><use xlink:href=\"#play\" \/><\/svg><\/p>\n<div class=\"right\">\n<p>Selecci\u00f3n Bolivia<!-- --> &#8211;<!-- --> <span>&nbsp;<\/span><\/p>\n<h2 class=\"title-vid\">El resumen de la goleada de Bolivia ante Venezuela<\/h2>\n<\/div>\n<\/div>\n<p><span class=\"back\" id=\"spanBackembedMDYm9Bv1\"><\/span><\/div>\n<div class=\"custom-text \" readability=\"39\">\n<p>En este sentido, detall\u00f3: \u00abVeo a los muchachos muy tranquilos, muy bien, muy unidos. L\u00f3gicamente con la bronca de perder, pero estamos bien, <strong>dimos vuelta a la p\u00e1gina y estamos preparados para hacer un gran partido<\/strong>\u00ab.<\/p>\n<\/div>\n<div class=\"custom-text \" readability=\"41\">\n<p>A su vez, reconoci\u00f3 el potencial que tiene la Celeste que, desde 2023, tambi\u00e9n es dirigida por <strong>Marcelo Bielsa<\/strong>, uno de sus compatriotas en actividad. \u00ab<strong>Vamos a enfrentar a un rival que es muy dif\u00edcil<\/strong>. Sabemos que tienen bajas importantes, pero <strong>no hay que subestimar la calidad del jugador uruguayo y al gran entrenador que tienen<\/strong>\u00ab, reconoci\u00f3.<\/p>\n<\/div>\n<div class=\"sc-a7166897-0 eoLsBE\" readability=\"7\">\n<section readability=\"4\"><picture><img alt=\"Calor extremo, obsesi\u00f3n local y clima de cl\u00e1sico: los otros rivales de Argentina en Colombia\" loading=\"lazy\" width=\"290\" height=\"290\" decoding=\"async\" data-nimg=\"1\" src=\"http:\/\/hoycordobaweb.com\/wp-content\/uploads\/2024\/09\/el-crudo-relato-de-fernando-batista-luego-de-perder-contra-bolivia-a-4150-metros-de-altura-2.jpg\"><\/picture>\n<p><span>Mir\u00e1 tambi\u00e9n<\/span><\/p>\n<hr>\n<h3>Calor extremo, obsesi\u00f3n local y clima de cl\u00e1sico: los otros rivales de Argentina en Colombia<\/h3>\n<\/p>\n<\/section>\n<\/div>\n<div class=\"sc-a7166897-0 eoLsBE\" readability=\"6\">\n<section readability=\"2\"><picture><img alt=\"N\u00e9stor Lorenzo cont\u00f3 la f\u00f3rmula de Colombia para intentar ganarle a la Argentina\" loading=\"lazy\" width=\"290\" height=\"290\" decoding=\"async\" data-nimg=\"1\" src=\"http:\/\/hoycordobaweb.com\/wp-content\/uploads\/2024\/09\/el-crudo-relato-de-fernando-batista-luego-de-perder-contra-bolivia-a-4150-metros-de-altura-3.jpg\"><\/picture>\n<p><span>Mir\u00e1 tambi\u00e9n<\/span><\/p>\n<hr>\n<h3>N\u00e9stor Lorenzo cont\u00f3 la f\u00f3rmula de Colombia para intentar ganarle a la Argentina<\/h3>\n<\/p>\n<\/section>\n<\/div>\n<div class=\"sc-a7166897-0 eoLsBE\" readability=\"6\">\n<section readability=\"2\"><picture><img alt=\"A qu\u00e9 hora juegan Argentina y Canad\u00e1 por la Copa Davis\" loading=\"lazy\" width=\"290\" height=\"290\" decoding=\"async\" data-nimg=\"1\" src=\"http:\/\/hoycordobaweb.com\/wp-content\/uploads\/2024\/09\/el-crudo-relato-de-fernando-batista-luego-de-perder-contra-bolivia-a-4150-metros-de-altura-4.jpg\"><\/picture>\n<p><span>Mir\u00e1 tambi\u00e9n<\/span><\/p>\n<hr>\n<h3>A qu\u00e9 hora juegan Argentina y Canad\u00e1 por la Copa Davis<\/h3>\n<\/p>\n<\/section>\n<\/div>\n<\/div>\n","protected":false},"excerpt":{"rendered":"<p>10\/09\/2024 08:38hs. Actualizado al 10\/09\/2024 08:39hs. Bolivia de local fue, hist\u00f3ricamente, una pesadilla en las Eliminatorias Sudamericanas por la altura. Y ahora, con su nueva sede a 4150 metros, lo es todav\u00eda m\u00e1s. Por una cuesti\u00f3n de calendario, Venezuela fue la primera v\u00edctima de una medida que pone en riesgo la vida de los futbolistas, [&hellip;]<\/p>\n","protected":false},"author":1,"featured_media":82887,"comment_status":"open","ping_status":"closed","sticky":false,"template":"","format":"standard","meta":[],"categories":[16],"tags":[],"_links":{"self":[{"href":"http:\/\/hoycordobaweb.com\/index.php\/wp-json\/wp\/v2\/posts\/82886"}],"collection":[{"href":"http:\/\/hoycordobaweb.com\/index.php\/wp-json\/wp\/v2\/posts"}],"about":[{"href":"http:\/\/hoycordobaweb.com\/index.php\/wp-json\/wp\/v2\/types\/post"}],"author":[{"embeddable":true,"href":"http:\/\/hoycordobaweb.com\/index.php\/wp-json\/wp\/v2\/users\/1"}],"replies":[{"embeddable":true,"href":"http:\/\/hoycordobaweb.com\/index.php\/wp-json\/wp\/v2\/comments?post=82886"}],"version-history":[{"count":0,"href":"http:\/\/hoycordobaweb.com\/index.php\/wp-json\/wp\/v2\/posts\/82886\/revisions"}],"wp:featuredmedia":[{"embeddable":true,"href":"http:\/\/hoycordobaweb.com\/index.php\/wp-json\/wp\/v2\/media\/82887"}],"wp:attachment":[{"href":"http:\/\/hoycordobaweb.com\/index.php\/wp-json\/wp\/v2\/media?parent=82886"}],"wp:term":[{"taxonomy":"category","embeddable":true,"href":"http:\/\/hoycordobaweb.com\/index.php\/wp-json\/wp\/v2\/categories?post=82886"},{"taxonomy":"post_tag","embeddable":true,"href":"http:\/\/hoycordobaweb.com\/index.php\/wp-json\/wp\/v2\/tags?post=82886"}],"curies":[{"name":"wp","href":"https:\/\/api.w.org\/{rel}","templated":true}]}}