{"id":82861,"date":"2024-09-10T09:35:24","date_gmt":"2024-09-10T09:35:24","guid":{"rendered":"https:\/\/www.trendencias.com\/diseno\/cocina-pequena-gracia-personalidad-a-espacio-armonioso-e-inspirador-reforma-muy-facil"},"modified":"2024-09-10T09:35:24","modified_gmt":"2024-09-10T09:35:24","slug":"de-cocina-pequena-sin-gracia-ni-personalidad-a-espacio-armonioso-e-inspirador-con-una-reforma-muy-facil","status":"publish","type":"post","link":"http:\/\/hoycordobaweb.com\/index.php\/2024\/09\/10\/de-cocina-pequena-sin-gracia-ni-personalidad-a-espacio-armonioso-e-inspirador-con-una-reforma-muy-facil\/","title":{"rendered":"De cocina peque\u00f1a sin gracia ni personalidad a espacio armonioso e inspirador con una reforma muy f\u00e1cil"},"content":{"rendered":"<p>Para bien o para mal, las cocinas ya no son meros espacios funcionales en los que almacenar y cocinar alimentos. En los \u00faltimos tiempos se han convertido en espacios que reclaman personalidad propia dentro de casa y su dosis de dise\u00f1o, mimo y esmero est\u00e9tico. Un buen ejemplo de c\u00f3mo <strong>hasta una cocina vieja y desactualizada puede transformarse en un lugar inspirador<\/strong> es este proyecto de la empresa de reformas Cuina 1.<\/p>\n<p><!-- BREAK 1 --> <\/p>\n<div class=\"article-asset article-asset-normal article-asset-center\">\n<div class=\"desvio-container\">\n<div class=\"desvio\">\n<div class=\"desvio-figure js-desvio-figure\"> <a href=\"https:\/\/www.trendencias.com\/diseno\/mesa-vieja-desuso-a-mesa-auxiliar-diseno-para-jardin-usando-solo-cortina-ducha\"> <img loading=\"lazy\" alt=\"De mesa vieja y en desuso a mesa auxiliar de dise\u00f1o para el jard\u00edn usando solo una cortina de ducha\" width=\"375\" height=\"142\" src=\"http:\/\/hoycordobaweb.com\/wp-content\/uploads\/2024\/09\/de-cocina-pequena-sin-gracia-ni-personalidad-a-espacio-armonioso-e-inspirador-con-una-reforma-muy-facil.jpg\"> <\/a> <\/div><\/div><\/div>\n<\/div>\n<p>Aunque lo que ten\u00edan era una estancia vieja, sin gracia ni personalidad, estos clientes de Cuina 1 se negaron a renunciar tener la cocina de sus sue\u00f1os. El punto de partida era una <strong>distribuci\u00f3n alargada<\/strong>, en la que todos los muebles se concentraban a un lado, y una galer\u00eda exterior al final desde la que entraba la luz. Aunque completamente desaprovechada.<\/p>\n<p><!-- BREAK 2 --><\/p>\n<p>Remataban la estampa un suelo y una encimera cuyos patrones compet\u00edan entre ellos por acaparar todo el protagonismo, y <strong>cuya armon\u00eda est\u00e9tica era completamente irreconciliable<\/strong>. Con este antes, hab\u00eda que tener mucha fe y esperanza en el despu\u00e9s pero nada es imposible con una reforma.<\/p>\n<p><!-- BREAK 3 --> <\/p>\n<div class=\"article-asset-image article-asset-normal article-asset-center\">\n<div class=\"asset-content\"> <img class=\"centro_sinmarco\" height=\"900\" width=\"1350\" loading=\"lazy\" decoding=\"async\" sizes=\"100vw\" fetchpriority=\"high\" srcset=\"http:\/\/hoycordobaweb.com\/wp-content\/uploads\/2024\/09\/de-cocina-pequena-sin-gracia-ni-personalidad-a-espacio-armonioso-e-inspirador-con-una-reforma-muy-facil.png 450w, http:\/\/hoycordobaweb.com\/wp-content\/uploads\/2024\/09\/de-cocina-pequena-sin-gracia-ni-personalidad-a-espacio-armonioso-e-inspirador-con-una-reforma-muy-facil-2.png 681w, http:\/\/hoycordobaweb.com\/wp-content\/uploads\/2024\/09\/de-cocina-pequena-sin-gracia-ni-personalidad-a-espacio-armonioso-e-inspirador-con-una-reforma-muy-facil-3.png 1024w, http:\/\/hoycordobaweb.com\/wp-content\/uploads\/2024\/09\/de-cocina-pequena-sin-gracia-ni-personalidad-a-espacio-armonioso-e-inspirador-con-una-reforma-muy-facil-4.png 1366w\" src=\"http:\/\/hoycordobaweb.com\/wp-content\/uploads\/2024\/09\/de-cocina-pequena-sin-gracia-ni-personalidad-a-espacio-armonioso-e-inspirador-con-una-reforma-muy-facil.png\" alt=\"cocina\"> <noscript><img alt=\"cocina\" class=\"centro_sinmarco\" src=\"http:\/\/hoycordobaweb.com\/wp-content\/uploads\/2024\/09\/de-cocina-pequena-sin-gracia-ni-personalidad-a-espacio-armonioso-e-inspirador-con-una-reforma-muy-facil.png\"><\/noscript> <\/div>\n<\/div>\n<p>De hecho, el resultado es tan espectacular que no parece que estemos hablando de la misma habitaci\u00f3n. As\u00ed, en esta cocina predominan ahora <strong>los colores claros y arm\u00f3nicos<\/strong>. Esto hace que el espacio rezume paz y tranquilidad y que se haya convertido en el espacio de reposo y encuentro familiar que siempre ha merecido ser.<\/p>\n<p><!-- BREAK 4 --><\/p>\n<p>Esto es algo que se ha conseguido con un <strong>suelo vinilado en color beige y una encimera de un tono claro<\/strong> muy similar. Mientras que los armarios suben un tono al marr\u00f3n para que la estancia no sea tan homog\u00e9nea y acabe cayendo en lo soso.<\/p>\n<p><!-- BREAK 5 --><\/p>\n<div class=\"article-asset-image article-asset-small article-asset-center\">\n<div class=\"asset-content\"> <img class=\"centro_sinmarco\" height=\"1124\" width=\"1002\" loading=\"lazy\" decoding=\"async\" sizes=\"100vw\" fetchpriority=\"high\" srcset=\"http:\/\/hoycordobaweb.com\/wp-content\/uploads\/2024\/09\/de-cocina-pequena-sin-gracia-ni-personalidad-a-espacio-armonioso-e-inspirador-con-una-reforma-muy-facil-1.png 450w, http:\/\/hoycordobaweb.com\/wp-content\/uploads\/2024\/09\/de-cocina-pequena-sin-gracia-ni-personalidad-a-espacio-armonioso-e-inspirador-con-una-reforma-muy-facil-5.png 681w, http:\/\/hoycordobaweb.com\/wp-content\/uploads\/2024\/09\/de-cocina-pequena-sin-gracia-ni-personalidad-a-espacio-armonioso-e-inspirador-con-una-reforma-muy-facil-6.png 1024w, http:\/\/hoycordobaweb.com\/wp-content\/uploads\/2024\/09\/de-cocina-pequena-sin-gracia-ni-personalidad-a-espacio-armonioso-e-inspirador-con-una-reforma-muy-facil-7.png 1366w\" src=\"http:\/\/hoycordobaweb.com\/wp-content\/uploads\/2024\/09\/de-cocina-pequena-sin-gracia-ni-personalidad-a-espacio-armonioso-e-inspirador-con-una-reforma-muy-facil-1.png\" alt=\"reforma\"> <noscript><img alt=\"reforma\" class=\"centro_sinmarco\" src=\"http:\/\/hoycordobaweb.com\/wp-content\/uploads\/2024\/09\/de-cocina-pequena-sin-gracia-ni-personalidad-a-espacio-armonioso-e-inspirador-con-una-reforma-muy-facil-1.png\"><\/noscript> <\/div>\n<\/div>\n<p>Adem\u00e1s, los muebles son de un color pino mate que aporta un toque muy natural y que huye de las <strong>antiguas superficies abrillantadas <\/strong>que ya no tienen cabida en una cocina puesta al d\u00eda.<\/p>\n<p><!-- BREAK 6 --> <\/p>\n<p>Por otro lado, los fuegos son ahora una placa de gas con tres fogones y el fregadero est\u00e1 rematado con un <strong>bonito ca\u00f1o <\/strong>a conjunto con el beige predominante en toda la estancia. Un detalle que contribuye a que nada desentone.<\/p>\n<p><!-- BREAK 7 --><\/p>\n<p>Aunque lo que hace que se termine de lograr ese efecto <em>wow<\/em> es la iluminaci\u00f3n, gracias a una amplia luz led rectangular en el techo de la cocina que ofrece una &nbsp;<strong>iluminaci\u00f3n matizada y ambiental<\/strong> que aumenta la sensaci\u00f3n de relax para cocinar sin prisas y comer disfrutando del momento en compa\u00f1\u00eda.<\/p>\n<p><!-- BREAK 8 --><\/p>\n<blockquote class=\"tiktok-embed\" cite=\"https:\/\/www.tiktok.com\/@cuina1tgn\/video\/7398532704423169313\" data-video-id=\"7398532704423169313\" data-embed-from=\"oembed\" readability=\"3.3667711598746\">\n<section readability=\"3.3667711598746\"> <a target=\"_blank\" title=\"@cuina1tgn\" href=\"https:\/\/www.tiktok.com\/@cuina1tgn?refer=embed\" rel=\"noopener noreferrer\">@cuina1tgn<\/a> <\/p>\n<p>El mejor regalo que te pueden hacer sin lugar a duda, algo con lo que so\u00f1abas!\u2728\ufe0f Este es el resultado de la reforma integral, espero que te guste tanto como a mi.\ud83d\ude01 <a title=\"interiorismo\" target=\"_blank\" href=\"https:\/\/www.tiktok.com\/tag\/interiorismo?refer=embed\" rel=\"noopener noreferrer\">#interiorismo<\/a> <a title=\"reformadecasa\" target=\"_blank\" href=\"https:\/\/www.tiktok.com\/tag\/reformadecasa?refer=embed\" rel=\"noopener noreferrer\">#reformadecasa<\/a> <a title=\"cocinasmodernas\" target=\"_blank\" href=\"https:\/\/www.tiktok.com\/tag\/cocinasmodernas?refer=embed\" rel=\"noopener noreferrer\">#cocinasmodernas<\/a> <a title=\"reformadecocina\" target=\"_blank\" href=\"https:\/\/www.tiktok.com\/tag\/reformadecocina?refer=embed\" rel=\"noopener noreferrer\">#reformadecocina<\/a> <a title=\"dise\u00f1odeinteriores\" target=\"_blank\" href=\"https:\/\/www.tiktok.com\/tag\/dise%C3%B1odeinteriores?refer=embed\" rel=\"noopener noreferrer\">#dise\u00f1odeinteriores<\/a> <a title=\"beforeandafter\" target=\"_blank\" href=\"https:\/\/www.tiktok.com\/tag\/beforeandafter?refer=embed\" rel=\"noopener noreferrer\">#beforeandafter<\/a> <\/p>\n<p> <a target=\"_blank\" title=\"\u266c sonido original - mauricioespejo\" href=\"https:\/\/www.tiktok.com\/music\/sonido-original-7196387609672370950?refer=embed\" rel=\"noopener noreferrer\">\u266c sonido original &#8211; mauricioespejo<\/a> <\/section>\n<\/blockquote>\n<p>En lo que respecta a la galer\u00eda, se han eliminado las separaciones f\u00edsicas y la zona <strong>se ha integrado en el conjunto del espacio<\/strong>, \u00fanicamente separada por una pared de yeso tras la que se encuentra muy bien integrado el espacio de lavander\u00eda.<\/p>\n<p><!-- BREAK 9 --><\/p>\n<p>Foto de portada | <a rel=\"noopener, noreferrer\" href=\"https:\/\/www.flickr.com\/photos\/medea_material\/\" data-id=\"author\">medea_material<\/a><\/p>\n<p>Fotos de interior | <a rel=\"noopener, noreferrer\" href=\"https:\/\/www.tiktok.com\/@cuina1tgn\"><u>cuina1tgn<\/u><\/a><\/p>\n<p>En Trendencias | <a href=\"https:\/\/www.trendencias.com\/diseno\/19-basicos-zara-home-para-decorar-salon\">19 b\u00e1sicos de Zara Home para decorar el sal\u00f3n<\/a><\/p>\n<p>En Trendencias | <a href=\"https:\/\/www.trendencias.com\/propuestas-y-consejos\/guia-practica-para-limpiar-plancha-casa-que-siempre-este-como-primer-dia\">Gu\u00eda pr\u00e1ctica para limpiar la plancha en casa y que siempre est\u00e9 como el primer d\u00eda<\/a><\/p>\n","protected":false},"excerpt":{"rendered":"<p>Para bien o para mal, las cocinas ya no son meros espacios funcionales en los que almacenar y cocinar alimentos. En los \u00faltimos tiempos se han convertido en espacios que reclaman personalidad propia dentro de casa y su dosis de dise\u00f1o, mimo y esmero est\u00e9tico. Un buen ejemplo de c\u00f3mo hasta una cocina vieja y [&hellip;]<\/p>\n","protected":false},"author":1,"featured_media":82862,"comment_status":"closed","ping_status":"closed","sticky":false,"template":"","format":"standard","meta":[],"categories":[],"tags":[],"_links":{"self":[{"href":"http:\/\/hoycordobaweb.com\/index.php\/wp-json\/wp\/v2\/posts\/82861"}],"collection":[{"href":"http:\/\/hoycordobaweb.com\/index.php\/wp-json\/wp\/v2\/posts"}],"about":[{"href":"http:\/\/hoycordobaweb.com\/index.php\/wp-json\/wp\/v2\/types\/post"}],"author":[{"embeddable":true,"href":"http:\/\/hoycordobaweb.com\/index.php\/wp-json\/wp\/v2\/users\/1"}],"replies":[{"embeddable":true,"href":"http:\/\/hoycordobaweb.com\/index.php\/wp-json\/wp\/v2\/comments?post=82861"}],"version-history":[{"count":0,"href":"http:\/\/hoycordobaweb.com\/index.php\/wp-json\/wp\/v2\/posts\/82861\/revisions"}],"wp:featuredmedia":[{"embeddable":true,"href":"http:\/\/hoycordobaweb.com\/index.php\/wp-json\/wp\/v2\/media\/82862"}],"wp:attachment":[{"href":"http:\/\/hoycordobaweb.com\/index.php\/wp-json\/wp\/v2\/media?parent=82861"}],"wp:term":[{"taxonomy":"category","embeddable":true,"href":"http:\/\/hoycordobaweb.com\/index.php\/wp-json\/wp\/v2\/categories?post=82861"},{"taxonomy":"post_tag","embeddable":true,"href":"http:\/\/hoycordobaweb.com\/index.php\/wp-json\/wp\/v2\/tags?post=82861"}],"curies":[{"name":"wp","href":"https:\/\/api.w.org\/{rel}","templated":true}]}}