{"id":82859,"date":"2024-09-10T09:44:26","date_gmt":"2024-09-10T09:44:26","guid":{"rendered":"https:\/\/www.trendencias.com\/celebrities\/isa-pantoja-urgencias-desvela-fin-su-diagnostico"},"modified":"2024-09-10T09:44:26","modified_gmt":"2024-09-10T09:44:26","slug":"isa-pantoja-en-urgencias-desvela-por-fin-su-diagnostico","status":"publish","type":"post","link":"http:\/\/hoycordobaweb.com\/index.php\/2024\/09\/10\/isa-pantoja-en-urgencias-desvela-por-fin-su-diagnostico\/","title":{"rendered":"Isa Pantoja, en urgencias, desvela por fin su diagn\u00f3stico"},"content":{"rendered":"<p>Isa Pantoja lleva unos mesecitos de m\u00e9dicos que para ella se quedan. Recordemos que fue en mayo cuando acud\u00eda al hospital despu\u00e9s de varios d\u00edas \u00abcon mocos y much\u00edsima tos\u00bb: \u00abFui al m\u00e9dico para que me viese. Me dijeron que ten\u00eda una<strong> infecci\u00f3n en las v\u00edas respiratorias. <\/strong>Me dijeron que al tener la mucosa verde me ten\u00edan que mandar antibi\u00f3tico y un jarabe para expectorar\u00bb, le contaba a sus seguidores de Instagram por entonces.<\/p>\n<p><!-- BREAK 1 --> <\/p>\n<div class=\"article-asset article-asset-normal article-asset-center\">\n<div class=\"desvio-container\">\n<div class=\"desvio\">\n<div class=\"desvio-figure js-desvio-figure\"> <a href=\"https:\/\/www.trendencias.com\/celebrities\/durisimas-palabras-isa-p-salud-su-madre-isabel-pantoja\"> <img loading=\"lazy\" alt=\"Las dur\u00edsimas palabras de Isa P sobre la salud de su madre, Isabel Pantoja \" width=\"375\" height=\"142\" src=\"http:\/\/hoycordobaweb.com\/wp-content\/uploads\/2024\/09\/isa-pantoja-en-urgencias-desvela-por-fin-su-diagnostico.jpg\"> <\/a> <\/div><\/div><\/div>\n<\/div>\n<p>La hija de<a href=\"https:\/\/www.trendencias.com\/tag\/isabel%20pantoja\"> Isabel Pantoja<\/a> destac\u00f3 que lleg\u00f3 a pensar que se \u00abmor\u00eda\u00bb ya que \u00abnotaba las v\u00edas respiratorias s\u00faper estrechas. No pod\u00eda respirar ni por la nariz, ni por la boca. Me he sentido fatal\u00bb, explicaba la colaboradora a trav\u00e9s de varios <em>stories<\/em>. Y es que ha sido en las \u00faltimas horas cuando la influencer se ha visto obligada a visitar el hospital por un fuerte dolor en la <strong>boca del est\u00f3mago<\/strong> que, a posteriori, se ha pasado a su tripa.<\/p>\n<p><!-- BREAK 2 --><\/p>\n<div class=\"article-asset-image article-asset-normal article-asset-center\">\n<div class=\"asset-content\"> <img class=\"centro_sinmarco\" height=\"862\" width=\"485\" loading=\"lazy\" decoding=\"async\" sizes=\"100vw\" fetchpriority=\"high\" srcset=\"http:\/\/hoycordobaweb.com\/wp-content\/uploads\/2024\/09\/isa-pantoja-en-urgencias-desvela-por-fin-su-diagnostico-1.jpg 450w, http:\/\/hoycordobaweb.com\/wp-content\/uploads\/2024\/09\/isa-pantoja-en-urgencias-desvela-por-fin-su-diagnostico-4.jpg 681w, http:\/\/hoycordobaweb.com\/wp-content\/uploads\/2024\/09\/isa-pantoja-en-urgencias-desvela-por-fin-su-diagnostico-5.jpg 1024w, http:\/\/hoycordobaweb.com\/wp-content\/uploads\/2024\/09\/isa-pantoja-en-urgencias-desvela-por-fin-su-diagnostico-6.jpg 1366w\" src=\"http:\/\/hoycordobaweb.com\/wp-content\/uploads\/2024\/09\/isa-pantoja-en-urgencias-desvela-por-fin-su-diagnostico-1.jpg\" alt=\"Captura De Pantalla 10 9 2024 11112 Www Instagram Comf\"> <noscript><img alt=\"Captura De Pantalla 10 9 2024 11112 Www Instagram Comf\" class=\"centro_sinmarco\" src=\"http:\/\/hoycordobaweb.com\/wp-content\/uploads\/2024\/09\/isa-pantoja-en-urgencias-desvela-por-fin-su-diagnostico-1.jpg\"><\/noscript> <\/div>\n<\/div>\n<p>\u00abUn dolor horroroso, me asust\u00e9 un mont\u00f3n porque no sab\u00eda qu\u00e9 pod\u00eda ser. Como no me atrev\u00eda a tomarme nada, fui al m\u00e9dico para ver qu\u00e9 me recomendaba\u00bb, comienza a decir Isa mediante historias en la citada red social, haciendo alusi\u00f3n a que padece gases: \u00ab<strong>Me hicieron anal\u00edticas y me dijeron que ten\u00eda gases<\/strong>. Yo, de verdad, no sab\u00eda que dol\u00edan tanto, y hoy sigo igual, he dormido muy poco\u00bb, ha seguido relatando la hermana de Kiko Rivera.<\/p>\n<p><!-- BREAK 3 --> <\/p>\n<div class=\"article-asset-image article-asset-normal article-asset-center\">\n<div class=\"asset-content\"> <img class=\"centro_sinmarco\" height=\"1439\" width=\"800\" loading=\"lazy\" decoding=\"async\" sizes=\"100vw\" fetchpriority=\"high\" srcset=\"http:\/\/hoycordobaweb.com\/wp-content\/uploads\/2024\/09\/isa-pantoja-en-urgencias-desvela-por-fin-su-diagnostico-2.jpg 450w, http:\/\/hoycordobaweb.com\/wp-content\/uploads\/2024\/09\/isa-pantoja-en-urgencias-desvela-por-fin-su-diagnostico-7.jpg 681w, http:\/\/hoycordobaweb.com\/wp-content\/uploads\/2024\/09\/isa-pantoja-en-urgencias-desvela-por-fin-su-diagnostico-8.jpg 1024w, http:\/\/hoycordobaweb.com\/wp-content\/uploads\/2024\/09\/isa-pantoja-en-urgencias-desvela-por-fin-su-diagnostico-9.jpg 1366w\" src=\"http:\/\/hoycordobaweb.com\/wp-content\/uploads\/2024\/09\/isa-pantoja-en-urgencias-desvela-por-fin-su-diagnostico-2.jpg\" alt=\"f\"> <noscript><img alt=\"f\" class=\"centro_sinmarco\" src=\"http:\/\/hoycordobaweb.com\/wp-content\/uploads\/2024\/09\/isa-pantoja-en-urgencias-desvela-por-fin-su-diagnostico-2.jpg\"><\/noscript> <\/div>\n<\/div>\n<p>\u00abNo he podido ir a entrenar, no puedo sentarme bien porque me duele much\u00edsimo, no puedo andar\u2026 Lo estoy pasando fatal\u00bb, se\u00f1ala <a href=\"https:\/\/www.trendencias.com\/tag\/isa%20pantoja\">Pantoja<\/a>, mencionando que se est\u00e1 alimentado a base de dieta blanca: \u00abHe probado de todo y no soy capaz de quitarlos. En todo el d\u00eda he comido lonchas de pavo y agua\u00bb, advierte la tertuliana, dejando claro que est\u00e1 m\u00e1s \u00abtranquila\u00bb ya que sabe que no le ocurre nada grave: \u00abAyer ya fui al <em>hospi <\/em>y por v\u00eda intravenosa <strong>me aplicaron calmantes, me sacaron sangre, test de orina, eco\u2026<\/strong> Por eso estoy tranquila y s\u00e9 que soy gases\u00bb, afirma.<\/p>\n<p><!-- BREAK 4 --><\/p>\n<p>Fotos | Instagram de <a rel=\"noopener, noreferrer\" href=\"https:\/\/www.instagram.com\/isapantojam\/\">&nbsp;@Isapantojam<\/a><\/p>\n<p>En Trendencias | <a href=\"https:\/\/www.trendencias.com\/celebrities\/que-fue-dani-ballesteros-sorprendente-cambio-fisico-nieto-concha-aqui-no-hay-quien-viva\">Qu\u00e9 fue de Dani Ballesteros: el sorprendente cambio f\u00edsico del nieto de Concha en &#8216;Aqu\u00ed no hay quien viva&#8217;<\/a><\/p>\n<p>En Trendencias | <a href=\"https:\/\/www.trendencias.com\/celebrities\/que-fue-denise-maestre-actriz-aqui-no-hay-quien-viva-que-ahora-luce-como-hulk\">Qu\u00e9 fue de Denise Maestre, la actriz de &#8216;Aqu\u00ed no hay quien viva&#8217; que ahora luce como Hulk<\/a><\/p>\n","protected":false},"excerpt":{"rendered":"<p>Isa Pantoja lleva unos mesecitos de m\u00e9dicos que para ella se quedan. Recordemos que fue en mayo cuando acud\u00eda al hospital despu\u00e9s de varios d\u00edas \u00abcon mocos y much\u00edsima tos\u00bb: \u00abFui al m\u00e9dico para que me viese. Me dijeron que ten\u00eda una infecci\u00f3n en las v\u00edas respiratorias. Me dijeron que al tener la mucosa verde [&hellip;]<\/p>\n","protected":false},"author":1,"featured_media":82860,"comment_status":"closed","ping_status":"closed","sticky":false,"template":"","format":"standard","meta":[],"categories":[],"tags":[],"_links":{"self":[{"href":"http:\/\/hoycordobaweb.com\/index.php\/wp-json\/wp\/v2\/posts\/82859"}],"collection":[{"href":"http:\/\/hoycordobaweb.com\/index.php\/wp-json\/wp\/v2\/posts"}],"about":[{"href":"http:\/\/hoycordobaweb.com\/index.php\/wp-json\/wp\/v2\/types\/post"}],"author":[{"embeddable":true,"href":"http:\/\/hoycordobaweb.com\/index.php\/wp-json\/wp\/v2\/users\/1"}],"replies":[{"embeddable":true,"href":"http:\/\/hoycordobaweb.com\/index.php\/wp-json\/wp\/v2\/comments?post=82859"}],"version-history":[{"count":0,"href":"http:\/\/hoycordobaweb.com\/index.php\/wp-json\/wp\/v2\/posts\/82859\/revisions"}],"wp:featuredmedia":[{"embeddable":true,"href":"http:\/\/hoycordobaweb.com\/index.php\/wp-json\/wp\/v2\/media\/82860"}],"wp:attachment":[{"href":"http:\/\/hoycordobaweb.com\/index.php\/wp-json\/wp\/v2\/media?parent=82859"}],"wp:term":[{"taxonomy":"category","embeddable":true,"href":"http:\/\/hoycordobaweb.com\/index.php\/wp-json\/wp\/v2\/categories?post=82859"},{"taxonomy":"post_tag","embeddable":true,"href":"http:\/\/hoycordobaweb.com\/index.php\/wp-json\/wp\/v2\/tags?post=82859"}],"curies":[{"name":"wp","href":"https:\/\/api.w.org\/{rel}","templated":true}]}}