{"id":82855,"date":"2024-09-10T06:50:47","date_gmt":"2024-09-10T06:50:47","guid":{"rendered":"https:\/\/www.mujerhoy.com\/moda\/no-te-pierdas\/letizia-look-elegante-funeral-alejandro-fernandez-araoz-broche-bolso-20240910082721-nt.html"},"modified":"2024-09-10T06:50:47","modified_gmt":"2024-09-10T06:50:47","slug":"la-reina-letizia-acude-al-funeral-de-alejandro-fernandez-de-araoz-con-un-look-elegante-y-un-broche-muy-especial","status":"publish","type":"post","link":"http:\/\/hoycordobaweb.com\/index.php\/2024\/09\/10\/la-reina-letizia-acude-al-funeral-de-alejandro-fernandez-de-araoz-con-un-look-elegante-y-un-broche-muy-especial\/","title":{"rendered":"La reina Letizia acude al funeral de Alejandro Fern\u00e1ndez de Araoz con un look elegante y un broche muy especial"},"content":{"rendered":"<p><!-- AUTHOR --> <\/p>\n<div class=\"voc-author-timesocial \"> <!-- AUTHOR --> <\/p>\n<div class=\"voc-author-timesocial__signature \">\n<div class=\"voc-author-timesocial__img-c\"> <!-- IMAGE AUTHOR --> <picture class=\"voc-image-signature\"> <img class=\"voc-image-signature__img\" src=\"http:\/\/hoycordobaweb.com\/wp-content\/uploads\/2024\/09\/la-reina-letizia-acude-al-funeral-de-alejandro-fernandez-de-araoz-con-un-look-elegante-y-un-broche-muy-especial.jpg\" alt=\"Javier D\u00edaz de Lezana\"> <\/picture> <\/div>\n<p> <!-- INFO AUTHOR --> <\/div><\/div>\n<p> <!-- COMPONENTS --> <\/p>\n<p class=\"voc-paragraph\">Dos funerales marcan la semana de<br \/>\n<strong> los reyes Felipe y Letizia<\/strong>: si este domingo, los monarcas asist\u00edan <a data-voc-vtm-id=\"in-text-traffic\" href=\"https:\/\/www.mujerhoy.com\/moda\/no-te-pierdas\/reina-letizia-reaparece-funeral-juan-gomez-acebo-vestido-negro-zapatos-tacon-comodo-20240908204410-nt.html\">al \u00faltimo adi\u00f3s de Juan G\u00f3mez-Acebo<\/a>, celebrado en la iglesia catedral de las Fuerzas Armadas de Madrid, este lunes, 9 de septiembre, los reyes hac\u00edan acto de presencia en el funeral de <strong>Alejandro Fern\u00e1ndez de Araoz<\/strong> que ten\u00eda lugar en la parroquia de San Francisco de Borja, situada tambi\u00e9n en la capital espa\u00f1ola.\n<\/p>\n<p class=\"voc-paragraph\">Alejandro, que falleci\u00f3 hace una semanas, estuvo casado con Isabel G\u00f3mez-Acebo, hermana <a data-voc-vtm-id=\"in-text-traffic\" href=\"https:\/\/www.mujerhoy.com\/celebrities\/realeza\/hermanos-gomez-acebo-infancia-amor-infanta-pilar-juegos-borbon-20240907133710-nt.html\">del marido de la infanta Pilar.<\/a> El parentesco con la familia Borb\u00f3n es lo que ha propiciado que a la misa no solo hayan acudido Felipe y Letizia sino que tambi\u00e9n haya asistido el rey Juan Carlos (que se hab\u00eda desplazado desde Abu Dabi para acudir <a data-voc-vtm-id=\"in-text-traffic\" href=\"https:\/\/www.mujerhoy.com\/celebrities\/realeza\/infanta-cristina-reina-sofia-borbones-funeral-apoyo-juan-gomez-acebo-20240908212445-nt.html\">al funeral de Juan G\u00f3mez-Acebo<\/a>) as\u00ed como otras personalidades de la escena pol\u00edtica (como el alcalde de Madrid, <strong>Jos\u00e9 Luis Mart\u00ednez-Almeida)<\/strong>, y de la vida social como los futuros duques de Alba, Fernando Fitz-James Stuart y Sof\u00eda Palazuelo.\n<\/p>\n<p class=\"voc-paragraph\">La reina ha acudido a la ceremonia con un look sobrio y elegante, acorde al protocolo que marca el luto del encuentro. Do\u00f1a Letizia ha llevado <strong>un vestido negro<\/strong> de corte midi y manga ancha que cubr\u00eda el brazo hasta la mitad. El look lo completaba con zapatos c\u00f3modos destalonados (algo que ya hemos visto a la reina en las \u00faltimas ocasiones debido <a data-voc-vtm-id=\"in-text-traffic\" href=\"https:\/\/www.mujerhoy.com\/vivir\/bienestar\/que-es-fractura-falange-reina-letizia-pie-derecho-tratamiento-20240506110822-nt.html\">al neuroma de Morton que padece<\/a>) y un bolso negro que completaba su estilismo. Como complemento, un broche muy especial. <\/p>\n<p class=\"voc-paragraph\">Se trata de una pieza con una perla redonda rodeada de diamantes, bot\u00f3n del que cuelga <strong>un diamante y otro n\u00e1car <\/strong>en forma de perilla con casquillo de rosas. La reina ya luci\u00f3 esta joya en el funeral de Fernando G\u00f3mez-Acebo celebrado a principios del mes de abril.\n<\/p>\n<div class=\"voc-detail-photo-zoom\"> <picture data-toggle=\"modal\" data-target=\"#photoZoomModal-892\" target=\"modal\">\n<div class=\"voc-img-icon-link\"> <img loading=\"lazy\" src=\"http:\/\/hoycordobaweb.com\/wp-content\/uploads\/2024\/09\/la-reina-letizia-acude-al-funeral-de-alejandro-fernandez-de-araoz-con-un-look-elegante-y-un-broche-muy-especial-1.jpg\" width=\"650\" height=\"900\" alt=\"Letizia en el funeral celbrado este lunes, 9 de septiembre. (GTRES) \"> <noscript> <img src=\"http:\/\/hoycordobaweb.com\/wp-content\/uploads\/2024\/09\/la-reina-letizia-acude-al-funeral-de-alejandro-fernandez-de-araoz-con-un-look-elegante-y-un-broche-muy-especial-1.jpg\" alt=\"Letizia en el funeral celbrado este lunes, 9 de septiembre. (GTRES) \"> <\/noscript> <i class=\"voc-icons zoom voc-multimedia-box voc-ico-l\"><\/i> <\/div><figcaption class=\"figure-caption\">Letizia en el funeral celbrado este lunes, 9 de septiembre. (GTRES) <\/figcaption><\/picture>\n<\/div>\n<div id=\"photoZoomModal-892\" class=\"voc-lightbox modal fade voc-lightbox--photo-zoom\" role=\"dialog\" data-voc-photozoom-lightbox>\n<div class=\"voc-lightbox__dialog\" role=\"document\">\n<div class=\"voc-lightbox__content\"> <!-- Modal header --> <!-- Modal content --> <\/p>\n<div class=\"voc-lightbox__photo-container\"> <picture class> <img loading=\"lazy\" src=\"http:\/\/hoycordobaweb.com\/wp-content\/uploads\/2024\/09\/la-reina-letizia-acude-al-funeral-de-alejandro-fernandez-de-araoz-con-un-look-elegante-y-un-broche-muy-especial-1.jpg\" alt=\"Letizia en el funeral celbrado este lunes, 9 de septiembre. (GTRES) \"> <noscript> <img src=\"http:\/\/hoycordobaweb.com\/wp-content\/uploads\/2024\/09\/la-reina-letizia-acude-al-funeral-de-alejandro-fernandez-de-araoz-con-un-look-elegante-y-un-broche-muy-especial-1.jpg\" alt=\"Letizia en el funeral celbrado este lunes, 9 de septiembre. (GTRES) \"> <\/noscript> <\/picture> <\/div><\/div><\/div>\n<\/div>\n<p><h3 class=\"voc-detail__title\"> Un funeral con rostros conocidos <\/h3>\n<\/p>\n<p class=\"voc-paragraph\">Los reyes han repetido una escena que ya vimos en el funeral que los G\u00f3mez-Acebo celebraron el pasado domingo: la de estar en el mismo escenario que el rey em\u00e9rito, pero no coincidir ni en la entrada ni en la salida. Los primeros en llegar al templo eran los monarcas actuales y unos minutos despu\u00e9s le llegaba el turno <a data-voc-vtm-id=\"in-text-traffic\" href=\"https:\/\/www.mujerhoy.com\/temas\/personajes\/don-juan-carlos-i-de-espana.html\">al rey Juan Carlos,<\/a> esta vez sin el resto de la familia Borb\u00f3n que s\u00ed acudi\u00f3 al funeral del hijo de la infanta Pilar.\n<\/p>\n<p class=\"voc-paragraph\">Aunque casi ha pasado desapercibido, el funeral de Alejandro Fern\u00e1ndez de Araoz celebrado en la parroquia de San Francisco de Borja ha contado con un buen pu\u00f1ado de rostros conocidos. Adem\u00e1s de os mencionados duques de Hu\u00e9scar y el alcalde de Madrid, a la misa acudieron tambi\u00e9n otros habituales de la prensa social como <strong>Blanca Suelves, Xandr\u00e1 Falc\u00f3 o Cristina Valls Taberner<\/strong>. Se da la circunstancia que Alejandro era una personalidad relevante en el mundo de las finanzas y recibi\u00f3, en el a\u00f1o 2003, la Gran Cruz de la Orden del M\u00e9rito Civil.\n<\/p>\n<div class=\"voc-detail-photo-zoom\"> <picture data-toggle=\"modal\" data-target=\"#photoZoomModal-961\" target=\"modal\">\n<div class=\"voc-img-icon-link\"> <img loading=\"lazy\" src=\"http:\/\/hoycordobaweb.com\/wp-content\/uploads\/2024\/09\/la-reina-letizia-acude-al-funeral-de-alejandro-fernandez-de-araoz-con-un-look-elegante-y-un-broche-muy-especial.webp\" width=\"650\" height=\"900\" alt=\"Letizia en el funeral celbrado este lunes, 9 de septiembre. (GTRES) \"> <noscript> <img src=\"http:\/\/hoycordobaweb.com\/wp-content\/uploads\/2024\/09\/la-reina-letizia-acude-al-funeral-de-alejandro-fernandez-de-araoz-con-un-look-elegante-y-un-broche-muy-especial.webp\" alt=\"Letizia en el funeral celbrado este lunes, 9 de septiembre. (GTRES) \"> <\/noscript> <i class=\"voc-icons zoom voc-multimedia-box voc-ico-l\"><\/i> <\/div><figcaption class=\"figure-caption\">Letizia en el funeral celbrado este lunes, 9 de septiembre. (GTRES) <\/figcaption><\/picture>\n<\/div>\n<div id=\"photoZoomModal-961\" class=\"voc-lightbox modal fade voc-lightbox--photo-zoom\" role=\"dialog\" data-voc-photozoom-lightbox>\n<div class=\"voc-lightbox__dialog\" role=\"document\">\n<div class=\"voc-lightbox__content\"> <!-- Modal header --> <!-- Modal content --> <\/p>\n<div class=\"voc-lightbox__photo-container\"> <picture class> <img loading=\"lazy\" src=\"http:\/\/hoycordobaweb.com\/wp-content\/uploads\/2024\/09\/la-reina-letizia-acude-al-funeral-de-alejandro-fernandez-de-araoz-con-un-look-elegante-y-un-broche-muy-especial.webp\" alt=\"Letizia en el funeral celbrado este lunes, 9 de septiembre. (GTRES) \"> <noscript> <img src=\"http:\/\/hoycordobaweb.com\/wp-content\/uploads\/2024\/09\/la-reina-letizia-acude-al-funeral-de-alejandro-fernandez-de-araoz-con-un-look-elegante-y-un-broche-muy-especial.webp\" alt=\"Letizia en el funeral celbrado este lunes, 9 de septiembre. (GTRES) \"> <\/noscript> <\/picture> <\/div><\/div><\/div>\n<\/div>\n<p><h3 class=\"voc-detail__title\"> La semana de los reyes Felipe y Letizia<br \/>\n<\/h3>\n<\/p>\n<p class=\"voc-paragraph\">Felipe y Letizia han despedido la primera semana de septiembre casi de la misma manera que han arrancado la de la vuelta al curso: con sendos funerales. As\u00ed mismo, la reina ha protagonizado su particular \u00abvuelta al cole\u00bb este lunes con <strong>un par de citas en el Palacio de La Zarzuela<\/strong>.\n<\/p>\n<p class=\"voc-paragraph\">Como ha ocurrido con la mayor\u00eda de colegios de nuestro pa\u00eds, la reina volv\u00eda a la rutina de su agenda recibiendo en audiencia a un par de asociaciones. Por un lado, llevaba a cabo un encuentro con una representaci\u00f3n de la&nbsp;<br \/>\n<strong>Asociaci\u00f3n Espa\u00f1ola de Esclerosis Lateral Amiotr\u00f3fica<\/strong>, que acud\u00eda al Palacio de La Zarzuela para exponer su labor. Esta organizaci\u00f3n sin \u00e1nimo de lucro, se dedica a&nbsp;ayudar&nbsp;a las personas con ELA (Esclerosis Lateral Amiotr\u00f3fica) y otras enfermedades de la motoneurona, para mejorar su calidad de vida ha sido la primera cita oficial tras las vacaciones de verano.\n<\/p>\n<p class=\"voc-paragraph\">Poco despu\u00e9s, Letizia se ha reunido con la&nbsp;<br \/>\n<strong>Asociaci\u00f3n Mujeres en la M\u00fasica,<\/strong> fundada en 1989 gracias a la iniciativa de la compositora M\u00aa Luisa Ozaita, y que cuenta con m\u00e1s de ciento cincuenta asociadas que abarcan todo tipo de campos musicales y art\u00edsticos: Composici\u00f3n, Interpretaci\u00f3n, Musicolog\u00eda, Pedagog\u00eda, Gesti\u00f3n Cultural, etc.\n<\/p>\n<p class=\"voc-paragraph\">Para ambos encuentros, la reina optaba por un<br \/>\n<strong> look sobrio, sencillo y b\u00e1sico <\/strong>compuesto por una <a data-voc-vtm-id=\"in-text-traffic\" href=\"https:\/\/www.mujerhoy.com\/moda\/no-te-pierdas\/reina-letizia-bliusa-blanca-sandalias-look-entretiempo-20240909105818-nt.html\">blusa blanca con manga francesa <\/a>y un dise\u00f1o plisado con jaretas en la parte frontal, adem\u00e1s de un corte a la cintura que le estiliza.\n<\/p>\n<p class=\"voc-paragraph\">Este martes, la reina Letizia no tiene ning\u00fan acto programado en su agenda, pero el mi\u00e9rcoles se desplaza a la localidad de <strong>Azuqueca<\/strong>, en Guadalajara, para la apertura del curso escolar 2024\/2025. <\/p>\n<p> <!-- TOPICS --> <\/p>\n","protected":false},"excerpt":{"rendered":"<p>Dos funerales marcan la semana de los reyes Felipe y Letizia: si este domingo, los monarcas asist\u00edan al \u00faltimo adi\u00f3s de Juan G\u00f3mez-Acebo, celebrado en la iglesia catedral de las Fuerzas Armadas de Madrid, este lunes, 9 de septiembre, los reyes hac\u00edan acto de presencia en el funeral de Alejandro Fern\u00e1ndez de Araoz que ten\u00eda [&hellip;]<\/p>\n","protected":false},"author":1,"featured_media":82856,"comment_status":"closed","ping_status":"closed","sticky":false,"template":"","format":"standard","meta":[],"categories":[],"tags":[],"_links":{"self":[{"href":"http:\/\/hoycordobaweb.com\/index.php\/wp-json\/wp\/v2\/posts\/82855"}],"collection":[{"href":"http:\/\/hoycordobaweb.com\/index.php\/wp-json\/wp\/v2\/posts"}],"about":[{"href":"http:\/\/hoycordobaweb.com\/index.php\/wp-json\/wp\/v2\/types\/post"}],"author":[{"embeddable":true,"href":"http:\/\/hoycordobaweb.com\/index.php\/wp-json\/wp\/v2\/users\/1"}],"replies":[{"embeddable":true,"href":"http:\/\/hoycordobaweb.com\/index.php\/wp-json\/wp\/v2\/comments?post=82855"}],"version-history":[{"count":0,"href":"http:\/\/hoycordobaweb.com\/index.php\/wp-json\/wp\/v2\/posts\/82855\/revisions"}],"wp:featuredmedia":[{"embeddable":true,"href":"http:\/\/hoycordobaweb.com\/index.php\/wp-json\/wp\/v2\/media\/82856"}],"wp:attachment":[{"href":"http:\/\/hoycordobaweb.com\/index.php\/wp-json\/wp\/v2\/media?parent=82855"}],"wp:term":[{"taxonomy":"category","embeddable":true,"href":"http:\/\/hoycordobaweb.com\/index.php\/wp-json\/wp\/v2\/categories?post=82855"},{"taxonomy":"post_tag","embeddable":true,"href":"http:\/\/hoycordobaweb.com\/index.php\/wp-json\/wp\/v2\/tags?post=82855"}],"curies":[{"name":"wp","href":"https:\/\/api.w.org\/{rel}","templated":true}]}}