{"id":82849,"date":"2024-09-08T22:50:24","date_gmt":"2024-09-08T22:50:24","guid":{"rendered":"https:\/\/www.ole.com.ar\/futbol-internacional\/neymar-lesion-vuelve-hilal_0_GMMHd9WyEe.html"},"modified":"2024-09-08T22:50:24","modified_gmt":"2024-09-08T22:50:24","slug":"neymar-sufrio-un-contratiempo-con-su-lesion-cuando-podria-volver-a-las-canchas","status":"publish","type":"post","link":"http:\/\/hoycordobaweb.com\/index.php\/2024\/09\/08\/neymar-sufrio-un-contratiempo-con-su-lesion-cuando-podria-volver-a-las-canchas\/","title":{"rendered":"Neymar sufri\u00f3 un contratiempo con su lesi\u00f3n: cu\u00e1ndo podr\u00eda volver a las canchas"},"content":{"rendered":"<p><img src=\"http:\/\/hoycordobaweb.com\/wp-content\/uploads\/2024\/09\/neymar-sufrio-un-contratiempo-con-su-lesion-cuando-podria-volver-a-las-canchas.jpg\"><\/p>\n<p><time class=\"createDate\" datetime=\"2024-09-08T19:50:24-03:00\">08\/09\/2024 19:50hs.<\/time><\/p>\n<div id=\"storyBody\">\n<div class=\"custom-text \" readability=\"38\">\n<p>Una <strong>rotura del ligamento cruzado anterior y el menisco de su rodilla izquierda<\/strong> termin\u00f3 con su temporada en 2023, lo margin\u00f3 de las convocatorias de la selecci\u00f3n de Brasil<strong> <\/strong>y le impidi\u00f3 volver a las canchas durante los meses posteriores. Sin embargo, cuando todo parec\u00eda indicar que su retorno estaba cada vez m\u00e1s cerca, <strong>desde Arabia Saudita pusieron en duda su regreso<\/strong>. <\/p>\n<\/div>\n<div class=\"custom-text \" readability=\"34.094827586207\">\n<p>Seg\u00fan informaron los medios locales, <strong><a href=\"https:\/\/www.ole.com.ar\/tema\/neymar.html\" target=\"_self\" title=\"Neymar\" alt=\"Neymar\" rel=\"noopener noreferrer\">Neymar<\/a> podr\u00eda perderse lo que resta del calendario tambi\u00e9n en 2024 <\/strong>porque los \u00faltimos estudios mostraron que debe transitar un periodo m\u00e1s extenso de lo esperado para volver a sumar minutos. <\/p>\n<\/div>\n<div class=\"sc-e7b891c4-0 ifHnQL\"><img alt=\"Neymar sali\u00f3 lesionado de un partido contra Uruguay en 2023. (EFE)\" loading=\"lazy\" width=\"720\" height=\"100\" decoding=\"async\" data-nimg=\"1\" src=\"http:\/\/hoycordobaweb.com\/wp-content\/uploads\/2024\/09\/neymar-sufrio-un-contratiempo-con-su-lesion-cuando-podria-volver-a-las-canchas-2.jpg\"><span class=\"epigraphe\">Neymar sali\u00f3 lesionado de un partido contra Uruguay en 2023. (EFE)<\/span><\/div>\n<div class=\"custom-text \" readability=\"36\">\n<p>Con estos nuevos resultados, todo indicar\u00eda que el 10 <strong>estar\u00eda disponible reci\u00e9n a partir de noviembre<\/strong>. Por lo tanto, los plazos de recuperaci\u00f3n que estim\u00f3 el <strong>Al Hilal <\/strong>en primera instancia<strong> <\/strong>no se cumplir\u00edan.<\/p>\n<\/div>\n<div class=\"custom-text \" readability=\"41\">\n<p>Adem\u00e1s, de confirmarse esta extensi\u00f3n, <strong>el excapit\u00e1n de la Verdeamarela volver\u00e1 a quedarse afuera de la n\u00f3mina de su pa\u00eds<\/strong>, que retomar\u00e1 su calendario en octubre con otra doble fecha de Eliminatorias Sudamericanas rumbo al Mundial 2026. Del mismo modo, los hinchas del equipo \u00e1rabe tendr\u00e1n que seguir esperando para verlo con continuidad dado que, desde que lleg\u00f3, <strong>solo pudo disputar cinco partidos<\/strong>.<\/p>\n<\/div>\n<p><h2>\u00bfCu\u00e1ntos goles anot\u00f3 Neymar con la selecci\u00f3n de Brasil?<\/h2>\n<\/p>\n<div class=\"custom-text \" readability=\"39\">\n<p>El 10 de agosto de 2010, <strong>Neymar <\/strong>escribi\u00f3 el primer cap\u00edtulo de su historia de amor con la Mayor de Brasil. Fue presentado como una gran promesa y pag\u00f3 con goles: desde entonces, <strong>convirti\u00f3 79 tantos en 128 partidos<\/strong>. Como si fuera poco, tambi\u00e9n <strong>reparti\u00f3 57 asistencias<\/strong> con la camiseta de su pa\u00eds. Aunque <strong>no gan\u00f3 ning\u00fan t\u00edtulo<\/strong>, fue clave en partidos decisivos y port\u00f3 la cinta de capit\u00e1n durante varios a\u00f1os.<\/p>\n<\/div>\n<div class=\"sc-e7b891c4-0 ifHnQL\"><img alt=\"Neymar en Brasil. (EFE)\" loading=\"lazy\" width=\"720\" height=\"100\" decoding=\"async\" data-nimg=\"1\" src=\"http:\/\/hoycordobaweb.com\/wp-content\/uploads\/2024\/09\/neymar-sufrio-un-contratiempo-con-su-lesion-cuando-podria-volver-a-las-canchas-3.jpg\"><span class=\"epigraphe\">Neymar en Brasil. (EFE)<\/span><\/div>\n<p><h2>La situaci\u00f3n de Brasil en las Eliminatorias Sudamericanas<\/h2>\n<\/p>\n<div class=\"custom-text \" readability=\"41\">\n<p>Con el triunfo ante <strong>Ecuador <\/strong>por la m\u00ednima, <strong>Brasil <\/strong>qued\u00f3 cuarto en la tabla de posiciones de las Eliminatorias Sudamericanas con 10 puntos en su haber. Sin embargo, est\u00e1 a ocho unidades de la <strong>Selecci\u00f3n Argentina<\/strong>, que est\u00e1 puntera. Por lo tanto, para mantenerse en el podio e incluso seguir escalando, los dirigidos por <strong>Dorival J\u00fanior<\/strong> est\u00e1n obligados a sostener la victoria. Adem\u00e1s, no pueden distraerse porque <strong>Venezuela <\/strong>(su principal escolta) los sigue bien de cerca.<\/p>\n<\/div>\n<p><h2>\u00bfCu\u00e1ndo vuelve a jugar Brasil?<\/h2>\n<\/p>\n<div class=\"custom-text \" readability=\"38\">\n<p>Para completar la doble fecha de septiembre de las Eliminatorias Sudamericanas, <strong>Brasil <\/strong>visitar\u00e1 a <strong>Paraguay <\/strong>el pr\u00f3ximo martes 10 en el Estadio Defensores del Chaco. Una vez que cumpla con este \u00faltimo compromiso, el plantel volver\u00e1 al ruedo en octubre, momento en el que enfrentar\u00e1 a <strong>Chile <\/strong>y a <strong>Per\u00fa<\/strong>.<\/p>\n<\/div>\n<div class=\"sc-a7166897-0 eoLsBE\" readability=\"6\">\n<section readability=\"2\"><picture><img alt=\"El comunicado de la Asociaci\u00f3n de \u00c1rbitros bancando al &quot;compa\u00f1ero&quot; Merlos\" loading=\"lazy\" width=\"290\" height=\"290\" decoding=\"async\" data-nimg=\"1\" src=\"http:\/\/hoycordobaweb.com\/wp-content\/uploads\/2024\/09\/neymar-sufrio-un-contratiempo-con-su-lesion-cuando-podria-volver-a-las-canchas-4.jpg\"><\/picture>\n<p><span>Mir\u00e1 tambi\u00e9n<\/span><\/p>\n<hr>\n<h3>El comunicado de la Asociaci\u00f3n de \u00c1rbitros bancando al \u00abcompa\u00f1ero\u00bb Merlos<\/h3>\n<\/p>\n<\/section>\n<\/div>\n<div class=\"sc-a7166897-0 eoLsBE\" readability=\"6.5\">\n<section readability=\"3\"><picture><img alt=\"Con una gran actuaci\u00f3n argentina, se cerraron los Juegos Paral\u00edmpicos en Par\u00eds\" loading=\"lazy\" width=\"290\" height=\"290\" decoding=\"async\" data-nimg=\"1\" src=\"http:\/\/hoycordobaweb.com\/wp-content\/uploads\/2024\/09\/neymar-sufrio-un-contratiempo-con-su-lesion-cuando-podria-volver-a-las-canchas-5.jpg\"><\/picture>\n<p><span>Mir\u00e1 tambi\u00e9n<\/span><\/p>\n<hr>\n<h3>Con una gran actuaci\u00f3n argentina, se cerraron los Juegos Paral\u00edmpicos en Par\u00eds<\/h3>\n<\/p>\n<\/section>\n<\/div>\n<div class=\"sc-a7166897-0 eoLsBE\" readability=\"6\">\n<section readability=\"2\"><picture><img alt=\"El conmovedor homenaje de Nacional en su primer partido sin Juan Izquierdo\" loading=\"lazy\" width=\"290\" height=\"290\" decoding=\"async\" data-nimg=\"1\" src=\"http:\/\/hoycordobaweb.com\/wp-content\/uploads\/2024\/09\/neymar-sufrio-un-contratiempo-con-su-lesion-cuando-podria-volver-a-las-canchas-6.jpg\"><\/picture>\n<p><span>Mir\u00e1 tambi\u00e9n<\/span><\/p>\n<hr>\n<h3>El conmovedor homenaje de Nacional en su primer partido sin Juan Izquierdo<\/h3>\n<\/p>\n<\/section>\n<\/div>\n<\/div>\n","protected":false},"excerpt":{"rendered":"<p>08\/09\/2024 19:50hs. Una rotura del ligamento cruzado anterior y el menisco de su rodilla izquierda termin\u00f3 con su temporada en 2023, lo margin\u00f3 de las convocatorias de la selecci\u00f3n de Brasil y le impidi\u00f3 volver a las canchas durante los meses posteriores. Sin embargo, cuando todo parec\u00eda indicar que su retorno estaba cada vez m\u00e1s [&hellip;]<\/p>\n","protected":false},"author":1,"featured_media":82850,"comment_status":"open","ping_status":"closed","sticky":false,"template":"","format":"standard","meta":[],"categories":[16],"tags":[],"_links":{"self":[{"href":"http:\/\/hoycordobaweb.com\/index.php\/wp-json\/wp\/v2\/posts\/82849"}],"collection":[{"href":"http:\/\/hoycordobaweb.com\/index.php\/wp-json\/wp\/v2\/posts"}],"about":[{"href":"http:\/\/hoycordobaweb.com\/index.php\/wp-json\/wp\/v2\/types\/post"}],"author":[{"embeddable":true,"href":"http:\/\/hoycordobaweb.com\/index.php\/wp-json\/wp\/v2\/users\/1"}],"replies":[{"embeddable":true,"href":"http:\/\/hoycordobaweb.com\/index.php\/wp-json\/wp\/v2\/comments?post=82849"}],"version-history":[{"count":0,"href":"http:\/\/hoycordobaweb.com\/index.php\/wp-json\/wp\/v2\/posts\/82849\/revisions"}],"wp:featuredmedia":[{"embeddable":true,"href":"http:\/\/hoycordobaweb.com\/index.php\/wp-json\/wp\/v2\/media\/82850"}],"wp:attachment":[{"href":"http:\/\/hoycordobaweb.com\/index.php\/wp-json\/wp\/v2\/media?parent=82849"}],"wp:term":[{"taxonomy":"category","embeddable":true,"href":"http:\/\/hoycordobaweb.com\/index.php\/wp-json\/wp\/v2\/categories?post=82849"},{"taxonomy":"post_tag","embeddable":true,"href":"http:\/\/hoycordobaweb.com\/index.php\/wp-json\/wp\/v2\/tags?post=82849"}],"curies":[{"name":"wp","href":"https:\/\/api.w.org\/{rel}","templated":true}]}}