{"id":82847,"date":"2024-09-08T23:20:06","date_gmt":"2024-09-08T23:20:06","guid":{"rendered":"https:\/\/www.ole.com.ar\/futbol-internacional\/america\/uruguay-auf-mar-fondo-deportivo-italiano_0_5PkIBjfiCd.html"},"modified":"2024-09-08T23:20:06","modified_gmt":"2024-09-08T23:20:06","slug":"escandalo-en-uruguay-jugadores-internados-y-agresiones-a-un-periodista","status":"publish","type":"post","link":"http:\/\/hoycordobaweb.com\/index.php\/2024\/09\/08\/escandalo-en-uruguay-jugadores-internados-y-agresiones-a-un-periodista\/","title":{"rendered":"Esc\u00e1ndalo en Uruguay: jugadores internados y agresiones a un periodista"},"content":{"rendered":"<p><img src=\"http:\/\/hoycordobaweb.com\/wp-content\/uploads\/2024\/09\/escandalo-en-uruguay-jugadores-internados-y-agresiones-a-un-periodista.jpg\"><\/p>\n<p><time class=\"createDate\" datetime=\"2024-09-08T20:20:06-03:00\">08\/09\/2024 20:20hs.<\/time><\/p>\n<div id=\"storyBody\">\n<div class=\"custom-text \" readability=\"39\">\n<p>El fin de semana fue complicado en Argentina y Uruguay. En el f\u00fatbol de nuestro pa\u00eds, Andr\u00e9s Fassi y Andr\u00e9s Merlos, \u00e1rbitro del duelo de octavos de final entre Talleres y Boca, mantienen un enfrentamiento p\u00fablico en el que se acusan de agresiones f\u00edsicas y amenazas con armas de fuego. <strong>Por su lado, el f\u00fatbol uruguayo atraviesa un momento complicado luego de que jugadores de Mar de Fondo FC y Deportivo Italiano protagonizar\u00e1n una batalla campal que termin\u00f3 con jugadores heridos. <\/strong><\/p>\n<\/div>\n<p><h2>Feroz batalla campal en Uruguay<\/h2>\n<\/p>\n<div class=\"custom-text \" readability=\"36\">\n<p>Es de no creer. Suele ser dif\u00edcil entender que cosas de este calibre sigan pasando en el f\u00fatbol profesional. Mar de Fondo y Deportivo Italiano se enfrentaban por la d\u00e9cima fecha de la Divisional C del f\u00fatbol uruguayo, <strong>pero el partido tuvo que ser suspendido luego de que se desat\u00e9 una batalla campal entre jugadores de ambos equipos.<\/strong><\/p>\n<\/div>\n<div class=\"custom-text \" readability=\"42\">\n<p>Cuando Mar de Fondo ganaba 2-1, un intercambio verbal, del que a\u00fan no se conocen mayores detalles, termin\u00f3 en una batalla campal infernal entre los planteles de ambos equipos e incluso varios hinchas saltaron al campo de juego para participar de la gresca.<strong> La pelea fue tan salvaje que Lucas Su\u00e1rez y Michael Vieira, jugadores de Mar de Fondo, tuvieron que ser hospitalizados de urgencia<\/strong>. El primero de ellos ingres\u00f3 con varios golpes por los que deber\u00e1 hacerse una tomograf\u00eda, mientras que Vieira tuvo que ser asistido con respirador al ingresar hospital. Pese a los golpes sufridos, ambos est\u00e1n estables seg\u00fan informan desde el lugar.<\/p>\n<\/div>\n<div type=\"embed\" class=\"sc-3f46f5ae-0 djVTgz\">\n<div class=\"sc-3f46f5ae-1 fTjZec videoText\" id=\"contentTitleembedWW2cWciq\" type=\"embed\"><svg fill=\"#ffffff\"><symbol id=\"play\" viewBox=\"0 0 512 512\"><path d=\"M512 256C512 397.4 397.4 512 256 512C114.6 512 0 397.4 0 256C0 114.6 114.6 0 256 0C397.4 0 512 114.6 512 256zM176 168V344C176 352.7 180.7 360.7 188.3 364.9C195.8 369.2 205.1 369 212.5 364.5L356.5 276.5C363.6 272.1 368 264.4 368 256C368 247.6 363.6 239.9 356.5 235.5L212.5 147.5C205.1 142.1 195.8 142.8 188.3 147.1C180.7 151.3 176 159.3 176 168V168z\" \/><\/symbol><use xlink:href=\"#play\" \/><\/svg><\/p>\n<div class=\"right\">\n<p>Ascenso<!-- --> &#8211;<!-- --> <span>&nbsp;<\/span><\/p>\n<h2 class=\"title-vid\">Batalla campal en Uruguay<\/h2>\n<\/div>\n<\/div>\n<p><span class=\"back\" id=\"spanBackembedWW2cWciq\"><\/span><\/div>\n<div class=\"custom-text \" readability=\"38\">\n<p>A su vez, Gustavo Rodr\u00edguez,<strong> periodista que estaba presente en el encuentro del ascenso uruguayo, fue agredido por uno de los jugadores de Deportivo Italiano<\/strong>, que intent\u00f3 sacarle el micr\u00f3fono al periodista.<\/p>\n<\/div>\n<div class=\"custom-text \" readability=\"36\">\n<p>Luego del enfrentamiento, ambos clubes emitieron un comunicado lament\u00e1ndose por los hechos ocurridos en el contexto de la fecha 10 de la Primera Divisi\u00f3n Amateur.<strong> Adem\u00e1s, desde Deportivo Italiano se solidarizaron con el periodista agredido. <\/strong><\/p>\n<\/div>\n<div type=\"embed\" class=\"sc-3f46f5ae-0 djVTgz\">\n<div class=\"sc-3f46f5ae-1 fTjZec videoText\" id=\"contentTitleembedyQueH96p\" type=\"embed\"><svg fill=\"#ffffff\"><symbol id=\"play\" viewBox=\"0 0 512 512\"><path d=\"M512 256C512 397.4 397.4 512 256 512C114.6 512 0 397.4 0 256C0 114.6 114.6 0 256 0C397.4 0 512 114.6 512 256zM176 168V344C176 352.7 180.7 360.7 188.3 364.9C195.8 369.2 205.1 369 212.5 364.5L356.5 276.5C363.6 272.1 368 264.4 368 256C368 247.6 363.6 239.9 356.5 235.5L212.5 147.5C205.1 142.1 195.8 142.8 188.3 147.1C180.7 151.3 176 159.3 176 168V168z\" \/><\/symbol><use xlink:href=\"#play\" \/><\/svg><\/p>\n<div class=\"right\">\n<p>Ascenso<!-- --> &#8211;<!-- --> <span>&nbsp;<\/span><\/p>\n<h2 class=\"title-vid\">Un periodista fue agredido por un jugador de Deportivo Italiano<\/h2>\n<\/div>\n<\/div>\n<p><span class=\"back\" id=\"spanBackembedyQueH96p\"><\/span><\/div>\n<p><h2>El comunicado de Mar de Fondo y Deportivo Italiano<\/h2>\n<\/p>\n<div class=\"custom-text \" readability=\"39\">\n<p>\u00abLa instituci\u00f3n Mar de Fondo FC S.A. repudia en\u00e9rgicamente los lamentables hechos ocurridos en el d\u00eda de hoy, donde varias personas resultaron agredidas y especialmente aquellas que, como consecuencia de estos sucesos, se encuentras heridos bajo tratamiento hospitalario\u00bb, comenzaron diciendo desde el club.<\/p>\n<\/div>\n<div class=\"custom-text \" readability=\"35\">\n<p>A lo que agregaron: \u00abQueremos dejar en claro que estos hechos no representan los valores del deporte, los cuales siempre hemos defendido y promovido con firmeza. <strong>Condenamos cualquier acto de violencia que da\u00f1e el esp\u00edritu deportivo y la convivencia pac\u00edfica que debe imperar en cada encuentro\u00bb.<\/strong><\/p>\n<\/div>\n<div class=\"custom-text \" readability=\"36\">\n<p>\u00abNos ponemos a disposici\u00f3n de las autoridades competentes para colaborar de manera inmediata y eficaz en identificaci\u00f3n de los responsables de este grave incidente que tuvo lugar en el encuentro entre nuestra instituci\u00f3n y el Club Deportivo Italiano.<strong> Reiteramos el compromiso y el apoyo total a nuestros jugadores que se encuentra todav\u00eda hospitalizados y a todos aquellos que hayan sufrido lesiones en este triste event<\/strong>o\u00bb, cerraron el comunicado.<\/p>\n<\/div>\n<div class=\"sc-e7b891c4-0 ifHnQL\"><img alt=\"El comunicado de Deportivo Italiano.\" loading=\"lazy\" width=\"720\" height=\"100\" decoding=\"async\" data-nimg=\"1\" src=\"http:\/\/hoycordobaweb.com\/wp-content\/uploads\/2024\/09\/escandalo-en-uruguay-jugadores-internados-y-agresiones-a-un-periodista-2.jpg\"><span class=\"epigraphe\">El comunicado de Deportivo Italiano.<\/span><\/div>\n<div class=\"sc-a7166897-0 eoLsBE\" readability=\"6\">\n<section readability=\"2\"><picture><img alt=\"Qu\u00e9 dicen en Boca sobre la lesi\u00f3n de Brian Aguirre\" loading=\"lazy\" width=\"290\" height=\"290\" decoding=\"async\" data-nimg=\"1\" src=\"http:\/\/hoycordobaweb.com\/wp-content\/uploads\/2024\/09\/escandalo-en-uruguay-jugadores-internados-y-agresiones-a-un-periodista-3.jpg\"><\/picture>\n<p><span>Mir\u00e1 tambi\u00e9n<\/span><\/p>\n<hr>\n<h3>Qu\u00e9 dicen en Boca sobre la lesi\u00f3n de Brian Aguirre<\/h3>\n<\/p>\n<\/section>\n<\/div>\n<div class=\"sc-a7166897-0 eoLsBE\" readability=\"6\">\n<section readability=\"2\"><picture><img alt=\"Los resultados de la jornada de la Primera C\" loading=\"lazy\" width=\"290\" height=\"290\" decoding=\"async\" data-nimg=\"1\" src=\"http:\/\/hoycordobaweb.com\/wp-content\/uploads\/2024\/09\/escandalo-en-uruguay-jugadores-internados-y-agresiones-a-un-periodista-4.jpg\"><\/picture>\n<p><span>Mir\u00e1 tambi\u00e9n<\/span><\/p>\n<hr>\n<h3>Los resultados de la jornada de la Primera C<\/h3>\n<\/p>\n<\/section>\n<\/div>\n<div class=\"sc-a7166897-0 eoLsBE\" readability=\"6\">\n<section readability=\"2\"><picture><img alt=\"Neymar sufri\u00f3 un contratiempo con su lesi\u00f3n: cu\u00e1ndo podr\u00eda volver a las canchas\" loading=\"lazy\" width=\"290\" height=\"290\" decoding=\"async\" data-nimg=\"1\" src=\"http:\/\/hoycordobaweb.com\/wp-content\/uploads\/2024\/09\/escandalo-en-uruguay-jugadores-internados-y-agresiones-a-un-periodista-5.jpg\"><\/picture>\n<p><span>Mir\u00e1 tambi\u00e9n<\/span><\/p>\n<hr>\n<h3>Neymar sufri\u00f3 un contratiempo con su lesi\u00f3n: cu\u00e1ndo podr\u00eda volver a las canchas<\/h3>\n<\/p>\n<\/section>\n<\/div>\n<\/div>\n","protected":false},"excerpt":{"rendered":"<p>08\/09\/2024 20:20hs. El fin de semana fue complicado en Argentina y Uruguay. En el f\u00fatbol de nuestro pa\u00eds, Andr\u00e9s Fassi y Andr\u00e9s Merlos, \u00e1rbitro del duelo de octavos de final entre Talleres y Boca, mantienen un enfrentamiento p\u00fablico en el que se acusan de agresiones f\u00edsicas y amenazas con armas de fuego. Por su lado, [&hellip;]<\/p>\n","protected":false},"author":1,"featured_media":82848,"comment_status":"open","ping_status":"closed","sticky":false,"template":"","format":"standard","meta":[],"categories":[16],"tags":[],"_links":{"self":[{"href":"http:\/\/hoycordobaweb.com\/index.php\/wp-json\/wp\/v2\/posts\/82847"}],"collection":[{"href":"http:\/\/hoycordobaweb.com\/index.php\/wp-json\/wp\/v2\/posts"}],"about":[{"href":"http:\/\/hoycordobaweb.com\/index.php\/wp-json\/wp\/v2\/types\/post"}],"author":[{"embeddable":true,"href":"http:\/\/hoycordobaweb.com\/index.php\/wp-json\/wp\/v2\/users\/1"}],"replies":[{"embeddable":true,"href":"http:\/\/hoycordobaweb.com\/index.php\/wp-json\/wp\/v2\/comments?post=82847"}],"version-history":[{"count":0,"href":"http:\/\/hoycordobaweb.com\/index.php\/wp-json\/wp\/v2\/posts\/82847\/revisions"}],"wp:featuredmedia":[{"embeddable":true,"href":"http:\/\/hoycordobaweb.com\/index.php\/wp-json\/wp\/v2\/media\/82848"}],"wp:attachment":[{"href":"http:\/\/hoycordobaweb.com\/index.php\/wp-json\/wp\/v2\/media?parent=82847"}],"wp:term":[{"taxonomy":"category","embeddable":true,"href":"http:\/\/hoycordobaweb.com\/index.php\/wp-json\/wp\/v2\/categories?post=82847"},{"taxonomy":"post_tag","embeddable":true,"href":"http:\/\/hoycordobaweb.com\/index.php\/wp-json\/wp\/v2\/tags?post=82847"}],"curies":[{"name":"wp","href":"https:\/\/api.w.org\/{rel}","templated":true}]}}