{"id":82785,"date":"2024-09-08T07:46:04","date_gmt":"2024-09-08T07:46:04","guid":{"rendered":"http:\/\/hoycordobaweb.com\/index.php\/2024\/09\/08\/medina-de-boca-a-fenerbahce-los-antecedentes-argentinos-en-el-club-y-el-polemico-caso\/"},"modified":"2024-09-08T07:46:04","modified_gmt":"2024-09-08T07:46:04","slug":"medina-de-boca-a-fenerbahce-los-antecedentes-argentinos-en-el-club-y-el-polemico-caso","status":"publish","type":"post","link":"http:\/\/hoycordobaweb.com\/index.php\/2024\/09\/08\/medina-de-boca-a-fenerbahce-los-antecedentes-argentinos-en-el-club-y-el-polemico-caso\/","title":{"rendered":"Medina, de Boca a Fenerbahce: los antecedentes <b>argentinos<\/b> en el club y el pol\u00e9mico caso &#8230;"},"content":{"rendered":"<p>Luego de un exitoso segundo ciclo en River (2000-2002) cuando fue la figura del <b>f\u00fatbol argentino<\/b>, dio otro salto internacional. Fenerbah\u00e7e fich\u00f3 a&nbsp;&#8230; <\/p>\n","protected":false},"excerpt":{"rendered":"<p>Luego de un exitoso segundo ciclo en River (2000-2002) cuando fue la figura del f\u00fatbol argentino, dio otro salto internacional. Fenerbah\u00e7e fich\u00f3 a&nbsp;&#8230;<\/p>\n","protected":false},"author":1,"featured_media":0,"comment_status":"closed","ping_status":"closed","sticky":false,"template":"","format":"standard","meta":[],"categories":[22],"tags":[],"_links":{"self":[{"href":"http:\/\/hoycordobaweb.com\/index.php\/wp-json\/wp\/v2\/posts\/82785"}],"collection":[{"href":"http:\/\/hoycordobaweb.com\/index.php\/wp-json\/wp\/v2\/posts"}],"about":[{"href":"http:\/\/hoycordobaweb.com\/index.php\/wp-json\/wp\/v2\/types\/post"}],"author":[{"embeddable":true,"href":"http:\/\/hoycordobaweb.com\/index.php\/wp-json\/wp\/v2\/users\/1"}],"replies":[{"embeddable":true,"href":"http:\/\/hoycordobaweb.com\/index.php\/wp-json\/wp\/v2\/comments?post=82785"}],"version-history":[{"count":0,"href":"http:\/\/hoycordobaweb.com\/index.php\/wp-json\/wp\/v2\/posts\/82785\/revisions"}],"wp:attachment":[{"href":"http:\/\/hoycordobaweb.com\/index.php\/wp-json\/wp\/v2\/media?parent=82785"}],"wp:term":[{"taxonomy":"category","embeddable":true,"href":"http:\/\/hoycordobaweb.com\/index.php\/wp-json\/wp\/v2\/categories?post=82785"},{"taxonomy":"post_tag","embeddable":true,"href":"http:\/\/hoycordobaweb.com\/index.php\/wp-json\/wp\/v2\/tags?post=82785"}],"curies":[{"name":"wp","href":"https:\/\/api.w.org\/{rel}","templated":true}]}}