{"id":8278,"date":"2020-12-24T10:46:00","date_gmt":"2020-12-24T10:46:00","guid":{"rendered":"https:\/\/fm-comunicar.com.ar\/contenido\/16798\/remises"},"modified":"2020-12-24T10:46:00","modified_gmt":"2020-12-24T10:46:00","slug":"asi-funcionara-el-transporte-publico-para-las-fiestas","status":"publish","type":"post","link":"http:\/\/hoycordobaweb.com\/index.php\/2020\/12\/24\/asi-funcionara-el-transporte-publico-para-las-fiestas\/","title":{"rendered":"As\u00ed funcionar\u00e1 el transporte p\u00fablico para las fiestas"},"content":{"rendered":"<p>El colectivo urbano har\u00e1 su \u00faltimo recorrido este jueves a las 18:40. Los remises se turnar\u00e1n para cubrir todo el 24 y 25 de diciembre. En la nota, los horarios en que trabajar\u00e1 cada uno y los n\u00fameros de tel\u00e9fono.<img src=\"http:\/\/hoycordobaweb.com\/wp-content\/uploads\/2020\/12\/asi-funcionara-el-transporte-publico-para-las-fiestas.jpg\"><\/p>\n","protected":false},"excerpt":{"rendered":"<p>El colectivo urbano har\u00e1 su \u00faltimo recorrido este jueves a las 18:40. Los remises se turnar\u00e1n para cubrir todo el 24 y 25 de diciembre. En la nota, los horarios en que trabajar\u00e1 cada uno y los n\u00fameros de tel\u00e9fono.<\/p>\n","protected":false},"author":1,"featured_media":8279,"comment_status":"closed","ping_status":"closed","sticky":false,"template":"","format":"standard","meta":[],"categories":[18],"tags":[],"_links":{"self":[{"href":"http:\/\/hoycordobaweb.com\/index.php\/wp-json\/wp\/v2\/posts\/8278"}],"collection":[{"href":"http:\/\/hoycordobaweb.com\/index.php\/wp-json\/wp\/v2\/posts"}],"about":[{"href":"http:\/\/hoycordobaweb.com\/index.php\/wp-json\/wp\/v2\/types\/post"}],"author":[{"embeddable":true,"href":"http:\/\/hoycordobaweb.com\/index.php\/wp-json\/wp\/v2\/users\/1"}],"replies":[{"embeddable":true,"href":"http:\/\/hoycordobaweb.com\/index.php\/wp-json\/wp\/v2\/comments?post=8278"}],"version-history":[{"count":0,"href":"http:\/\/hoycordobaweb.com\/index.php\/wp-json\/wp\/v2\/posts\/8278\/revisions"}],"wp:featuredmedia":[{"embeddable":true,"href":"http:\/\/hoycordobaweb.com\/index.php\/wp-json\/wp\/v2\/media\/8279"}],"wp:attachment":[{"href":"http:\/\/hoycordobaweb.com\/index.php\/wp-json\/wp\/v2\/media?parent=8278"}],"wp:term":[{"taxonomy":"category","embeddable":true,"href":"http:\/\/hoycordobaweb.com\/index.php\/wp-json\/wp\/v2\/categories?post=8278"},{"taxonomy":"post_tag","embeddable":true,"href":"http:\/\/hoycordobaweb.com\/index.php\/wp-json\/wp\/v2\/tags?post=8278"}],"curies":[{"name":"wp","href":"https:\/\/api.w.org\/{rel}","templated":true}]}}