{"id":82695,"date":"2024-09-06T10:08:53","date_gmt":"2024-09-06T10:08:53","guid":{"rendered":"https:\/\/www.ole.com.ar\/seleccion\/viral-foto-retro-garnacho-camiseta-dybala-seleccion_0_T19a2LDU6S.html"},"modified":"2024-09-06T10:08:53","modified_gmt":"2024-09-06T10:08:53","slug":"viral-la-foto-retro-de-garnacho-con-la-camiseta-de-un-dybala-de-seleccion","status":"publish","type":"post","link":"http:\/\/hoycordobaweb.com\/index.php\/2024\/09\/06\/viral-la-foto-retro-de-garnacho-con-la-camiseta-de-un-dybala-de-seleccion\/","title":{"rendered":"Viral: la foto retro de Garnacho con la camiseta de un Dybala de Selecci\u00f3n"},"content":{"rendered":"<p><img src=\"http:\/\/hoycordobaweb.com\/wp-content\/uploads\/2024\/09\/viral-la-foto-retro-de-garnacho-con-la-camiseta-de-un-dybala-de-seleccion.jpg\"><\/p>\n<p><time class=\"createDate\" datetime=\"2024-09-06T07:08:53-03:00\">06\/09\/2024 07:08hs.<\/time><\/p>\n<div id=\"storyBody\">\n<div class=\"custom-text \" readability=\"35.528716216216\">\n<p>El regreso de <strong><a href=\"https:\/\/www.ole.com.ar\/tema\/paulo-dybala.html\" title=\"Paulo Dybala\" alt=\"Paulo Dybala\" class=\"slug\">Paulo Dybala<\/a><\/strong> a la <strong><a href=\"https:\/\/www.ole.com.ar\/tema\/seleccion-argentina.html\" title=\"Selecci\u00f3n Argentina\" alt=\"Selecci\u00f3n Argentina\" class=\"slug\">Selecci\u00f3n Argentina<\/a><\/strong> tuvo todos los condimento. El cordob\u00e9s, quien asumi\u00f3 la responsabilidad de portar la m\u00edtica camiseta n\u00famero 10 de <a href=\"https:\/\/www.ole.com.ar\/tema\/lionel-messi.html\" title=\"Lionel Messi\" alt=\"Lionel Messi\" class=\"slug\">Lionel Messi<\/a>, sell\u00f3 la goleada por 3-0 ante Chile con un gol que llev\u00f3 al estadio al \u00e9xtasis. El tanto tuvo un sabor especial, ya que fue asistido por<strong> <a href=\"https:\/\/www.ole.com.ar\/tema\/alejandro-garnacho.html\" title=\"Alejandro Garnacho\" alt=\"Alejandro Garnacho\" class=\"slug\">Alejandro Garnacho<\/a><\/strong>, la joven promesa argentina que, <strong>m\u00e1s all\u00e1 de compartir equipo con la Joya, lo admiraba desde peque\u00f1o.<\/strong> Esa idolatr\u00eda qued\u00f3 reflejada en una fotograf\u00eda que subi\u00f3 el hermano del extremo del <a href=\"https:\/\/www.ole.com.ar\/tema\/manchester-united.html\" title=\"Manchester United\" alt=\"Manchester United\" class=\"slug\">Manchester United<\/a> y que r\u00e1pidamente se volvi\u00f3 viral.<\/p>\n<\/div>\n<p><h2><strong><em>\u00abGarnacho siempre fue Dybalista\u00bb: la foto de Alejandro con la camiseta de la Joya<\/em><\/strong><\/h2>\n<\/p>\n<div class=\"custom-text \" readability=\"43\">\n<p>Garnacho, quien ingres\u00f3 al campo en los \u00faltimos minutos del partido, no solo cumpli\u00f3 su sue\u00f1o de vestir la camiseta de la Selecci\u00f3n Argentina en el pa\u00eds, sino que tambi\u00e9n protagoniz\u00f3 un momento que quedar\u00e1 en su memoria para siempre. <strong>A los 78 minutos, el joven de los Diablos Rojos tom\u00f3 el bal\u00f3n, avanz\u00f3 por la izquierda y asisti\u00f3 a Dybala dentro del \u00e1rea. <\/strong>Con su clase habitual, la Joya defini\u00f3 de zurda al primer palo, venciendo a Gabriel Arias y desatando la euforia de los hinchas presentes en el estadio. Fue una conexi\u00f3n que no solo sell\u00f3 el triunfo, sino que tambi\u00e9n <strong>mostr\u00f3 la qu\u00edmica que hay entre la nueva y la vieja guardia de la Albiceleste.<\/strong><\/p>\n<\/div>\n<div class=\"custom-text \" readability=\"43\">\n<p>Pero la emoci\u00f3n no termin\u00f3 en la cancha. Tras el partido, <strong>Roberto Garnacho<\/strong>, hermano de Alejandro, <strong>sorprendi\u00f3 a todos al compartir en redes sociales una imagen de su hermano Alejandro cuando era apenas un ni\u00f1o<\/strong>, luciendo una camiseta de la Selecci\u00f3n Argentina con el nombre de Dybala en la espalda.<strong> \u00abC\u00f3mo les explico que Garnacho siempre fue dybalista\u00bb, escribi\u00f3 Roberto<\/strong>, y la publicaci\u00f3n r\u00e1pidamente explot\u00f3 en las redes, generando miles de reacciones, me gustas y comentarios.<\/p>\n<\/div>\n<div class=\"custom-text \" readability=\"43\">\n<p>Consultado sobre la imagen,<strong> Dybala no pudo ocultar su sorpresa y alegr\u00eda. \u00abTodav\u00eda no le pregunt\u00e9, pero incre\u00edble, hermoso\u00bb<\/strong>, coment\u00f3 el cordob\u00e9s. Visiblemente emocionado por la conexi\u00f3n con Garnacho, Dybala elogi\u00f3 al joven delantero: <strong>\u00abEs un tremendo jugador, tiene un futuro incre\u00edble. <\/strong>Depende de \u00e9l, porque tiene todas las condiciones para marcar historia tanto en Europa como en la Selecci\u00f3n\u00bb. Las palabras de la Joya no solo reflejan el respeto mutuo, sino tambi\u00e9n la confianza que Dybala y el resto de la Selecci\u00f3n depositan en la pr\u00f3xima generaci\u00f3n de futbolistas argentinos.<\/p>\n<\/div>\n<div class=\"custom-text \" readability=\"45\">\n<p>Por su parte, Lionel Scaloni tambi\u00e9n valor\u00f3 el ingreso de Garnacho, aunque, fiel a su estilo, mantuvo la cautela en sus declaraciones.<strong> \u00abLa Selecci\u00f3n necesita que nadie se relaje. Hoy le toc\u00f3 a Alejandro, que necesitamos que entre en la forma de jugar del equipo. Hizo todo bien, pero necesitamos llevarlo de a poco\u00bb<\/strong>, explic\u00f3 el entrenador argentino. A pesar de las palabras mesuradas de Scaloni, la ilusi\u00f3n de los hinchas argentinos crece con la aparici\u00f3n de jugadores como Garnacho, que junto a referentes como Dybala, prometen mantener a la Albiceleste en la \u00e9lite del f\u00fatbol mundial.<\/p>\n<\/div>\n<div class=\"sc-e7b891c4-0 ifHnQL\"><img alt=\"La Joya y Garna, en el festejo del 3-0. (JTesone)\" loading=\"lazy\" width=\"720\" height=\"100\" decoding=\"async\" data-nimg=\"1\" src=\"http:\/\/hoycordobaweb.com\/wp-content\/uploads\/2024\/09\/viral-la-foto-retro-de-garnacho-con-la-camiseta-de-un-dybala-de-seleccion-2.jpg\"><span class=\"epigraphe\">La Joya y Garna, en el festejo del 3-0. (JTesone)<\/span><\/div>\n<p><h2><strong><em>Las fotos de Garnacho con la camiseta de Dybala<\/em><\/strong><\/h2>\n<\/p>\n<div class=\"sc-e7b891c4-0 ifHnQL\"><img alt=\"Alejandro Garnacho, de chico, con la camiseta de Paulo Dybala\" loading=\"lazy\" width=\"720\" height=\"100\" decoding=\"async\" data-nimg=\"1\" src=\"http:\/\/hoycordobaweb.com\/wp-content\/uploads\/2024\/09\/viral-la-foto-retro-de-garnacho-con-la-camiseta-de-un-dybala-de-seleccion-3.jpg\"><span class=\"epigraphe\">Alejandro Garnacho, de chico, con la camiseta de Paulo Dybala<\/span><\/div>\n<div class=\"sc-e7b891c4-0 ifHnQL\"><img alt=\"Alejandro Garnacho, de chicom con la camiseta de Paulo Dybala\" loading=\"lazy\" width=\"720\" height=\"100\" decoding=\"async\" data-nimg=\"1\" src=\"http:\/\/hoycordobaweb.com\/wp-content\/uploads\/2024\/09\/viral-la-foto-retro-de-garnacho-con-la-camiseta-de-un-dybala-de-seleccion-4.jpg\"><span class=\"epigraphe\">Alejandro Garnacho, de chicom con la camiseta de Paulo Dybala<\/span><\/div>\n<p><h2><strong><em> Lo mejor de Argentina &#8211; Chile, por Eliminatrias<\/em><\/strong><\/h2>\n<\/p>\n<div type=\"embed\" class=\"sc-3f46f5ae-0 djVTgz\">\n<div class=\"sc-3f46f5ae-1 fTjZec videoText\" id=\"contentTitleembed13WVLHPr\" type=\"embed\" readability=\"56\"><svg fill=\"#ffffff\"><symbol id=\"play\" viewBox=\"0 0 512 512\"><path d=\"M512 256C512 397.4 397.4 512 256 512C114.6 512 0 397.4 0 256C0 114.6 114.6 0 256 0C397.4 0 512 114.6 512 256zM176 168V344C176 352.7 180.7 360.7 188.3 364.9C195.8 369.2 205.1 369 212.5 364.5L356.5 276.5C363.6 272.1 368 264.4 368 256C368 247.6 363.6 239.9 356.5 235.5L212.5 147.5C205.1 142.1 195.8 142.8 188.3 147.1C180.7 151.3 176 159.3 176 168V168z\" \/><\/symbol><use xlink:href=\"#play\" \/><\/svg><\/p>\n<div class=\"right\" readability=\"7\">\n<p>Selecci\u00f3n Argentina<!-- --> &#8211;<!-- --> <span>&nbsp;<\/span><\/p>\n<h2 class=\"title-vid\">El resumen de la victoria de Argentina ante Chile<\/h2>\n<\/div>\n<\/div>\n<p><span class=\"back\" id=\"spanBackembed13WVLHPr\"><\/span><\/div>\n<div type=\"embed\" class=\"sc-3f46f5ae-0 djVTgz\">\n<div class=\"sc-3f46f5ae-1 fTjZec videoText\" id=\"contentTitleembedZxiGz8lZ\" type=\"embed\" readability=\"56\"><svg fill=\"#ffffff\"><symbol id=\"play\" viewBox=\"0 0 512 512\"><path d=\"M512 256C512 397.4 397.4 512 256 512C114.6 512 0 397.4 0 256C0 114.6 114.6 0 256 0C397.4 0 512 114.6 512 256zM176 168V344C176 352.7 180.7 360.7 188.3 364.9C195.8 369.2 205.1 369 212.5 364.5L356.5 276.5C363.6 272.1 368 264.4 368 256C368 247.6 363.6 239.9 356.5 235.5L212.5 147.5C205.1 142.1 195.8 142.8 188.3 147.1C180.7 151.3 176 159.3 176 168V168z\" \/><\/symbol><use xlink:href=\"#play\" \/><\/svg><\/p>\n<div class=\"right\" readability=\"7\">\n<p>Selecci\u00f3n Argentina<!-- --> &#8211;<!-- --> <span>&nbsp;<\/span><\/p>\n<h2 class=\"title-vid\">Los festejos de la Selecci\u00f3n post goleada a Chile<\/h2>\n<\/div>\n<\/div>\n<p><span class=\"back\" id=\"spanBackembedZxiGz8lZ\"><\/span><\/div>\n<div class=\"sc-a7166897-0 eoLsBE\" readability=\"6\">\n<section readability=\"2\"><picture><img alt=\"El uno por uno de la Selecci\u00f3n en la goleada frente a Chile\" loading=\"lazy\" width=\"290\" height=\"290\" decoding=\"async\" data-nimg=\"1\" src=\"http:\/\/hoycordobaweb.com\/wp-content\/uploads\/2024\/09\/viral-la-foto-retro-de-garnacho-con-la-camiseta-de-un-dybala-de-seleccion-5.jpg\"><\/picture>\n<p><span>Mir\u00e1 tambi\u00e9n<\/span><\/p>\n<hr>\n<h3>El uno por uno de la Selecci\u00f3n en la goleada frente a Chile<\/h3>\n<\/p>\n<\/section>\n<\/div>\n<div class=\"sc-a7166897-0 eoLsBE\" readability=\"6\">\n<section readability=\"2\"><picture><img alt=\"Video: el golazo que Juli\u00e1n \u00c1lvarez no vio y liquid\u00f3 a Chile\" loading=\"lazy\" width=\"290\" height=\"290\" decoding=\"async\" data-nimg=\"1\" src=\"http:\/\/hoycordobaweb.com\/wp-content\/uploads\/2024\/09\/viral-la-foto-retro-de-garnacho-con-la-camiseta-de-un-dybala-de-seleccion-6.jpg\"><\/picture>\n<p><span>Mir\u00e1 tambi\u00e9n<\/span><\/p>\n<hr>\n<h3>Video: el golazo que Juli\u00e1n \u00c1lvarez no vio y liquid\u00f3 a Chile<\/h3>\n<\/p>\n<\/section>\n<\/div>\n<div class=\"sc-a7166897-0 eoLsBE\" readability=\"6.5\">\n<section readability=\"3\"><picture><img alt=\"Scaloni: el triunfo, la 10 de Dybala y la queja por el horario en Barranquilla\" loading=\"lazy\" width=\"290\" height=\"290\" decoding=\"async\" data-nimg=\"1\" src=\"http:\/\/hoycordobaweb.com\/wp-content\/uploads\/2024\/09\/viral-la-foto-retro-de-garnacho-con-la-camiseta-de-un-dybala-de-seleccion-7.jpg\"><\/picture>\n<p><span>Mir\u00e1 tambi\u00e9n<\/span><\/p>\n<hr>\n<h3>Scaloni: el triunfo, la 10 de Dybala y la queja por el horario en Barranquilla<\/h3>\n<\/p>\n<\/section>\n<\/div>\n<\/div>\n","protected":false},"excerpt":{"rendered":"<p>06\/09\/2024 07:08hs. El regreso de Paulo Dybala a la Selecci\u00f3n Argentina tuvo todos los condimento. El cordob\u00e9s, quien asumi\u00f3 la responsabilidad de portar la m\u00edtica camiseta n\u00famero 10 de Lionel Messi, sell\u00f3 la goleada por 3-0 ante Chile con un gol que llev\u00f3 al estadio al \u00e9xtasis. El tanto tuvo un sabor especial, ya que [&hellip;]<\/p>\n","protected":false},"author":1,"featured_media":82696,"comment_status":"open","ping_status":"closed","sticky":false,"template":"","format":"standard","meta":[],"categories":[16],"tags":[],"_links":{"self":[{"href":"http:\/\/hoycordobaweb.com\/index.php\/wp-json\/wp\/v2\/posts\/82695"}],"collection":[{"href":"http:\/\/hoycordobaweb.com\/index.php\/wp-json\/wp\/v2\/posts"}],"about":[{"href":"http:\/\/hoycordobaweb.com\/index.php\/wp-json\/wp\/v2\/types\/post"}],"author":[{"embeddable":true,"href":"http:\/\/hoycordobaweb.com\/index.php\/wp-json\/wp\/v2\/users\/1"}],"replies":[{"embeddable":true,"href":"http:\/\/hoycordobaweb.com\/index.php\/wp-json\/wp\/v2\/comments?post=82695"}],"version-history":[{"count":0,"href":"http:\/\/hoycordobaweb.com\/index.php\/wp-json\/wp\/v2\/posts\/82695\/revisions"}],"wp:featuredmedia":[{"embeddable":true,"href":"http:\/\/hoycordobaweb.com\/index.php\/wp-json\/wp\/v2\/media\/82696"}],"wp:attachment":[{"href":"http:\/\/hoycordobaweb.com\/index.php\/wp-json\/wp\/v2\/media?parent=82695"}],"wp:term":[{"taxonomy":"category","embeddable":true,"href":"http:\/\/hoycordobaweb.com\/index.php\/wp-json\/wp\/v2\/categories?post=82695"},{"taxonomy":"post_tag","embeddable":true,"href":"http:\/\/hoycordobaweb.com\/index.php\/wp-json\/wp\/v2\/tags?post=82695"}],"curies":[{"name":"wp","href":"https:\/\/api.w.org\/{rel}","templated":true}]}}