{"id":82602,"date":"2024-09-04T01:17:26","date_gmt":"2024-09-04T01:17:26","guid":{"rendered":"https:\/\/www.ole.com.ar\/futbol-internacional\/espana\/vinicius-racismo-espana-2030_0_sgl7mM2lZ1.html"},"modified":"2024-09-04T01:17:26","modified_gmt":"2024-09-04T01:17:26","slug":"vinicius-y-el-racismo-en-espana-si-no-evoluciona-el-mundial-de-2030-necesita-cambiar-su-lugar","status":"publish","type":"post","link":"http:\/\/hoycordobaweb.com\/index.php\/2024\/09\/04\/vinicius-y-el-racismo-en-espana-si-no-evoluciona-el-mundial-de-2030-necesita-cambiar-su-lugar\/","title":{"rendered":"Vinicius y el racismo en Espa\u00f1a: \u00abSi no evoluciona, el Mundial de 2030 necesita cambiar su lugar\u00bb"},"content":{"rendered":"<p><img src=\"http:\/\/hoycordobaweb.com\/wp-content\/uploads\/2024\/09\/vinicius-y-el-racismo-en-espana-si-no-evoluciona-el-mundial-de-2030-necesita-cambiar-su-lugar.jpg\"><\/p>\n<p><time class=\"createDate\" datetime=\"2024-09-03T22:17:26-03:00\">03\/09\/2024 22:17hs.<\/time><time class=\"modificatedDate\" datetime=\"2024-09-03T22:18:03-03:00\"> Actualizado al 03\/09\/2024 22:18hs.<\/time><\/p>\n<div id=\"storyBody\">\n<div class=\"custom-text \" readability=\"45\">\n<p>Desde hace un tiempo, <strong>el brasile\u00f1o Vinicius Junior levanta la bandera luchando contra el racismo en el f\u00fatbol y en el deporte en general.<\/strong> Antes de la doble fecha de Eliminatorias, donde su selecci\u00f3n enfrentar\u00e1 a Ecuador de local y visitar\u00e1 luego a Paraguay, <strong>el delantero de Real Madrid hizo declaraciones que provocaron ruido en Espa\u00f1a<\/strong>. Puntualmente, por lo que sucede all\u00ed, los casos que \u00e9l y otros han denunciado.<strong> Emiti\u00f3 una nueva preocupaci\u00f3n pensando en el presente y en el futuro, ya que las tierras ib\u00e9ricas albergar\u00e1n la Copa del Mundo de 2030 junto a Portugal, Marruecos, Argentina, Uruguay y Paraguay<\/strong>. \u00abHasta el 2030 tenemos un margen muy grande para la evoluci\u00f3n. Espero que Espa\u00f1a pueda evolucionar y<strong> entender lo serio que es insultar a una persona por el color de su piel<\/strong>\u00ab, manifest\u00f3. <\/p>\n<\/div>\n<div class=\"custom-text \" readability=\"41\">\n<p>\u00abSi las cosas no evolucionan hasta 2030, creo que (el Mundial) necesita cambiar su <strong>ubicaci\u00f3n porque el jugador no se siente c\u00f3modo y seguro de jugar en un pa\u00eds donde pueda sufrir racismo. <\/strong>Es complicado, pero yo creo y quiero hacer todo para que las cosas puedan cambiar porque hay muchas personas en Espa\u00f1a, o incluso la mayor\u00eda, que no son racistas, pero hay un peque\u00f1o grupo que acaba afectando a la imagen de un pa\u00eds que es tan agradable para vivir. <strong>Me encantar estar aqu\u00ed y me encanta jugar para el Real Madrid\u00bb, <\/strong>agreg\u00f3 en una entrevista con CNN sobre este asunto tan delicado. <\/p>\n<\/div>\n<div type=\"embed\" class=\"sc-3f46f5ae-0 djVTgz\">\n<div class=\"sc-3f46f5ae-1 fTjZec videoText\" id=\"contentTitleembedUJcKcbg3\" type=\"embed\"><svg fill=\"#ffffff\"><symbol id=\"play\" viewBox=\"0 0 512 512\"><path d=\"M512 256C512 397.4 397.4 512 256 512C114.6 512 0 397.4 0 256C0 114.6 114.6 0 256 0C397.4 0 512 114.6 512 256zM176 168V344C176 352.7 180.7 360.7 188.3 364.9C195.8 369.2 205.1 369 212.5 364.5L356.5 276.5C363.6 272.1 368 264.4 368 256C368 247.6 363.6 239.9 356.5 235.5L212.5 147.5C205.1 142.1 195.8 142.8 188.3 147.1C180.7 151.3 176 159.3 176 168V168z\" \/><\/symbol><use xlink:href=\"#play\" \/><\/svg><\/p>\n<div class=\"right\">\n<p>Vinicius<!-- --> &#8211;<!-- --> <span>&nbsp;<\/span><\/p>\n<h2 class=\"title-vid\">Vinicius: \u00abSi antes de 2030 las cosas no mejoran, habr\u00eda que cambiar la sede del Mundial\u00bb<\/h2>\n<\/div>\n<\/div>\n<p><span class=\"back\" id=\"spanBackembedUJcKcbg3\"><\/span><\/div>\n<div class=\"custom-text \" readability=\"37\">\n<p>Eso s\u00ed, destac\u00f3 las medidas que se han ido implementado en Espa\u00f1a en este \u00faltimo tiempo y desea que ellas puedan ayudar a erradicar este mal: \u00abYa veo y siento diferencias en Espa\u00f1a hoy, que hay gente que quiz\u00e1 todav\u00eda siga siendo racista <strong>pero ahora tiene miedo de expresarse en un campo de f\u00fatbol y en lugares donde hay muchas c\u00e1maras\u00bb.<\/strong><\/p>\n<\/div>\n<div class=\"sc-e7b891c4-0 ifHnQL\"><img alt=\"Vinicius y su lucha contra el racismo.\" loading=\"lazy\" width=\"720\" height=\"100\" decoding=\"async\" data-nimg=\"1\" src=\"http:\/\/hoycordobaweb.com\/wp-content\/uploads\/2024\/09\/vinicius-y-el-racismo-en-espana-si-no-evoluciona-el-mundial-de-2030-necesita-cambiar-su-lugar-2.jpg\"><span class=\"epigraphe\">Vinicius y su lucha contra el racismo.<\/span><\/div>\n<div class=\"custom-text \" readability=\"36\">\n<p>\u00abTres personas fueron condenadas a c\u00e1rcel por insultarme en un partido (contra el Valencia). Y eso es algo que siempre se quedar\u00e1 marcado en la historia porque fuera la primera vez y cada vez que lo hagan de nuevo ser\u00e1 posible hacerles pagar por hacer sufrir a las personas negras\u00bb, culmin\u00f3 Vini. <\/p>\n<\/div>\n<div class=\"sc-a7166897-0 eoLsBE\" readability=\"6\">\n<section readability=\"2\"><picture><img alt=\"El 11 de la Selecci\u00f3n que piensa Scaloni para enfrentar a Chile por Eliminatorias\" loading=\"lazy\" width=\"290\" height=\"290\" decoding=\"async\" data-nimg=\"1\" src=\"http:\/\/hoycordobaweb.com\/wp-content\/uploads\/2024\/09\/vinicius-y-el-racismo-en-espana-si-no-evoluciona-el-mundial-de-2030-necesita-cambiar-su-lugar-3.jpg\"><\/picture>\n<p><span>Mir\u00e1 tambi\u00e9n<\/span><\/p>\n<hr>\n<h3>El 11 de la Selecci\u00f3n que piensa Scaloni para enfrentar a Chile por Eliminatorias<\/h3>\n<\/p>\n<\/section>\n<\/div>\n<div class=\"sc-a7166897-0 eoLsBE\" readability=\"6\">\n<section readability=\"2\"><picture><img alt=\"La \u00fanica vez que Argentina perdi\u00f3 con Chile por Eliminatorias\" loading=\"lazy\" width=\"290\" height=\"290\" decoding=\"async\" data-nimg=\"1\" src=\"http:\/\/hoycordobaweb.com\/wp-content\/uploads\/2024\/09\/vinicius-y-el-racismo-en-espana-si-no-evoluciona-el-mundial-de-2030-necesita-cambiar-su-lugar-4.jpg\"><\/picture>\n<p><span>Mir\u00e1 tambi\u00e9n<\/span><\/p>\n<hr>\n<h3>La \u00fanica vez que Argentina perdi\u00f3 con Chile por Eliminatorias<\/h3>\n<\/p>\n<\/section>\n<\/div>\n<div class=\"sc-a7166897-0 eoLsBE\" readability=\"6\">\n<section readability=\"2\"><picture><img alt=\"Jorge Brito: &quot;Seguramente la final de la Libertadores se juegue en el Monumental&quot;\" loading=\"lazy\" width=\"290\" height=\"290\" decoding=\"async\" data-nimg=\"1\" src=\"http:\/\/hoycordobaweb.com\/wp-content\/uploads\/2024\/09\/vinicius-y-el-racismo-en-espana-si-no-evoluciona-el-mundial-de-2030-necesita-cambiar-su-lugar-5.jpg\"><\/picture>\n<p><span>Mir\u00e1 tambi\u00e9n<\/span><\/p>\n<hr>\n<h3>Jorge Brito: \u00abSeguramente la final de la Libertadores se juegue en el Monumental\u00bb<\/h3>\n<\/p>\n<\/section>\n<\/div>\n<\/div>\n","protected":false},"excerpt":{"rendered":"<p>03\/09\/2024 22:17hs. Actualizado al 03\/09\/2024 22:18hs. Desde hace un tiempo, el brasile\u00f1o Vinicius Junior levanta la bandera luchando contra el racismo en el f\u00fatbol y en el deporte en general. Antes de la doble fecha de Eliminatorias, donde su selecci\u00f3n enfrentar\u00e1 a Ecuador de local y visitar\u00e1 luego a Paraguay, el delantero de Real Madrid [&hellip;]<\/p>\n","protected":false},"author":1,"featured_media":82603,"comment_status":"open","ping_status":"closed","sticky":false,"template":"","format":"standard","meta":[],"categories":[16],"tags":[],"_links":{"self":[{"href":"http:\/\/hoycordobaweb.com\/index.php\/wp-json\/wp\/v2\/posts\/82602"}],"collection":[{"href":"http:\/\/hoycordobaweb.com\/index.php\/wp-json\/wp\/v2\/posts"}],"about":[{"href":"http:\/\/hoycordobaweb.com\/index.php\/wp-json\/wp\/v2\/types\/post"}],"author":[{"embeddable":true,"href":"http:\/\/hoycordobaweb.com\/index.php\/wp-json\/wp\/v2\/users\/1"}],"replies":[{"embeddable":true,"href":"http:\/\/hoycordobaweb.com\/index.php\/wp-json\/wp\/v2\/comments?post=82602"}],"version-history":[{"count":0,"href":"http:\/\/hoycordobaweb.com\/index.php\/wp-json\/wp\/v2\/posts\/82602\/revisions"}],"wp:featuredmedia":[{"embeddable":true,"href":"http:\/\/hoycordobaweb.com\/index.php\/wp-json\/wp\/v2\/media\/82603"}],"wp:attachment":[{"href":"http:\/\/hoycordobaweb.com\/index.php\/wp-json\/wp\/v2\/media?parent=82602"}],"wp:term":[{"taxonomy":"category","embeddable":true,"href":"http:\/\/hoycordobaweb.com\/index.php\/wp-json\/wp\/v2\/categories?post=82602"},{"taxonomy":"post_tag","embeddable":true,"href":"http:\/\/hoycordobaweb.com\/index.php\/wp-json\/wp\/v2\/tags?post=82602"}],"curies":[{"name":"wp","href":"https:\/\/api.w.org\/{rel}","templated":true}]}}