{"id":82594,"date":"2024-09-04T11:10:43","date_gmt":"2024-09-04T11:10:43","guid":{"rendered":"https:\/\/www.ole.com.ar\/san-lorenzo\/iker-muniain-volvio-argentina-sumarse-san-lorenzo_0_PS5XPVRPYy.html"},"modified":"2024-09-04T11:10:43","modified_gmt":"2024-09-04T11:10:43","slug":"iker-muniain-volvio-a-la-argentina-para-sumarse-a-san-lorenzo-vamos-a-ver-si-se-puede-dar","status":"publish","type":"post","link":"http:\/\/hoycordobaweb.com\/index.php\/2024\/09\/04\/iker-muniain-volvio-a-la-argentina-para-sumarse-a-san-lorenzo-vamos-a-ver-si-se-puede-dar\/","title":{"rendered":"Iker Muniain volvi\u00f3 a la Argentina para sumarse a San Lorenzo: \u00abVamos a ver si se puede dar\u00bb"},"content":{"rendered":"<p><img src=\"http:\/\/hoycordobaweb.com\/wp-content\/uploads\/2024\/09\/iker-muniain-volvio-a-la-argentina-para-sumarse-a-san-lorenzo-vamos-a-ver-si-se-puede-dar.jpg\"><\/p>\n<div><img src=\"http:\/\/hoycordobaweb.com\/wp-content\/uploads\/2024\/09\/iker-muniain-volvio-a-la-argentina-para-sumarse-a-san-lorenzo-vamos-a-ver-si-se-puede-dar.jpg\" class=\"ff-og-image-inserted\"><\/div>\n<p><time class=\"createDate\" datetime=\"2024-09-04T08:10:43-03:00\">04\/09\/2024 08:10hs.<\/time><time class=\"modificatedDate\" datetime=\"2024-09-04T08:28:06-03:00\"> Actualizado al 04\/09\/2024 08:28hs.<\/time><\/p>\n<div id=\"storyBody\">\n<div class=\"custom-text \" readability=\"36\">\n<p>Lo que empez\u00f3 como un sue\u00f1o hace una semana, este mi\u00e9rcoles empez\u00f3 a acercarse a la realidad: Iker Muniain regres\u00f3 a la Argentina para terminar de encaminar su llegada a San Lorenzo. \u00abVa todo muy bien\u00bb, alcanz\u00f3 a deslizar en medio de la marea hinchas y de medios apenas se baj\u00f3 del avi\u00f3n.<\/p>\n<\/div>\n<div class=\"custom-text \" readability=\"39\">\n<p>El ex Athletic Bilbao est\u00e1 a un paso de convertirse en refuerzo del club de Boedo. Adem\u00e1s de algunos detalles por resolver, el enganche vasco deber\u00e1 someterse a la revisi\u00f3n m\u00e9dica a partir de las 15 y, si todo sale bien, se convertir\u00e1 en una de las caras nuevas del conjunto azulgrana. \u00abVamos a ver si se puede dar. Estoy muy feliz de estar otra vez aqu\u00ed. Con muchas ganas\u00bb, insisti\u00f3.<\/p>\n<\/div>\n<div class=\"custom-embedhtml\" readability=\"6.8248175182482\">\n<blockquote class=\"twitter-tweet\" readability=\"8.029197080292\">\n<p lang=\"es\" dir=\"ltr\">\u00a1IKER MUNIAIN YA EST\u00c1 EN ARGENTINA! El espa\u00f1ol arrib\u00f3 al pa\u00eds, para cerrar su fichaje con San Lorenzo. \u00abFELIZ DE ESTAR AQU\u00cd. VAMOS A VER SI SE PUEDE DAR&#8230;\u00bb, sus primeras palabras.<\/p>\n<p>\ud83d\udcfa <a href=\"https:\/\/twitter.com\/hashtag\/DisneyPlus?src=hash&amp;ref_src=twsrc%5Etfw\">#DisneyPlus<\/a> <a href=\"https:\/\/t.co\/WyfLl2LjGD\">pic.twitter.com\/WyfLl2LjGD<\/a><\/p>\n<p>\u2014 SportsCenter (@SC_ESPN) <a href=\"https:\/\/twitter.com\/SC_ESPN\/status\/1831287129646731502?ref_src=twsrc%5Etfw\">September 4, 2024<\/a><\/p><\/blockquote><\/div>\n<p><h2><strong>\u00bfQu\u00e9 falta para que Muniain se sume a San Lorenzo?<\/strong><\/h2>\n<\/p>\n<div class=\"custom-text \" readability=\"35\">\n<p>Desde lo contractual hay principio de acuerdo. Lo que le ofrecieron desde Boedo es un v\u00ednculo por 18 meses y los n\u00fameros ya estar\u00edan pactados. \u00bfQu\u00e9 falta entonces? Detalles: muchos que tienen que ver con la vida de Muniain en la Argentina y que no deber\u00edan poner en riesgo su llegada al f\u00fatbol argentino. <\/p>\n<\/div>\n<div class=\"custom-text \" readability=\"38\">\n<p>En principio deb\u00eda solucionar temas personales y volver a juntarse con la dirigencia del club de Boedo para ultimar detalles, aunque eso se solucion\u00f3 a la distancia: luego de charlar la cuesti\u00f3n econ\u00f3mica con Marcelo Moretti y tener una jugosa conversaci\u00f3n futbolera con Leandro Romagnoli, durante ese almuerzo que compartieron la semana pasada y en el que hablaron de las ideas de juego y las posiciones que el volante, Muniain hab\u00eda quedado en responder.<\/p>\n<\/div>\n<div class=\"custom-text \" readability=\"37\">\n<p>Viaj\u00f3 de regreso a Europa y se esperaba el llamado para confirmar si volv\u00eda o no. El viernes no hubo contacto, pas\u00f3 el fin de semana y el lunes nada tampoco&#8230; Hasta el martes, cuando desde el entorno del futbolista se comunicaron: entre charla y charla terminaron acordando que anticipe su viaje y que este mismo mi\u00e9rcoles llegue al pa\u00eds como finalmente ocurri\u00f3.<\/p>\n<\/div>\n<p><h3>Noticia en desarrollo&#8230;<\/h3>\n<\/p>\n<\/div>\n","protected":false},"excerpt":{"rendered":"<p>04\/09\/2024 08:10hs. Actualizado al 04\/09\/2024 08:28hs. Lo que empez\u00f3 como un sue\u00f1o hace una semana, este mi\u00e9rcoles empez\u00f3 a acercarse a la realidad: Iker Muniain regres\u00f3 a la Argentina para terminar de encaminar su llegada a San Lorenzo. \u00abVa todo muy bien\u00bb, alcanz\u00f3 a deslizar en medio de la marea hinchas y de medios apenas [&hellip;]<\/p>\n","protected":false},"author":1,"featured_media":82595,"comment_status":"open","ping_status":"closed","sticky":false,"template":"","format":"standard","meta":[],"categories":[16],"tags":[],"_links":{"self":[{"href":"http:\/\/hoycordobaweb.com\/index.php\/wp-json\/wp\/v2\/posts\/82594"}],"collection":[{"href":"http:\/\/hoycordobaweb.com\/index.php\/wp-json\/wp\/v2\/posts"}],"about":[{"href":"http:\/\/hoycordobaweb.com\/index.php\/wp-json\/wp\/v2\/types\/post"}],"author":[{"embeddable":true,"href":"http:\/\/hoycordobaweb.com\/index.php\/wp-json\/wp\/v2\/users\/1"}],"replies":[{"embeddable":true,"href":"http:\/\/hoycordobaweb.com\/index.php\/wp-json\/wp\/v2\/comments?post=82594"}],"version-history":[{"count":0,"href":"http:\/\/hoycordobaweb.com\/index.php\/wp-json\/wp\/v2\/posts\/82594\/revisions"}],"wp:featuredmedia":[{"embeddable":true,"href":"http:\/\/hoycordobaweb.com\/index.php\/wp-json\/wp\/v2\/media\/82595"}],"wp:attachment":[{"href":"http:\/\/hoycordobaweb.com\/index.php\/wp-json\/wp\/v2\/media?parent=82594"}],"wp:term":[{"taxonomy":"category","embeddable":true,"href":"http:\/\/hoycordobaweb.com\/index.php\/wp-json\/wp\/v2\/categories?post=82594"},{"taxonomy":"post_tag","embeddable":true,"href":"http:\/\/hoycordobaweb.com\/index.php\/wp-json\/wp\/v2\/tags?post=82594"}],"curies":[{"name":"wp","href":"https:\/\/api.w.org\/{rel}","templated":true}]}}