{"id":82519,"date":"2024-09-01T22:11:13","date_gmt":"2024-09-01T22:11:13","guid":{"rendered":"https:\/\/www.ole.com.ar\/futbol-internacional\/tremendo-record-rompio-thomas-muller-bayern-munich-gol-friburgo_0_aIjFKjBHLH.html"},"modified":"2024-09-01T22:11:13","modified_gmt":"2024-09-01T22:11:13","slug":"el-tremendo-record-que-consiguio-thomas-muller-en-el-bayern-munich","status":"publish","type":"post","link":"http:\/\/hoycordobaweb.com\/index.php\/2024\/09\/01\/el-tremendo-record-que-consiguio-thomas-muller-en-el-bayern-munich\/","title":{"rendered":"El tremendo r\u00e9cord que consigui\u00f3 Thomas M\u00fcller en el Bayern Munich"},"content":{"rendered":"<p><img src=\"http:\/\/hoycordobaweb.com\/wp-content\/uploads\/2024\/09\/el-tremendo-record-que-consiguio-thomas-muller-en-el-bayern-munich.jpg\"><\/p>\n<p><time class=\"createDate\" datetime=\"2024-09-01T19:11:13-03:00\">01\/09\/2024 19:11hs.<\/time><\/p>\n<div id=\"storyBody\">\n<div class=\"custom-text \" readability=\"39\">\n<p>No fue un domingo m\u00e1s en Alemania, en la Bundesliga y, m\u00e1s precisamente, en el <strong>Bayern Munich<\/strong>. <strong>La victoria 2-0 en el Allianz Arena ante el Friburgo sirvi\u00f3 para celebrar a Thomas M\u00fcller<\/strong> y el gran logro que consigui\u00f3. Con su ingreso en el segundo tiempo <strong>se transform\u00f3 en el futbolista con m\u00e1s partidos en la historia del club: 710, <\/strong>superando los 709 que eran la marca top dejada por el arquero Sepp Maier en 1979.<\/p>\n<\/div>\n<div class=\"custom-text \" readability=\"37\">\n<p><strong>Como si fuera poco, el hist\u00f3rico N\u00b0 25 se dio el gusto de convertir el 2-0 con un golazo<\/strong>. A los 34 a\u00f1os, M\u00fcller sigue m\u00e1s que vigente en el \u00fanico club en el que jug\u00f3 y en el que t<strong>ambi\u00e9n es el tercer goleador hist\u00f3rico con 245<\/strong>, por detr\u00e1s de Gerd M\u00fcller (568) y Robert Lewandowski (344).<\/p>\n<\/div>\n<div class=\"custom-text \" readability=\"36\">\n<p>Finalizado el encuentro en el que tambi\u00e9n marc\u00f3 Harry Kane (de penal), todos en el equipo b\u00e1varo celebraron este gran hito de uno de sus \u00eddolo. <strong>Thomas no dud\u00f3 y se meti\u00f3 en la tribuna para vivirlo con los hinchas m\u00e1s ruidosos.<\/strong> Una historia de amor que todav\u00eda contin\u00faa pese a que no comenz\u00f3 como titular para el nuevo DT Vicent Kompany.<\/p>\n<\/div>\n<div class=\"sc-e7b891c4-0 ifHnQL\"><img alt=\"Soccer Football - Bundesliga - Bayern Munich v SC Freiburg - Allianz Arena, Munich, Germany - September 1, 2024\nBayern Munich's Thomas Mueller celebrates after setting a record of playing 710 matches for Bayern Munich REUTERS\/Leonhard Simon DFL REGULATIONS PROHIBIT ANY USE OF PHOTOGRAPHS AS IMAGE SEQUENCES AND\/OR QUASI-VIDEO.\" loading=\"lazy\" width=\"720\" height=\"100\" decoding=\"async\" data-nimg=\"1\" src=\"http:\/\/hoycordobaweb.com\/wp-content\/uploads\/2024\/09\/el-tremendo-record-que-consiguio-thomas-muller-en-el-bayern-munich-2.jpg\"><span class=\"epigraphe\">Soccer Football &#8211; Bundesliga &#8211; Bayern Munich v SC Freiburg &#8211; Allianz Arena, Munich, Germany &#8211; September 1, 2024<br \/>\nBayern Munich&#8217;s Thomas Mueller celebrates after setting a record of playing 710 matches for Bayern Munich REUTERS\/Leonhard Simon DFL REGULATIONS PROHIBIT ANY USE OF PHOTOGRAPHS AS IMAGE SEQUENCES AND\/OR QUASI-VIDEO.<\/span><\/div>\n<p><h2><strong>La palabra de Thomas M\u00fcller por su r\u00e9cord en el Bayern<\/strong><\/h2>\n<\/p>\n<div class=\"custom-text \" readability=\"39\">\n<p><strong>\u00abLos r\u00e9cords no son tan importantes para m\u00ed, era m\u00e1s importante marcar\u00bb, se sincer\u00f3 el atacante<\/strong>. Y le gust\u00f3 mucho el gol que anot\u00f3: \u00abFue de una belleza brutal. T\u00e9cnicamente excepcional y encima entra. Eso es lo que me gusta\u00bb. Y sabe lo que le puede aportar al equipo: \u00abEn este nivel se invierte mucho dinero, tiempo y trabajo minucioso. Si quieres superar defensas cerradas, los cent\u00edmetros pueden marcar la diferencia.<strong> Intento transmitir los puntos fuertes a mis compa\u00f1eros\u00bb.<\/strong><\/p>\n<\/div>\n<div class=\"custom-text \" readability=\"36\">\n<p><strong>Transitando su \u00faltimo a\u00f1o de contrato (hasta junio de 2025) y con un futuro incierto, M\u00fcller viene de despedirse de la selecci\u00f3n de Alemania <\/strong>tras jugar la Eurocopa donde cayeron en cuartos de final. Con su seleccionado se despidi\u00f3 como el tercero con m\u00e1s presencias (131) y el sexto con m\u00e1s goles (45) y siendo <strong>verdugo de Argentina en dos ocasiones.<\/strong><\/p>\n<\/div>\n<div class=\"custom-text \" readability=\"38\">\n<p><strong>La primera en Sud\u00e1frica 2010, en aquellos cuartos de final <\/strong>en los que abri\u00f3 la cuenta de entrada para la <strong>goleada 4-0<\/strong> de la Mannschaft a la Argentina que dirig\u00eda Diego Armando Maradona. Y, cuatro a\u00f1os m\u00e1s tarde, no convirti\u00f3 pero s\u00ed celebr\u00f3 a lo grande con e<strong>l t\u00edtulo en la final de Brasil 2014 por el 1-0 de Mario G\u00f6tze.<\/strong><\/p>\n<\/div>\n<div class=\"sc-e7b891c4-0 ifHnQL\"><img alt=\"Con Alemania gan\u00f3 el Mundial 2014 superando a Argentina en la final (REUTERS).\" loading=\"lazy\" width=\"720\" height=\"100\" decoding=\"async\" data-nimg=\"1\" src=\"http:\/\/hoycordobaweb.com\/wp-content\/uploads\/2024\/09\/el-tremendo-record-que-consiguio-thomas-muller-en-el-bayern-munich-3.jpg\"><span class=\"epigraphe\">Con Alemania gan\u00f3 el Mundial 2014 superando a Argentina en la final (REUTERS).<\/span><\/div>\n<div class=\"custom-text \" readability=\"35\">\n<p>Por lo pronto, <strong>seguir\u00e1 disfrutando de vestir la camiseta del Bayern<\/strong> en donde pese a jugar tantos partidos la particularidad es que nunca fue primer capit\u00e1n del club. La cinta en los \u00faltimos 13 a\u00f1os fue de Philpp Lahm primero y luego de Manuel Neuer (sigue si\u00e9ndolo en la actualidad). <\/p>\n<\/div>\n<div class=\"custom-text \" readability=\"42\">\n<p><strong>Pasaron 16 a\u00f1os desde su debut en Munich frente al Hamburgo, un 2-2 en el que entr\u00f3 con la N\u00b0 25<\/strong> que nunca m\u00e1s dej\u00f3. Y, de a poco, se fue convirtiendo en un \u00eddolo del club con el que <strong>lleva ganados \u00a132 t\u00edtulos!, incluidas 12 Bundesligas y dos Champions League. <\/strong>Thomas M\u00fcller, el que festeja los goles parado, gritando y sin correr, ya es el hombre r\u00e9cord e ir\u00e1 por m\u00e1s&#8230;<\/p>\n<\/div>\n<div class=\"sc-e7b891c4-0 ifHnQL\"><img alt=\"Para celebrar se meti\u00f3 en la tribuna con los hinchas (REUTERS).\" loading=\"lazy\" width=\"720\" height=\"100\" decoding=\"async\" data-nimg=\"1\" src=\"http:\/\/hoycordobaweb.com\/wp-content\/uploads\/2024\/09\/el-tremendo-record-que-consiguio-thomas-muller-en-el-bayern-munich-4.jpg\"><span class=\"epigraphe\">Para celebrar se meti\u00f3 en la tribuna con los hinchas (REUTERS).<\/span><\/div>\n<div class=\"sc-e7b891c4-0 ifHnQL\"><img alt=\"Alegr\u00eda en el Allianz Arena (EFE).\" loading=\"lazy\" width=\"720\" height=\"100\" decoding=\"async\" data-nimg=\"1\" src=\"http:\/\/hoycordobaweb.com\/wp-content\/uploads\/2024\/09\/el-tremendo-record-que-consiguio-thomas-muller-en-el-bayern-munich-5.jpg\"><span class=\"epigraphe\">Alegr\u00eda en el Allianz Arena (EFE).<\/span><\/div>\n<div class=\"sc-e7b891c4-0 ifHnQL\"><img alt=\"El grito de su gol en el 2-0 al Friburgo en el que lleg\u00f3 a 710 partidos en el Bayern (EFE).\" loading=\"lazy\" width=\"720\" height=\"100\" decoding=\"async\" data-nimg=\"1\" src=\"http:\/\/hoycordobaweb.com\/wp-content\/uploads\/2024\/09\/el-tremendo-record-que-consiguio-thomas-muller-en-el-bayern-munich-6.jpg\"><span class=\"epigraphe\">El grito de su gol en el 2-0 al Friburgo en el que lleg\u00f3 a 710 partidos en el Bayern (EFE).<\/span><\/div>\n<div class=\"sc-a7166897-0 eoLsBE\" readability=\"6\">\n<section readability=\"2\"><picture><img alt=\"Nico Gonz\u00e1lez debut\u00f3 en la Juventus en un 0-0 ante la Roma de Dybala \" loading=\"lazy\" width=\"290\" height=\"290\" decoding=\"async\" data-nimg=\"1\" src=\"http:\/\/hoycordobaweb.com\/wp-content\/uploads\/2024\/09\/el-tremendo-record-que-consiguio-thomas-muller-en-el-bayern-munich-7.jpg\"><\/picture>\n<p><span>Mir\u00e1 tambi\u00e9n<\/span><\/p>\n<hr>\n<h3>Nico Gonz\u00e1lez debut\u00f3 en la Juventus en un 0-0 ante la Roma de Dybala<br \/>\n<\/h3>\n<\/p>\n<\/section>\n<\/div>\n<div class=\"sc-a7166897-0 eoLsBE\" readability=\"6.5\">\n<section readability=\"3\"><picture><img alt=\"Selecci\u00f3n: c\u00f3mo le fue a los futbolistas argentinos antes de jugar las Eliminatorias\" loading=\"lazy\" width=\"290\" height=\"290\" decoding=\"async\" data-nimg=\"1\" src=\"http:\/\/hoycordobaweb.com\/wp-content\/uploads\/2024\/09\/el-tremendo-record-que-consiguio-thomas-muller-en-el-bayern-munich-8.jpg\"><\/picture>\n<p><span>Mir\u00e1 tambi\u00e9n<\/span><\/p>\n<hr>\n<h3>Selecci\u00f3n: c\u00f3mo le fue a los futbolistas argentinos antes de jugar las Eliminatorias<\/h3>\n<\/p>\n<\/section>\n<\/div>\n<div class=\"sc-a7166897-0 eoLsBE\" readability=\"6\">\n<section readability=\"2\"><picture><img alt=\"Luis Su\u00e1rez tiene algo que decir: \u00bfanuncia su retiro de la selecci\u00f3n de Uruguay? \" loading=\"lazy\" width=\"290\" height=\"290\" decoding=\"async\" data-nimg=\"1\" src=\"http:\/\/hoycordobaweb.com\/wp-content\/uploads\/2024\/09\/el-tremendo-record-que-consiguio-thomas-muller-en-el-bayern-munich-9.jpg\"><\/picture>\n<p><span>Mir\u00e1 tambi\u00e9n<\/span><\/p>\n<hr>\n<h3>Luis Su\u00e1rez tiene algo que decir: \u00bfanuncia su retiro de la selecci\u00f3n de Uruguay? <\/h3>\n<\/p>\n<\/section>\n<\/div>\n<\/div>\n","protected":false},"excerpt":{"rendered":"<p>01\/09\/2024 19:11hs. No fue un domingo m\u00e1s en Alemania, en la Bundesliga y, m\u00e1s precisamente, en el Bayern Munich. La victoria 2-0 en el Allianz Arena ante el Friburgo sirvi\u00f3 para celebrar a Thomas M\u00fcller y el gran logro que consigui\u00f3. Con su ingreso en el segundo tiempo se transform\u00f3 en el futbolista con m\u00e1s [&hellip;]<\/p>\n","protected":false},"author":1,"featured_media":82520,"comment_status":"open","ping_status":"closed","sticky":false,"template":"","format":"standard","meta":[],"categories":[16],"tags":[],"_links":{"self":[{"href":"http:\/\/hoycordobaweb.com\/index.php\/wp-json\/wp\/v2\/posts\/82519"}],"collection":[{"href":"http:\/\/hoycordobaweb.com\/index.php\/wp-json\/wp\/v2\/posts"}],"about":[{"href":"http:\/\/hoycordobaweb.com\/index.php\/wp-json\/wp\/v2\/types\/post"}],"author":[{"embeddable":true,"href":"http:\/\/hoycordobaweb.com\/index.php\/wp-json\/wp\/v2\/users\/1"}],"replies":[{"embeddable":true,"href":"http:\/\/hoycordobaweb.com\/index.php\/wp-json\/wp\/v2\/comments?post=82519"}],"version-history":[{"count":0,"href":"http:\/\/hoycordobaweb.com\/index.php\/wp-json\/wp\/v2\/posts\/82519\/revisions"}],"wp:featuredmedia":[{"embeddable":true,"href":"http:\/\/hoycordobaweb.com\/index.php\/wp-json\/wp\/v2\/media\/82520"}],"wp:attachment":[{"href":"http:\/\/hoycordobaweb.com\/index.php\/wp-json\/wp\/v2\/media?parent=82519"}],"wp:term":[{"taxonomy":"category","embeddable":true,"href":"http:\/\/hoycordobaweb.com\/index.php\/wp-json\/wp\/v2\/categories?post=82519"},{"taxonomy":"post_tag","embeddable":true,"href":"http:\/\/hoycordobaweb.com\/index.php\/wp-json\/wp\/v2\/tags?post=82519"}],"curies":[{"name":"wp","href":"https:\/\/api.w.org\/{rel}","templated":true}]}}