{"id":82509,"date":"2024-09-02T11:09:49","date_gmt":"2024-09-02T11:09:49","guid":{"rendered":"https:\/\/www.ole.com.ar\/lanus\/julio-soler-entrevista-lanus-seleccion-argentina_0_zlmoKHbBSd.html"},"modified":"2024-09-02T11:09:49","modified_gmt":"2024-09-02T11:09:49","slug":"julio-soler-con-ole-de-la-calle-traigo-las-ganas-de-meter","status":"publish","type":"post","link":"http:\/\/hoycordobaweb.com\/index.php\/2024\/09\/02\/julio-soler-con-ole-de-la-calle-traigo-las-ganas-de-meter\/","title":{"rendered":"Julio Soler con Ol\u00e9: \u00abDe la calle traigo las ganas de meter\u00bb"},"content":{"rendered":"<p><img src=\"http:\/\/hoycordobaweb.com\/wp-content\/uploads\/2024\/09\/julio-soler-con-ole-de-la-calle-traigo-las-ganas-de-meter.jpg\"><\/p>\n<div><img src=\"http:\/\/hoycordobaweb.com\/wp-content\/uploads\/2024\/09\/julio-soler-con-ole-de-la-calle-traigo-las-ganas-de-meter.jpg\" class=\"ff-og-image-inserted\"><\/div>\n<p><time class=\"createDate\" datetime=\"2024-09-02T08:09:49-03:00\">02\/09\/2024 08:09hs.<\/time><\/p>\n<div id=\"storyBody\">\n<div class=\"custom-text \" readability=\"40.127612761276\">\n<p>Su documento indica que naci\u00f3 el 16 de febrero de 2005 en Asunci\u00f3n, Paraguay. Sin embargo, aterriz\u00f3 en la tierra de los campeones del mundo cuando era un nene. <strong><a href=\"https:\/\/www.ole.com.ar\/seleccion\/valentin-barco-julio-soler-seleccion-argentina-juegos-olimpicos-javier-mascherano_0_D9XV8fdh1T.html\" target=\"_self\" title=\"Julio Soler\" alt=\"Julio Soler\" rel=\"noopener noreferrer\">Julio Soler<\/a><\/strong> (19) se cri\u00f3 en el barrio de Lugano, pero pas\u00f3 gran parte de su adolescencia en la pensi\u00f3n de <strong><a href=\"https:\/\/www.ole.com.ar\/lanus\/julio-soler-entrevista-lanus-seleccion-argentina_0_zlmoKHbBSd.html\" target=\"_self\" title=\"Lan\u00fas\" alt=\"Lan\u00fas\" rel=\"noopener noreferrer\">Lan\u00fas<\/a><\/strong>. Fue uno de los pibes que el Grana hizo debutar en Primera despu\u00e9s de lucirse en Reserva y est\u00e1 en boca de todos desde que la rompi\u00f3 en los <strong><a href=\"https:\/\/www.ole.com.ar\/tema\/juegos-olimpicos-paris-2024.html\" target=\"_self\" title=\"Juegos Ol\u00edmpicos de Par\u00eds\" alt=\"Juegos Ol\u00edmpicos de Par\u00eds\" rel=\"noopener noreferrer\">Juegos Ol\u00edmpicos<\/a><\/strong><strong><a href=\"https:\/\/www.ole.com.ar\/tema\/juegos-olimpicos-paris-2024.html\" target=\"_self\" title=\"Juegos Ol\u00edmpicos de Par\u00eds\" alt=\"Juegos Ol\u00edmpicos de Par\u00eds\" rel=\"noopener noreferrer\">de Par\u00eds<\/a><\/strong>. A mucha honra, el zurdo quiere salir campe\u00f3n de la <strong><a href=\"https:\/\/www.ole.com.ar\/lanus\/julio-soler-entrevista-lanus-seleccion-argentina_0_zlmoKHbBSd.html\" target=\"_self\" title=\"Copa Sudamericana\" alt=\"Copa Sudamericana\" rel=\"noopener noreferrer\">Copa Sudamericana<\/a><\/strong> con el club que lo vio crecer y es seguido de cerca por destacados equipos de Europa. Adem\u00e1s, sue\u00f1a en grande con la <strong><a href=\"https:\/\/www.ole.com.ar\/lanus\/julio-soler-entrevista-lanus-seleccion-argentina_0_zlmoKHbBSd.html\" target=\"_self\" title=\"Selecci\u00f3n Argentina\" alt=\"Selecci\u00f3n Argentina\" rel=\"noopener noreferrer\">Selecci\u00f3n Argentina<\/a><\/strong>, a la que eligi\u00f3 por encima de su pa\u00eds de origen. En este contexto, recibi\u00f3 a <strong>Ol\u00e9 <\/strong>en su segunda casa para recordar c\u00f3mo fueron sus inicios, qu\u00e9 aprendi\u00f3 en el potrero, qui\u00e9nes son sus referentes y cu\u00e1les son sus deseos de ahora en adelante.<\/p>\n<\/div>\n<div class=\"custom-text \" readability=\"32\">\n<p><strong>-\u00bfQu\u00e9 llevaste de Lugano a tu f\u00fatbol?<\/strong><\/p>\n<\/div>\n<div class=\"custom-text \" readability=\"38\">\n<p>-A base de eso juego: de la calle traigo las ganas de meter, de ganar y la competencia. Creo que en el f\u00fatbol argentino se cr\u00edan as\u00ed, ganando. Jugaba mucho en el barrio con mis amigos, pero despu\u00e9s vine a la pensi\u00f3n y tuve que dejarlo un poco de lado por temas futbol\u00edsticos. Tengo un lindo recuerdo de esa etapa.<\/p>\n<\/div>\n<div type=\"embed\" class=\"sc-3f46f5ae-0 djVTgz\">\n<div class=\"sc-3f46f5ae-1 fTjZec videoText\" id=\"contentTitleembedkU5wZ9Dy\" type=\"embed\"><svg fill=\"#ffffff\"><symbol id=\"play\" viewBox=\"0 0 512 512\"><path d=\"M512 256C512 397.4 397.4 512 256 512C114.6 512 0 397.4 0 256C0 114.6 114.6 0 256 0C397.4 0 512 114.6 512 256zM176 168V344C176 352.7 180.7 360.7 188.3 364.9C195.8 369.2 205.1 369 212.5 364.5L356.5 276.5C363.6 272.1 368 264.4 368 256C368 247.6 363.6 239.9 356.5 235.5L212.5 147.5C205.1 142.1 195.8 142.8 188.3 147.1C180.7 151.3 176 159.3 176 168V168z\" \/><\/symbol><use xlink:href=\"#play\" \/><\/svg><\/p>\n<div class=\"right\">\n<p>Lan\u00fas<!-- --> &#8211;<!-- --> <span>&nbsp;<\/span><\/p>\n<h2 class=\"title-vid\">Julio Soler Lugano<\/h2>\n<\/div>\n<\/div>\n<p><span class=\"back\" id=\"spanBackembedkU5wZ9Dy\"><\/span><\/div>\n<div class=\"custom-text \" readability=\"34\">\n<p><strong>-Diste tus primeros pasos en el barrio, vestiste la camiseta del Bicho y terminaste en la pensi\u00f3n de Lan\u00fas. \u00bfC\u00f3mo fue ese recorrido?<\/strong><\/p>\n<\/div>\n<div class=\"custom-text \" readability=\"39\">\n<p>-Comenc\u00e9 mi etapa formativa en Argentinos Juniors, desde chico, a los 12. Despu\u00e9s me vine a Lan\u00fas, me encant\u00f3 el club. Termin\u00e9 en la pensi\u00f3n porque en ese momento me quedaba muy lejos, me costaba muchos viajes y varios colectivos llegar, entonces el club me dio la posibilidad de quedarme. <\/p>\n<\/div>\n<div class=\"custom-text \" readability=\"33\">\n<p><strong>-\u00bfC\u00f3mo se sobrelleva vivir en una pensi\u00f3n sabiendo que afuera hay una familia? \u00bfQu\u00e9 consejo le dar\u00edas a un pibe que se encuentra en esa situaci\u00f3n ahora? <\/strong><\/p>\n<\/div>\n<div class=\"custom-text \" readability=\"43\">\n<p>-En la pensi\u00f3n me inculcaron valores, el querer ser hincha del club. Mi familia siempre estuvo, pero cuando llegu\u00e9 era chico y extra\u00f1aba. Si estaba triste les mandaba un mensaje y me ven\u00edan a ver. Siempre quise ir para adelante, nunca pens\u00e9 en abandonar porque ten\u00eda a mi mam\u00e1 y a mi pap\u00e1 banc\u00e1ndome. A los chicos que est\u00e1n en la pensi\u00f3n les dir\u00eda que valoren lo que tienen, que en alg\u00fan momento va a llegar una oportunidad. A veces est\u00e1s entrenando, falta uno, te llaman, sorprend\u00e9s al t\u00e9cnico y te met\u00e9s. Tienen que perseverar, ese momento alg\u00fan d\u00eda va a llegar.<\/p>\n<\/div>\n<div type=\"embed\" class=\"sc-3f46f5ae-0 djVTgz\">\n<div class=\"sc-3f46f5ae-1 fTjZec videoText\" id=\"contentTitleembedBzb5gJBV\" type=\"embed\"><svg fill=\"#ffffff\"><symbol id=\"play\" viewBox=\"0 0 512 512\"><path d=\"M512 256C512 397.4 397.4 512 256 512C114.6 512 0 397.4 0 256C0 114.6 114.6 0 256 0C397.4 0 512 114.6 512 256zM176 168V344C176 352.7 180.7 360.7 188.3 364.9C195.8 369.2 205.1 369 212.5 364.5L356.5 276.5C363.6 272.1 368 264.4 368 256C368 247.6 363.6 239.9 356.5 235.5L212.5 147.5C205.1 142.1 195.8 142.8 188.3 147.1C180.7 151.3 176 159.3 176 168V168z\" \/><\/symbol><use xlink:href=\"#play\" \/><\/svg><\/p>\n<div class=\"right\">\n<p>Lan\u00fas<!-- --> &#8211;<!-- --> <span>&nbsp;<\/span><\/p>\n<h2 class=\"title-vid\">Julio Soler Pensi\u00f3n<\/h2>\n<\/div>\n<\/div>\n<p><span class=\"back\" id=\"spanBackembedBzb5gJBV\"><\/span><\/div>\n<div class=\"custom-text \" readability=\"32\">\n<p><strong>-\u00bfC\u00f3mo construiste la confianza con la que te mostr\u00e1s en la cancha? \u00bfLe ten\u00e9s miedo al error?<\/strong><\/p>\n<\/div>\n<div class=\"custom-text \" readability=\"37\">\n<p>-Me ayudaron mis compa\u00f1eros. Que los grandes te hablen influye mucho en tu juego. Siempre se le tiene miedo al error, pero si no intent\u00e1s y no te equivoc\u00e1s no mejor\u00e1s nunca. Trato de apoyarme mucho en mis allegados, mi familia y mis amigos, charlo mucho con ellos.<\/p>\n<\/div>\n<div class=\"custom-text \" readability=\"33\">\n<p><strong>-La rompiste en Reserva y te ganaste un lugar en Primera. \u00bfQu\u00e9 te acord\u00e1s de tu debut contra Independiente?<\/strong><\/p>\n<\/div>\n<div class=\"custom-text \" readability=\"34\">\n<p>-Ese llamado cuando estaba haciendo la entrada en calor me hizo sentir un cosquilleo en la panza. Me acuerdo que entr\u00e9 re nervioso, pero fue algo lindo porque ese d\u00eda tambi\u00e9n ganamos. <\/p>\n<\/div>\n<div class=\"custom-text \" readability=\"32\">\n<p><strong>-\u00bfQu\u00e9 te pasa en el cuerpo cuando represent\u00e1s a Lan\u00fas en la Copa Sudamericana?<\/strong><\/p>\n<\/div>\n<div class=\"custom-text \" readability=\"36\">\n<p>-Es muy lindo. El club ya la gan\u00f3, pero ser\u00eda lindo darle otra vez una alegr\u00eda a la gente<strong> <\/strong>para que Lan\u00fas vuelva a ser ese equipo de aquellos tiempos. Justo cuando llegu\u00e9 a la pensi\u00f3n llegamos a la final de la Copa Libertadores. Me cri\u00e9 viendo a Lautaro (Acosta) y al Pepe (Sand) haciendo goles juntos. Jugar con ellos fue algo muy lindo. Quiero devolverle esa alegr\u00eda a la gente.<\/p>\n<\/div>\n<div class=\"custom-text \" readability=\"32\">\n<p><strong>-\u00bfCon qu\u00e9 persona del plantel habl\u00e1s cuando necesit\u00e1s un consejo?<\/strong><\/p>\n<\/div>\n<div class=\"custom-text \" readability=\"36\">\n<p>El Cali Izquierdoz tiene ese aura de l\u00edder y los chicos nos apoyamos mucho en \u00e9l, tratamos de hablar. Con el Laucha tambi\u00e9n, porque son los que hicieron grande al club y los que tienen mucha trayectoria en el f\u00fatbol.<\/p>\n<\/div>\n<div class=\"custom-text \" readability=\"33\">\n<p><strong>-\u00bfQu\u00e9 sentiste cuando te convocaron a los Juegos Ol\u00edmpicos y qu\u00e9 fue lo primero que te dijo Javier Mascherano cuando llegaste?<\/strong><\/p>\n<\/div>\n<div class=\"custom-text \" readability=\"38\">\n<p>-Estaba en el club y justo me llamaron para decirme. Ese d\u00eda ten\u00edamos que concentrar, entonces le dije a mi pap\u00e1 que venga y le cont\u00e9 todo en persona. Javier Mascherano me pidi\u00f3 que me quede tranquilo y me dijo que estaba con jugadores de elite, que ellos me iban a dar la confianza. Y fue as\u00ed, se not\u00f3.<\/p>\n<\/div>\n<div class=\"custom-text \" readability=\"32\">\n<p><strong>-\u00bfPor qu\u00e9 rechazaste la propuesta de la selecci\u00f3n de Paraguay? <\/strong><\/p>\n<\/div>\n<div class=\"custom-text \" readability=\"35\">\n<p>-Tengo doble nacionalidad pero me cri\u00e9 ac\u00e1. Argentina te cr\u00eda a ganar con competencia, por eso me sent\u00ed m\u00e1s identificado con la Selecci\u00f3n. Espero hacer las cosas bien para que en alg\u00fan momento tambi\u00e9n llegue la citaci\u00f3n a la Mayor.<\/p>\n<\/div>\n<div class=\"custom-text \" readability=\"32\">\n<p><strong>-Tu nombre se vincul\u00f3 con equipos como el Liverpool&#8230; <\/strong><\/p>\n<\/div>\n<div class=\"custom-text \" readability=\"37\">\n<p>-Se habl\u00f3 mucho de eso, pero trato de no pensar. Estoy ac\u00e1 en Lan\u00fas, en casa, feliz. Uno no piensa hasta que se da. Como sue\u00f1o por cumplir me queda ganar la Copa Sudamericana o la Liga Profesional para que el equipo y su gente sigan creciendo.<\/p>\n<\/div>\n<p><h2>El ping pong de Julio Soler con Ol\u00e9<\/h2>\n<\/p>\n<div type=\"embed\" class=\"sc-3f46f5ae-0 djVTgz\">\n<div class=\"sc-3f46f5ae-1 fTjZec videoText\" id=\"contentTitleembedZLH8EEk3\" type=\"embed\"><svg fill=\"#ffffff\"><symbol id=\"play\" viewBox=\"0 0 512 512\"><path d=\"M512 256C512 397.4 397.4 512 256 512C114.6 512 0 397.4 0 256C0 114.6 114.6 0 256 0C397.4 0 512 114.6 512 256zM176 168V344C176 352.7 180.7 360.7 188.3 364.9C195.8 369.2 205.1 369 212.5 364.5L356.5 276.5C363.6 272.1 368 264.4 368 256C368 247.6 363.6 239.9 356.5 235.5L212.5 147.5C205.1 142.1 195.8 142.8 188.3 147.1C180.7 151.3 176 159.3 176 168V168z\" \/><\/symbol><use xlink:href=\"#play\" \/><\/svg><\/p>\n<div class=\"right\">\n<p>Julio Soler<!-- --> &#8211;<!-- --> <span>&nbsp;<\/span><\/p>\n<h2 class=\"title-vid\">Julio Soler mano a mano con Ol\u00e9<\/h2>\n<\/div>\n<\/div>\n<p><span class=\"back\" id=\"spanBackembedZLH8EEk3\"><\/span><\/div>\n<\/div>\n","protected":false},"excerpt":{"rendered":"<p>02\/09\/2024 08:09hs. Su documento indica que naci\u00f3 el 16 de febrero de 2005 en Asunci\u00f3n, Paraguay. Sin embargo, aterriz\u00f3 en la tierra de los campeones del mundo cuando era un nene. Julio Soler (19) se cri\u00f3 en el barrio de Lugano, pero pas\u00f3 gran parte de su adolescencia en la pensi\u00f3n de Lan\u00fas. Fue uno [&hellip;]<\/p>\n","protected":false},"author":1,"featured_media":82510,"comment_status":"open","ping_status":"closed","sticky":false,"template":"","format":"standard","meta":[],"categories":[16],"tags":[],"_links":{"self":[{"href":"http:\/\/hoycordobaweb.com\/index.php\/wp-json\/wp\/v2\/posts\/82509"}],"collection":[{"href":"http:\/\/hoycordobaweb.com\/index.php\/wp-json\/wp\/v2\/posts"}],"about":[{"href":"http:\/\/hoycordobaweb.com\/index.php\/wp-json\/wp\/v2\/types\/post"}],"author":[{"embeddable":true,"href":"http:\/\/hoycordobaweb.com\/index.php\/wp-json\/wp\/v2\/users\/1"}],"replies":[{"embeddable":true,"href":"http:\/\/hoycordobaweb.com\/index.php\/wp-json\/wp\/v2\/comments?post=82509"}],"version-history":[{"count":0,"href":"http:\/\/hoycordobaweb.com\/index.php\/wp-json\/wp\/v2\/posts\/82509\/revisions"}],"wp:featuredmedia":[{"embeddable":true,"href":"http:\/\/hoycordobaweb.com\/index.php\/wp-json\/wp\/v2\/media\/82510"}],"wp:attachment":[{"href":"http:\/\/hoycordobaweb.com\/index.php\/wp-json\/wp\/v2\/media?parent=82509"}],"wp:term":[{"taxonomy":"category","embeddable":true,"href":"http:\/\/hoycordobaweb.com\/index.php\/wp-json\/wp\/v2\/categories?post=82509"},{"taxonomy":"post_tag","embeddable":true,"href":"http:\/\/hoycordobaweb.com\/index.php\/wp-json\/wp\/v2\/tags?post=82509"}],"curies":[{"name":"wp","href":"https:\/\/api.w.org\/{rel}","templated":true}]}}