{"id":82493,"date":"2024-08-28T19:58:16","date_gmt":"2024-08-28T19:58:16","guid":{"rendered":"https:\/\/ambiente.cba.gov.ar\/?p=24292"},"modified":"2024-08-28T19:58:16","modified_gmt":"2024-08-28T19:58:16","slug":"ambiente-y-la-unvm-acordaron-trabajar-en-la-experiencia-del-monte-al-humedal","status":"publish","type":"post","link":"http:\/\/hoycordobaweb.com\/index.php\/2024\/08\/28\/ambiente-y-la-unvm-acordaron-trabajar-en-la-experiencia-del-monte-al-humedal\/","title":{"rendered":"Ambiente y la UNVM acordaron trabajar en la experiencia \u201cdel monte al humedal\u201d"},"content":{"rendered":"<ul class=\" eplus-wrapper eplus-styles-uid-0bb79a\">\n<li class=\" eplus-wrapper\"><strong>El proyecto apunta a la creaci\u00f3n de un corredor ambiental que unir\u00e1 siete \u00c1reas Naturales Protegidas en el norte de C\u00f3rdoba.<\/strong><\/li>\n<li class=\" eplus-wrapper\"><strong>El acuerdo fue suscripto por la ministra de Ambiente y Econom\u00eda Circular, Victoria Flores, y el decano del Instituto Acad\u00e9mico Pedag\u00f3gico de Ciencias Sociales (UNVM), Gabriel Suarez Fossaceca.<\/strong><\/li>\n<\/ul>\n<p class=\" eplus-wrapper\">La ministra de Ambiente y Econom\u00eda Circular, Victoria Flores, firm\u00f3 un convenio con la Universidad Nacional de Villa Mar\u00eda (UNVM) para trabajar juntos en el proyecto \u201c<strong>Experiencia del monte al humedal\u201d,&nbsp;<\/strong>que apunta a la creaci\u00f3n de un corredor ambiental que unir\u00e1 siete \u00c1reas Naturales Protegidas del arco norte de la provincia de C\u00f3rdoba.<\/p>\n<p class=\" eplus-wrapper\">La iniciativa propone potenciar el desarrollo del turismo natural, a trav\u00e9s de visitas que conecten la regi\u00f3n de Ansenuza con las reservas Cerro Colorado, Salinas Grandes, Orco Quebracho de la Cuenca Media del Quilpo, el refugio de Vida Silvestre Paso Viejo, el Parque Natural y Reserva Forestal Chancan\u00ed y el Parque Nacional Traslasierra \u2013 Pinas.<\/p>\n<div id=\"gallery-1\" class=\"gallery galleryid-24292 gallery-columns-2 gallery-size-full\">\n<figure class=\"gallery-item\">\n<div class=\"gallery-icon landscape\"> <a href=\"https:\/\/ambiente.cba.gov.ar\/ambiente-y-la-unvm-acordaron-trabajar-en-la-experiencia-del-monte-al-humedal\/whatsapp-image-2024-08-27-at-4-54-24-pm-1024x682\/\"><img width=\"1024\" height=\"682\" src=\"http:\/\/hoycordobaweb.com\/wp-content\/uploads\/2024\/09\/ambiente-y-la-unvm-acordaron-trabajar-en-la-experiencia-del-monte-al-humedal.jpg\" class=\"attachment-full size-full\" alt loading=\"lazy\"><\/a> <\/div>\n<\/figure>\n<figure class=\"gallery-item\">\n<div class=\"gallery-icon landscape\"> <a href=\"https:\/\/ambiente.cba.gov.ar\/ambiente-y-la-unvm-acordaron-trabajar-en-la-experiencia-del-monte-al-humedal\/whatsapp-image-2024-08-27-at-4-54-25-pm-1-1024x682\/\"><img width=\"1024\" height=\"682\" src=\"http:\/\/hoycordobaweb.com\/wp-content\/uploads\/2024\/09\/ambiente-y-la-unvm-acordaron-trabajar-en-la-experiencia-del-monte-al-humedal-1.jpg\" class=\"attachment-full size-full\" alt loading=\"lazy\"><\/a> <\/div>\n<\/figure><\/div>\n<p class=\" eplus-wrapper\">El convenio establece un protocolo de trabajo entre la cartera ambiental y el Instituto Acad\u00e9mico Pedag\u00f3gico de Ciencias Sociales de la Universidad Nacional de Villa Mar\u00eda, representada por su decano, Gabriel Suarez Fossaceca.<\/p>\n<p class=\" eplus-wrapper\">La instituci\u00f3n educativa ser\u00e1 la encargada de elaborar un diagn\u00f3stico de la infraestructura, servicios tur\u00edsticos y atractivos ambientales en \u00c1reas Naturales protegidas del norte de la provincia, y la tarea principal consistir\u00e1 en la elaboraci\u00f3n de tres propuestas de corredores recreativo-ambientales.<\/p>\n<p class=\" eplus-wrapper\">De esta manera, se busca generar alianzas entre el sector p\u00fablico y las instituciones acad\u00e9micas, para promover la transferencia de conocimiento al \u00e1mbito pr\u00e1ctico, y el dise\u00f1o de pol\u00edticas p\u00fablicas basadas en evidencia y respaldo cient\u00edfico.<\/p>\n<p class=\" eplus-wrapper\">La ministra Victoria Flores destac\u00f3 que \u201c<em>la creaci\u00f3n de un corredor ambiental en el norte de la provincia responde a un pedido de nuestro gobernador Martin Llaryora, y forma parte de una estrategia m\u00e1s amplia, que busca jerarquizar de manera importante las \u00c1reas Naturales Protegidas de toda la provincia<\/em>.\u201d<\/p>\n<p>Con el compromiso de poner en valor las \u00c1reas Naturales Protegidas, el Ministerio de Ambiente y Econom\u00eda Circular puso en marcha el Plan Provincial de Fortalecimiento de \u00c1reas Naturales Protegidas, una propuesta integral que tiene el objetivo de contribuir a la conservaci\u00f3n de los valores naturales y culturales de estos territorios.<\/p>\n","protected":false},"excerpt":{"rendered":"<p>El proyecto apunta a la creaci\u00f3n de un corredor ambiental que unir\u00e1 siete \u00c1reas Naturales Protegidas en el norte de C\u00f3rdoba. El acuerdo fue suscripto por la ministra de Ambiente y Econom\u00eda Circular, Victoria Flores, y el decano del Instituto Acad\u00e9mico Pedag\u00f3gico de Ciencias Sociales (UNVM), Gabriel Suarez Fossaceca. La ministra de Ambiente y Econom\u00eda [&hellip;]<\/p>\n","protected":false},"author":1,"featured_media":82494,"comment_status":"closed","ping_status":"closed","sticky":false,"template":"","format":"standard","meta":[],"categories":[2,19],"tags":[],"_links":{"self":[{"href":"http:\/\/hoycordobaweb.com\/index.php\/wp-json\/wp\/v2\/posts\/82493"}],"collection":[{"href":"http:\/\/hoycordobaweb.com\/index.php\/wp-json\/wp\/v2\/posts"}],"about":[{"href":"http:\/\/hoycordobaweb.com\/index.php\/wp-json\/wp\/v2\/types\/post"}],"author":[{"embeddable":true,"href":"http:\/\/hoycordobaweb.com\/index.php\/wp-json\/wp\/v2\/users\/1"}],"replies":[{"embeddable":true,"href":"http:\/\/hoycordobaweb.com\/index.php\/wp-json\/wp\/v2\/comments?post=82493"}],"version-history":[{"count":0,"href":"http:\/\/hoycordobaweb.com\/index.php\/wp-json\/wp\/v2\/posts\/82493\/revisions"}],"wp:featuredmedia":[{"embeddable":true,"href":"http:\/\/hoycordobaweb.com\/index.php\/wp-json\/wp\/v2\/media\/82494"}],"wp:attachment":[{"href":"http:\/\/hoycordobaweb.com\/index.php\/wp-json\/wp\/v2\/media?parent=82493"}],"wp:term":[{"taxonomy":"category","embeddable":true,"href":"http:\/\/hoycordobaweb.com\/index.php\/wp-json\/wp\/v2\/categories?post=82493"},{"taxonomy":"post_tag","embeddable":true,"href":"http:\/\/hoycordobaweb.com\/index.php\/wp-json\/wp\/v2\/tags?post=82493"}],"curies":[{"name":"wp","href":"https:\/\/api.w.org\/{rel}","templated":true}]}}