{"id":82379,"date":"2024-08-29T12:37:53","date_gmt":"2024-08-29T12:37:53","guid":{"rendered":"https:\/\/ladecimaweb.com\/?p=28852"},"modified":"2024-08-29T12:37:53","modified_gmt":"2024-08-29T12:37:53","slug":"comenzo-la-obra-del-puente-para-salir-de-valle-escondido-hacia-ejercito-argentino","status":"publish","type":"post","link":"http:\/\/hoycordobaweb.com\/index.php\/2024\/08\/29\/comenzo-la-obra-del-puente-para-salir-de-valle-escondido-hacia-ejercito-argentino\/","title":{"rendered":"Comenz\u00f3 la obra del puente para salir de Valle Escondido hacia Ej\u00e9rcito Argentino"},"content":{"rendered":"<div class=\"boldgrid-section\">\n<div class=\"container\">\n<div class=\"row\">\n<div class=\"col-md-12 col-xs-12 col-sm-12\">\n<p class=\"eplus-wrapper\">El Gobierno de la provincia de C\u00f3rdoba, a trav\u00e9s de la empresa Caminos de las Sierras, comenz\u00f3 la <strong>construcci\u00f3n del altonivel sobre la Av. Rep\u00fablica de China (salida de Valle Escondido)<\/strong> a la altura del cruce con la Av. Ej\u00e9rcito Argentino (zona urbana de Ruta E-55).<\/p>\n<p class=\"eplus-wrapper\">Esta obra, que tendr\u00e1 un <strong>plazo estimado de ejecuci\u00f3n de catorce meses,<\/strong> fue anunciada por el gobernador Mart\u00edn Llaryora en diciembre pasado, y forma parte de un compromiso asumido por el mandatario provincial cuando a\u00fan era intendente de la ciudad capital.<\/p>\n<p class=\" eplus-wrapper\">Cabe se\u00f1alar tambi\u00e9n que, en mayo pasado, el gobernador y el intendente Daniel Passerini suscribieron el acuerdo con la empresa ganadora de la licitaci\u00f3n.<\/p>\n<figure class=\" wp-block-gallery has-nested-images columns-default is-cropped eplus-wrapper wp-block-gallery-1 is-layout-flex wp-block-gallery-is-layout-flex\">\n<figure class=\" wp-block-image size-large eplus-wrapper\">\n<p class=\"mod-reset\"><a href=\"http:\/\/hoycordobaweb.com\/wp-content\/uploads\/2024\/08\/comenzo-la-obra-del-puente-para-salir-de-valle-escondido-hacia-ejercito-argentino-4.jpg\"><img loading=\"lazy\" class=\"wp-image-601944\" src=\"http:\/\/hoycordobaweb.com\/wp-content\/uploads\/2024\/08\/comenzo-la-obra-del-puente-para-salir-de-valle-escondido-hacia-ejercito-argentino.jpg\" sizes=\"(max-width: 1024px) 100vw, 1024px\" srcset=\"http:\/\/hoycordobaweb.com\/wp-content\/uploads\/2024\/08\/comenzo-la-obra-del-puente-para-salir-de-valle-escondido-hacia-ejercito-argentino.jpg 1024w, http:\/\/hoycordobaweb.com\/wp-content\/uploads\/2024\/08\/comenzo-la-obra-del-puente-para-salir-de-valle-escondido-hacia-ejercito-argentino-2.jpg 300w, http:\/\/hoycordobaweb.com\/wp-content\/uploads\/2024\/08\/comenzo-la-obra-del-puente-para-salir-de-valle-escondido-hacia-ejercito-argentino-3.jpg 768w, http:\/\/hoycordobaweb.com\/wp-content\/uploads\/2024\/08\/comenzo-la-obra-del-puente-para-salir-de-valle-escondido-hacia-ejercito-argentino-4.jpg 1392w\" alt width=\"462\" height=\"308\" data-id=\"601944\"><\/a><\/p>\n<\/figure>\n<figure class=\" wp-block-image size-large eplus-wrapper\">\n<p class=\"mod-reset\"><a href=\"http:\/\/hoycordobaweb.com\/wp-content\/uploads\/2024\/08\/comenzo-la-obra-del-puente-para-salir-de-valle-escondido-hacia-ejercito-argentino-1.jpg\"><img loading=\"lazy\" class=\"wp-image-601945\" src=\"http:\/\/hoycordobaweb.com\/wp-content\/uploads\/2024\/08\/comenzo-la-obra-del-puente-para-salir-de-valle-escondido-hacia-ejercito-argentino-1.jpg\" sizes=\"(max-width: 993px) 100vw, 993px\" srcset=\"http:\/\/hoycordobaweb.com\/wp-content\/uploads\/2024\/08\/comenzo-la-obra-del-puente-para-salir-de-valle-escondido-hacia-ejercito-argentino-1.jpg 993w, http:\/\/hoycordobaweb.com\/wp-content\/uploads\/2024\/08\/comenzo-la-obra-del-puente-para-salir-de-valle-escondido-hacia-ejercito-argentino-5.jpg 300w, http:\/\/hoycordobaweb.com\/wp-content\/uploads\/2024\/08\/comenzo-la-obra-del-puente-para-salir-de-valle-escondido-hacia-ejercito-argentino-6.jpg 768w\" alt width=\"461\" height=\"307\" data-id=\"601945\"><\/a><\/p>\n<\/figure>\n<\/figure>\n<p class=\"eplus-wrapper\">Puntualmente <strong>este mi\u00e9rcoles comenzaron las excavaciones<\/strong> para la construcci\u00f3n de los pilotes de fundaci\u00f3n del viaducto. Los trabajos se desarrollan con un equipo de perforaci\u00f3n de gran porte que permitir\u00e1 ejecutar los 12 pilotes de hasta 1.80 metros de di\u00e1metro y 7 metros de profundidad.<\/p>\n<p class=\"eplus-wrapper\"><strong>Estas tareas provocar\u00e1n reducci\u00f3n de calzada para el tr\u00e1nsito vehicular<\/strong> que circule en sentido entrante a la ciudad de C\u00f3rdoba a partir del pr\u00f3ximo viernes y durante todo el fin de semana, por lo que se solicita a los automovilistas transitar con precauci\u00f3n por la zona.<\/p>\n<p class=\" eplus-wrapper\">Con el avance de la obra, est\u00e1 prevista la implementaci\u00f3n de desv\u00edos en ese sector de la ciudad, que se ir\u00e1n comunicando con la debida antelaci\u00f3n.<\/p>\n<p class=\" eplus-wrapper\">El presidente de Caminos de las Sierras, Julio Ba\u00f1uelos, destac\u00f3 la importancia de esta obra y la significativa mejora en la seguridad vial que tendr\u00e1, no solo para los habitantes de Valle Escondido sino tambi\u00e9n para los vecinos de La Calera.<\/p>\n<p class=\"eplus-wrapper\"><strong>El altonivel tendr\u00e1 un viaducto curvo de 145 metros<\/strong> que permitir\u00e1 la salida del tr\u00e1nsito desde Valle Escondido hacia C\u00f3rdoba, y evitar\u00e1 las demoras y filas de veh\u00edculos en la actual intersecci\u00f3n semaforizada, fundamentalmente en horarios picos con el acceso a la ciudad del tr\u00e1nsito metropolitano que proviene de La Calera.<\/p>\n<p class=\"eplus-wrapper\">De esta manera se solucionar\u00e1n los problemas de capacidad, agilizando los movimientos y brindando seguridad al tr\u00e1nsito.<\/p>\n<p class=\"eplus-wrapper\">En el marco de la obra, est\u00e1 prevista la construcci\u00f3n de un ramal ascendente en terrapl\u00e9n de 200 metros de largo en la salida de Av. Rep\u00fablica de China, que se conectar\u00e1 con un viaducto curvo con defensas laterales de hormig\u00f3n armado; y luego un ramal descendente en terrapl\u00e9n con muros laterales de hormig\u00f3n de 112 metros de largo.<\/p>\n<p class=\" eplus-wrapper\">Tambi\u00e9n se ensanchar\u00e1 la calzada de la Avenida Ej\u00e9rcito Argentino en el sentido entrante a C\u00f3rdoba para la incorporaci\u00f3n de un tercer carril de circulaci\u00f3n desde la rama de bajada del viaducto hasta la intersecci\u00f3n con calle Cagliero a la altura de Barrio Don Bosco; y la ejecuci\u00f3n de obras complementarias y de seguridad como cordones de hormig\u00f3n, drenaje, iluminaci\u00f3n, defensas, se\u00f1alizaci\u00f3n y forestaci\u00f3n.<\/p>\n<p>&nbsp;<\/p>\n<div class=\"ubm_banner\"><a href=\"https:\/\/www.cba.gov.ar\/prevencion-incendios\/\" target=\"_blank\" rel=\"dofollow noopener noreferrer\"><img src=\"http:\/\/hoycordobaweb.com\/wp-content\/uploads\/2024\/08\/comenzo-la-obra-del-puente-para-salir-de-valle-escondido-hacia-ejercito-argentino.gif\" width=\"900\" alt><\/a><\/div>\n<\/div>\n<\/div>\n<\/div>\n<\/div>\n<p>La entrada <a rel=\"nofollow\" href=\"https:\/\/ladecimaweb.com\/comenzo-la-obra-del-puente-para-salir-de-valle-escondido-hacia-ejercito-argentino\/\">Comenz\u00f3 la obra del puente para salir de Valle Escondido hacia Ej\u00e9rcito Argentino<\/a> se public\u00f3 primero en <a rel=\"nofollow\" href=\"https:\/\/ladecimaweb.com\">LaDecima<\/a>.<\/p>\n","protected":false},"excerpt":{"rendered":"<p>El Gobierno de la provincia de C\u00f3rdoba, a trav\u00e9s de la empresa Caminos de las Sierras, comenz\u00f3 la construcci\u00f3n del altonivel sobre la Av. Rep\u00fablica de China (salida de Valle Escondido) a la altura del cruce con la Av. Ej\u00e9rcito Argentino (zona urbana de Ruta E-55). Esta obra, que tendr\u00e1 un plazo estimado de ejecuci\u00f3n [&hellip;]<\/p>\n","protected":false},"author":1,"featured_media":0,"comment_status":"closed","ping_status":"closed","sticky":false,"template":"","format":"standard","meta":[],"categories":[32],"tags":[],"_links":{"self":[{"href":"http:\/\/hoycordobaweb.com\/index.php\/wp-json\/wp\/v2\/posts\/82379"}],"collection":[{"href":"http:\/\/hoycordobaweb.com\/index.php\/wp-json\/wp\/v2\/posts"}],"about":[{"href":"http:\/\/hoycordobaweb.com\/index.php\/wp-json\/wp\/v2\/types\/post"}],"author":[{"embeddable":true,"href":"http:\/\/hoycordobaweb.com\/index.php\/wp-json\/wp\/v2\/users\/1"}],"replies":[{"embeddable":true,"href":"http:\/\/hoycordobaweb.com\/index.php\/wp-json\/wp\/v2\/comments?post=82379"}],"version-history":[{"count":0,"href":"http:\/\/hoycordobaweb.com\/index.php\/wp-json\/wp\/v2\/posts\/82379\/revisions"}],"wp:attachment":[{"href":"http:\/\/hoycordobaweb.com\/index.php\/wp-json\/wp\/v2\/media?parent=82379"}],"wp:term":[{"taxonomy":"category","embeddable":true,"href":"http:\/\/hoycordobaweb.com\/index.php\/wp-json\/wp\/v2\/categories?post=82379"},{"taxonomy":"post_tag","embeddable":true,"href":"http:\/\/hoycordobaweb.com\/index.php\/wp-json\/wp\/v2\/tags?post=82379"}],"curies":[{"name":"wp","href":"https:\/\/api.w.org\/{rel}","templated":true}]}}