{"id":82346,"date":"2024-08-28T23:12:47","date_gmt":"2024-08-28T23:12:47","guid":{"rendered":"https:\/\/www.ole.com.ar\/futbol-internacional\/libertadores\/nacional-montevideo-san-pablo-futbol-internacional-calleri-libertadores_0_Sp7TDuIAoA.html"},"modified":"2024-08-28T23:12:47","modified_gmt":"2024-08-28T23:12:47","slug":"el-homenaje-de-san-pablo-a-izquierdo-minuto-de-silencio-camiseta-especial-y-rezos","status":"publish","type":"post","link":"http:\/\/hoycordobaweb.com\/index.php\/2024\/08\/28\/el-homenaje-de-san-pablo-a-izquierdo-minuto-de-silencio-camiseta-especial-y-rezos\/","title":{"rendered":"El homenaje de San Pablo a Izquierdo: minuto de silencio, camiseta especial y rezos"},"content":{"rendered":"<p><img src=\"http:\/\/hoycordobaweb.com\/wp-content\/uploads\/2024\/08\/el-homenaje-de-san-pablo-a-izquierdo-minuto-de-silencio-camiseta-especial-y-rezos.jpg\"><\/p>\n<p><time class=\"createDate\" datetime=\"2024-08-28T20:12:47-03:00\">28\/08\/2024 20:12hs.<\/time><time class=\"modificatedDate\" datetime=\"2024-08-28T23:32:51-03:00\"> Actualizado al 28\/08\/2024 23:32hs.<\/time><\/p>\n<div id=\"storyBody\">\n<div class=\"custom-text \" readability=\"36\">\n<p>El shock sigue presente. A\u00fan no se cumpli\u00f3 una semana del fat\u00eddico encuentro entre Nacional y San Pablo en el que Juan Izquierdo se desplom\u00f3 sobre el campo de juego tras sufrir una arritmia que derivar\u00eda en un paro card\u00edaco que le provoc\u00f3 un grave da\u00f1o neurol\u00f3gico por el que falleci\u00f3 el pasado martes por la noche tras cinco noches internado en el Hospital Israelita Albert Einstein de San Pablo. <strong>Luego de las dura noticia que se dio a conocer pasadas las 22 horas del martes, el conjunto paulista luci\u00f3 una camiseta en homenaje al central uruguayo.<\/strong><\/p>\n<\/div>\n<div class=\"sc-e7b891c4-0 ifHnQL\"><img alt=\"Momentos a pura emoci\u00f3n en San Pablo. REUTERS\/Carla Carniel\" loading=\"lazy\" width=\"720\" height=\"100\" decoding=\"async\" data-nimg=\"1\" src=\"http:\/\/hoycordobaweb.com\/wp-content\/uploads\/2024\/08\/el-homenaje-de-san-pablo-a-izquierdo-minuto-de-silencio-camiseta-especial-y-rezos-2.jpg\"><span class=\"epigraphe\">Momentos a pura emoci\u00f3n en San Pablo. REUTERS\/Carla Carniel<\/span><\/div>\n<p><h2>San Pablo jugar\u00e1 con una camiseta en homenaje a Izquierdo<\/h2>\n<\/p>\n<div class=\"custom-text \" readability=\"37\">\n<p>Los gestos de San Pablo son para aplaudir. Uno de los elementos destacables de tama\u00f1a tragedia ser\u00e1 la actitud de cada uno de los jugadores del conjunto brasile\u00f1o. M\u00e1s all\u00e1 de la ayuda brindada dentro del campo de juego tras la ca\u00edda del zaguero central en el centro del campo de juego del Morumb\u00ed, todo el plantel brasile\u00f1o mostr\u00f3 una gran predisposici\u00f3n a la hora de colaborar en la salud del uruguayo. <strong>Durante la internaci\u00f3n del defensor, varios jugadores del plantel de Luis Zubeld\u00eda se acercaron al centro m\u00e9dico como as\u00ed tambi\u00e9n al hotel en el que se encontraba alojada la familia del jugador. <\/strong><\/p>\n<\/div>\n<div class=\"custom-text \" readability=\"41\">\n<p>De hecho, Jonathan Calleri, ofreci\u00f3 su tarjeta de cr\u00e9dito personal para cubrir gastos que la familia no pudiera cubrir durante la internaci\u00f3n de Izquierdo.<strong> Adem\u00e1s, tanto el delantero, como Rafinha, capit\u00e1n del equipo, y Michel Ara\u00fajo barajaron la posibilidad de estar en el velatoria que organiz\u00f3 Nacional para el pr\u00f3ximo jueves.<\/strong><\/p>\n<\/div>\n<div class=\"sc-e7b891c4-0 ifHnQL\"><img alt=\"El homenaje de San Pablo a Izquierdo.\" loading=\"lazy\" width=\"720\" height=\"100\" decoding=\"async\" data-nimg=\"1\" src=\"http:\/\/hoycordobaweb.com\/wp-content\/uploads\/2024\/08\/el-homenaje-de-san-pablo-a-izquierdo-minuto-de-silencio-camiseta-especial-y-rezos-3.jpg\"><span class=\"epigraphe\">El homenaje de San Pablo a Izquierdo.<\/span><\/div>\n<div class=\"custom-text \" readability=\"38\">\n<p>Y m\u00e1s all\u00e1 de los gestos fuera del campo de juego, el conjunto paulista luci\u00f3 una camiseta en homenaje al central fallecido. En el duelo de este mi\u00e9rcoles ante Atl\u00e9tico Mineiro por los cuartos de final de la Copa de Brasil, <strong>el equipo de Luis Zubeld\u00eda utiliz\u00f3 una camiseta que tuvo el apellido de Izquierdo en cada una de las camisetas<\/strong> seg\u00fan se vio en el choque ante Mineiro en el Morumb\u00ed, que termino con victoria del Galo sobre el final con gol de Rodrigo Battaglia.<\/p>\n<\/div>\n<div class=\"custom-text \" readability=\"36\">\n<p>Cabe destacar que San Pablo ya hab\u00eda lucido una camiseta en homenaje al jugador de Nacional durante la victoria de los de Zubeld\u00eda ante Vitoria por el Brasileirao.<strong> Por aquel entonces, los jugadores brasile\u00f1os salieron a la cancha con una camiseta celeste en la que se le\u00eda la inscripci\u00f3n: \u00abFuerza Izquierdo\u00bb.<\/strong><\/p>\n<\/div>\n<div type=\"embed\" class=\"sc-3f46f5ae-0 djVTgz\">\n<div class=\"sc-3f46f5ae-1 fTjZec videoText\" id=\"contentTitleembedRKpgdy5R\" type=\"embed\"><svg fill=\"#ffffff\"><symbol id=\"play\" viewBox=\"0 0 512 512\"><path d=\"M512 256C512 397.4 397.4 512 256 512C114.6 512 0 397.4 0 256C0 114.6 114.6 0 256 0C397.4 0 512 114.6 512 256zM176 168V344C176 352.7 180.7 360.7 188.3 364.9C195.8 369.2 205.1 369 212.5 364.5L356.5 276.5C363.6 272.1 368 264.4 368 256C368 247.6 363.6 239.9 356.5 235.5L212.5 147.5C205.1 142.1 195.8 142.8 188.3 147.1C180.7 151.3 176 159.3 176 168V168z\" \/><\/symbol><use xlink:href=\"#play\" \/><\/svg><\/p>\n<div class=\"right\">\n<p>Copa Libertadores<!-- --> &#8211;<!-- --> <span>&nbsp;<\/span><\/p>\n<h2 class=\"title-vid\">Los hinchas de San Pablo lanzaron bengalas con los colores de Nacional<\/h2>\n<\/div>\n<\/div>\n<p><span class=\"back\" id=\"spanBackembedRKpgdy5R\"><\/span><\/div>\n<p><h2>Los hinchas homenajearon a Izquierdo<\/h2>\n<\/p>\n<div class=\"custom-text \" readability=\"41\">\n<p>Y claro, los grandes gestos para Juan Izquierdo no quedaron entre jugadores, sino que los hinchas paulistas tambi\u00e9n fueron part\u00edcipes de los homenajes al defensor uruguayo. Antes del encuentro por Copa de Brasil ante Atl\u00e9tico Mineiro, los torcedores de<strong> San Pablo lanzaron bengalas azules para te\u00f1ir el aire con los colores rojo y blanco, <\/strong>en referencia a los colores de Nacional. <strong>Adem\u00e1s, una de las caravanas que iba rumbo al estadio recit\u00f3 un rezo hacia el central, que ser\u00e1 velado este jueves en Montevideo.<\/strong><\/p>\n<\/div>\n<div type=\"embed\" class=\"sc-3f46f5ae-0 djVTgz\">\n<div class=\"sc-3f46f5ae-1 fTjZec videoText\" id=\"contentTitleembedwQXj7I4K\" type=\"embed\"><svg fill=\"#ffffff\"><symbol id=\"play\" viewBox=\"0 0 512 512\"><path d=\"M512 256C512 397.4 397.4 512 256 512C114.6 512 0 397.4 0 256C0 114.6 114.6 0 256 0C397.4 0 512 114.6 512 256zM176 168V344C176 352.7 180.7 360.7 188.3 364.9C195.8 369.2 205.1 369 212.5 364.5L356.5 276.5C363.6 272.1 368 264.4 368 256C368 247.6 363.6 239.9 356.5 235.5L212.5 147.5C205.1 142.1 195.8 142.8 188.3 147.1C180.7 151.3 176 159.3 176 168V168z\" \/><\/symbol><use xlink:href=\"#play\" \/><\/svg><\/p>\n<div class=\"right\">\n<p>Sao Paulo<!-- --> &#8211;<!-- --> <span>&nbsp;<\/span><\/p>\n<h2 class=\"title-vid\">Los hinchas de San Pablo rezaron por Juan Izquierdo<\/h2>\n<\/div>\n<\/div>\n<p><span class=\"back\" id=\"spanBackembedwQXj7I4K\"><\/span><\/div>\n<div class=\"sc-a7166897-0 eoLsBE\" readability=\"6.5\">\n<section readability=\"3\"><picture><img alt=\"El desgarrador mensaje de despedida de Selena, la pareja de Juan Izquierdo\" loading=\"lazy\" width=\"290\" height=\"290\" decoding=\"async\" data-nimg=\"1\" src=\"http:\/\/hoycordobaweb.com\/wp-content\/uploads\/2024\/08\/el-homenaje-de-san-pablo-a-izquierdo-minuto-de-silencio-camiseta-especial-y-rezos-4.jpg\"><\/picture>\n<p><span>Mir\u00e1 tambi\u00e9n<\/span><\/p>\n<hr>\n<h3>El desgarrador mensaje de despedida de Selena, la pareja de Juan Izquierdo<\/h3>\n<\/p>\n<\/section>\n<\/div>\n<div class=\"sc-a7166897-0 eoLsBE\" readability=\"6\">\n<section readability=\"2\"><picture><img alt=\"El homenaje de Conmebol para Izquierdo\" loading=\"lazy\" width=\"290\" height=\"290\" decoding=\"async\" data-nimg=\"1\" src=\"http:\/\/hoycordobaweb.com\/wp-content\/uploads\/2024\/08\/el-homenaje-de-san-pablo-a-izquierdo-minuto-de-silencio-camiseta-especial-y-rezos-5.jpg\"><\/picture>\n<p><span>Mir\u00e1 tambi\u00e9n<\/span><\/p>\n<hr>\n<h3>El homenaje de Conmebol para Izquierdo<\/h3>\n<\/p>\n<\/section>\n<\/div>\n<div class=\"sc-a7166897-0 eoLsBE\" readability=\"6.5\">\n<section readability=\"3\"><picture><img alt=\"De Neymar a Sergio Ramos, las figuras que despidieron a Izquierdo\" loading=\"lazy\" width=\"290\" height=\"290\" decoding=\"async\" data-nimg=\"1\" src=\"http:\/\/hoycordobaweb.com\/wp-content\/uploads\/2024\/08\/el-homenaje-de-san-pablo-a-izquierdo-minuto-de-silencio-camiseta-especial-y-rezos-6.jpg\"><\/picture>\n<p><span>Mir\u00e1 tambi\u00e9n<\/span><\/p>\n<hr>\n<h3>De Neymar a Sergio Ramos, las figuras que despidieron a Izquierdo<\/h3>\n<\/p>\n<\/section>\n<\/div>\n<\/div>\n","protected":false},"excerpt":{"rendered":"<p>28\/08\/2024 20:12hs. Actualizado al 28\/08\/2024 23:32hs. El shock sigue presente. A\u00fan no se cumpli\u00f3 una semana del fat\u00eddico encuentro entre Nacional y San Pablo en el que Juan Izquierdo se desplom\u00f3 sobre el campo de juego tras sufrir una arritmia que derivar\u00eda en un paro card\u00edaco que le provoc\u00f3 un grave da\u00f1o neurol\u00f3gico por el [&hellip;]<\/p>\n","protected":false},"author":1,"featured_media":82347,"comment_status":"open","ping_status":"closed","sticky":false,"template":"","format":"standard","meta":[],"categories":[16],"tags":[],"_links":{"self":[{"href":"http:\/\/hoycordobaweb.com\/index.php\/wp-json\/wp\/v2\/posts\/82346"}],"collection":[{"href":"http:\/\/hoycordobaweb.com\/index.php\/wp-json\/wp\/v2\/posts"}],"about":[{"href":"http:\/\/hoycordobaweb.com\/index.php\/wp-json\/wp\/v2\/types\/post"}],"author":[{"embeddable":true,"href":"http:\/\/hoycordobaweb.com\/index.php\/wp-json\/wp\/v2\/users\/1"}],"replies":[{"embeddable":true,"href":"http:\/\/hoycordobaweb.com\/index.php\/wp-json\/wp\/v2\/comments?post=82346"}],"version-history":[{"count":0,"href":"http:\/\/hoycordobaweb.com\/index.php\/wp-json\/wp\/v2\/posts\/82346\/revisions"}],"wp:featuredmedia":[{"embeddable":true,"href":"http:\/\/hoycordobaweb.com\/index.php\/wp-json\/wp\/v2\/media\/82347"}],"wp:attachment":[{"href":"http:\/\/hoycordobaweb.com\/index.php\/wp-json\/wp\/v2\/media?parent=82346"}],"wp:term":[{"taxonomy":"category","embeddable":true,"href":"http:\/\/hoycordobaweb.com\/index.php\/wp-json\/wp\/v2\/categories?post=82346"},{"taxonomy":"post_tag","embeddable":true,"href":"http:\/\/hoycordobaweb.com\/index.php\/wp-json\/wp\/v2\/tags?post=82346"}],"curies":[{"name":"wp","href":"https:\/\/api.w.org\/{rel}","templated":true}]}}