{"id":82304,"date":"2024-08-28T10:00:00","date_gmt":"2024-08-28T10:00:00","guid":{"rendered":"http:\/\/hoycordobaweb.com\/index.php\/2024\/08\/28\/anses-finaliza-los-pagos-a-jubilados-y-pensionados-que-superan-la-minima-quienes-cobran-hoy-miercoles-28-de-agosto-de-2024\/"},"modified":"2024-08-28T10:00:00","modified_gmt":"2024-08-28T10:00:00","slug":"anses-finaliza-los-pagos-a-jubilados-y-pensionados-que-superan-la-minima-quienes-cobran-hoy-miercoles-28-de-agosto-de-2024","status":"publish","type":"post","link":"http:\/\/hoycordobaweb.com\/index.php\/2024\/08\/28\/anses-finaliza-los-pagos-a-jubilados-y-pensionados-que-superan-la-minima-quienes-cobran-hoy-miercoles-28-de-agosto-de-2024\/","title":{"rendered":"ANSES finaliza los pagos a jubilados y pensionados que superan la m\u00ednima: qui\u00e9nes cobran hoy, mi\u00e9rcoles 28 de agosto de 2024"},"content":{"rendered":"<div class=\"media_block\"><\/div>\n<p>La<a target=\"_blank\" href=\"https:\/\/www.perfil.com\/noticias\/economia\/es-oficial-el-bono-para-los-jubilados-anses-en-agosto-cuanto-cobran-con-el-nuevo-aumento.phtml\" rel=\"noopener noreferrer\">&nbsp;Administraci\u00f3n Nacional de la Seguridad Social<\/a>&nbsp;(ANSES) termina&nbsp;hoy, mi\u00e9rcoles 28&nbsp;de agosto, los pagos<strong>&nbsp;<\/strong>para&nbsp;&nbsp;<a target=\"_blank\" href=\"https:\/\/www.perfil.com\/noticias\/economia\/subsidios-a-la-luz-y-el-gas-para-jubilados-y-pensionados-cual-es-el-tramite-y-a-quienes-les-corresponde.phtml\" rel=\"noopener noreferrer\">jubilados y pensionados<\/a>&nbsp;que superan la m\u00ednima y cuyo DNI finalicen en 8&nbsp;y 9.&nbsp;<\/p>\n<p>Adem\u00e1s,&nbsp;este mes estos beneficiarios&nbsp;tendr\u00e1n una suba del&nbsp;<strong>4,58%&nbsp;<\/strong>en los haberes jubilatorios.&nbsp;<\/p>\n<p class=\"destacadoNota\"><a target=\"_blank\" href=\"https:\/\/www.perfil.com\/noticias\/economia\/ley-de-ajuste-jubilatorio-intencionalidad-politica-o-preocupacion-genuina.phtml\" rel=\"noopener noreferrer\">Ley de ajuste jubilatorio: \u00bfIntencionalidad pol\u00edtica o preocupaci\u00f3n genuina?<\/a><\/p>\n<div class=\"subscription\" readability=\"6.683257918552\">\n<p>\nEsto no les gusta a los autoritarios\n<\/p>\n<div class=\"subscription__container\" readability=\"6.1467391304348\">\n<div class=\"subscription__text-wrapper\" readability=\"31.20652173913\">\n<p>\nEl ejercicio del periodismo profesional y cr\u00edtico es un pilar fundamental de la democracia. Por eso molesta a quienes creen ser los due\u00f1os de la verdad.\n<\/p>\n<\/p><\/div>\n<\/div><\/div>\n<p><img alt=\"Jubilados\" src=\"http:\/\/hoycordobaweb.com\/wp-content\/uploads\/2024\/08\/anses-finaliza-los-pagos-a-jubilados-y-pensionados-que-superan-la-minima-quienes-cobran-hoy-miercoles-28-de-agosto-de-2024-1.jpg\" loading=\"lazy\"><\/p>\n<h2>Calendario completo para Jubilados y pensionados que superan el haber m\u00ednimo<\/h2>\n<p>Ya cobraron:&nbsp;<\/p>\n<ul>\n<li>Documentos terminados en 0 y 1: jueves 22 de agosto de 2024.<\/li>\n<li>Documentos terminados en 2 y 3: viernes 23 de agosto de 2024.<\/li>\n<li>Documentos terminados en 4 y 5: lunes 26 de agosto de 2024.<\/li>\n<li>Documentos terminados en 6 y 7: martes 27 de agosto de 2024.<\/li>\n<\/ul>\n<p>Cobran hoy:&nbsp;<\/p>\n<ul>\n<li>Documentos terminados en 8 y 9: mi\u00e9rcoles 28 de agosto de 2024.<\/li>\n<\/ul>\n<p class=\"destacadoNota\"><a target=\"_blank\" href=\"https:\/\/www.perfil.com\/noticias\/economia\/que-paso-realmente-con-el-poder-adquisitivo-de-las-jubilaciones-entre-2017-y-2024.phtml\" rel=\"noopener noreferrer\">\u00bfQu\u00e9 pas\u00f3 con el poder adquisitivo de las jubilaciones entre 2017 y 2024?<\/a><\/p>\n<p><img alt=\"jubilados\" src=\"http:\/\/hoycordobaweb.com\/wp-content\/uploads\/2024\/08\/anses-finaliza-los-pagos-a-jubilados-y-pensionados-que-superan-la-minima-quienes-cobran-hoy-miercoles-28-de-agosto-de-2024-2.jpg\" loading=\"lazy\"><\/p>\n<h2>De cu\u00e1nto es la base m\u00ednima de&nbsp;los jubilados y pensionados en agosto 2024&nbsp;<\/h2>\n<p>A partir de agosto, los jubilados y pensionados que reciben un ingreso m\u00ednimo tendr\u00e1n un total de $295.540, incluyendo un bono extra de $70.000. Mientras tanto, la suma m\u00e1xima a recibir ser\u00e1 de $1.517.094,80.<\/p>\n<p>El incremento se ajusta a las normas del Decreto 274\/2024, que establece aumentos mensuales basados en el \u00cdndice de Precios al Consumidor (IPC) publicado por el Indec, con un retraso de dos meses. Por consiguiente, la subida de agosto refleja la inflaci\u00f3n de junio de 2024.<\/p>\n<p>SV \/ LR<\/p>\n<div class=\"article__tags\">\n<p>En esta Nota<\/p>\n<\/p><\/div>\n","protected":false},"excerpt":{"rendered":"<p>La&nbsp;Administraci\u00f3n Nacional de la Seguridad Social&nbsp;(ANSES) termina&nbsp;hoy, mi\u00e9rcoles 28&nbsp;de agosto, los pagos&nbsp;para&nbsp;&nbsp;jubilados y pensionados&nbsp;que superan la m\u00ednima y cuyo DNI finalicen en 8&nbsp;y 9.&nbsp; Adem\u00e1s,&nbsp;este mes estos beneficiarios&nbsp;tendr\u00e1n una suba del&nbsp;4,58%&nbsp;en los haberes jubilatorios.&nbsp; Ley de ajuste jubilatorio: \u00bfIntencionalidad pol\u00edtica o preocupaci\u00f3n genuina? Esto no les gusta a los autoritarios El ejercicio del periodismo profesional [&hellip;]<\/p>\n","protected":false},"author":1,"featured_media":82305,"comment_status":"closed","ping_status":"closed","sticky":false,"template":"","format":"standard","meta":[],"categories":[19],"tags":[409,411,410],"_links":{"self":[{"href":"http:\/\/hoycordobaweb.com\/index.php\/wp-json\/wp\/v2\/posts\/82304"}],"collection":[{"href":"http:\/\/hoycordobaweb.com\/index.php\/wp-json\/wp\/v2\/posts"}],"about":[{"href":"http:\/\/hoycordobaweb.com\/index.php\/wp-json\/wp\/v2\/types\/post"}],"author":[{"embeddable":true,"href":"http:\/\/hoycordobaweb.com\/index.php\/wp-json\/wp\/v2\/users\/1"}],"replies":[{"embeddable":true,"href":"http:\/\/hoycordobaweb.com\/index.php\/wp-json\/wp\/v2\/comments?post=82304"}],"version-history":[{"count":0,"href":"http:\/\/hoycordobaweb.com\/index.php\/wp-json\/wp\/v2\/posts\/82304\/revisions"}],"wp:featuredmedia":[{"embeddable":true,"href":"http:\/\/hoycordobaweb.com\/index.php\/wp-json\/wp\/v2\/media\/82305"}],"wp:attachment":[{"href":"http:\/\/hoycordobaweb.com\/index.php\/wp-json\/wp\/v2\/media?parent=82304"}],"wp:term":[{"taxonomy":"category","embeddable":true,"href":"http:\/\/hoycordobaweb.com\/index.php\/wp-json\/wp\/v2\/categories?post=82304"},{"taxonomy":"post_tag","embeddable":true,"href":"http:\/\/hoycordobaweb.com\/index.php\/wp-json\/wp\/v2\/tags?post=82304"}],"curies":[{"name":"wp","href":"https:\/\/api.w.org\/{rel}","templated":true}]}}