{"id":82263,"date":"2024-08-28T08:07:53","date_gmt":"2024-08-28T08:07:53","guid":{"rendered":"https:\/\/www.trendencias.com\/celebrities\/hijos-infanta-cristina-e-inaki-urdangarin-oficio-beneficio-pilar-eyre-cuenta-todo"},"modified":"2024-08-28T08:07:53","modified_gmt":"2024-08-28T08:07:53","slug":"los-hijos-de-la-infanta-cristina-e-inaki-urdangarin-sin-oficio-ni-beneficio-pilar-eyre-lo-cuenta-todo","status":"publish","type":"post","link":"http:\/\/hoycordobaweb.com\/index.php\/2024\/08\/28\/los-hijos-de-la-infanta-cristina-e-inaki-urdangarin-sin-oficio-ni-beneficio-pilar-eyre-lo-cuenta-todo\/","title":{"rendered":"Los hijos de la infanta Cristina e I\u00f1aki Urdangarin, sin oficio ni beneficio: Pilar Eyre lo cuenta todo"},"content":{"rendered":"<p>Pilar Eyre viene a ser la Gossip Girl o la Lady Whistledown de la Casa Real espa\u00f1ola. Imagino a nuestros <em>royals <\/em>temblando cada vez que la escritora saca a la luz uno de sus art\u00edculos rajando contra \u00e9stos. \u00bfSus \u00faltimas v\u00edctimas? Los reto\u00f1os de la <strong>infanta Cristina e I\u00f1aki Urdangarin<\/strong>, de quienes ha puesto en entredicho tanto su futuro acad\u00e9mico como laboral. Atenta\/o, que te lo cuento.<\/p>\n<p><!-- BREAK 1 --> <\/p>\n<div class=\"article-asset article-asset-normal article-asset-center\">\n<div class=\"desvio-container\">\n<div class=\"desvio\">\n<div class=\"desvio-figure js-desvio-figure\"> <a href=\"https:\/\/www.trendencias.com\/celebrities\/disgusto-ainhoa-armentia-ultimo-paso-infanta-cristina\"> <img loading=\"lazy\" alt=\"El disgusto de Ainhoa Armentia por el \u00faltimo paso de la infanta Cristina \" width=\"375\" height=\"142\" src=\"http:\/\/hoycordobaweb.com\/wp-content\/uploads\/2024\/08\/los-hijos-de-la-infanta-cristina-e-inaki-urdangarin-sin-oficio-ni-beneficio-pilar-eyre-lo-cuenta-todo.jpg\"> <\/a> <\/div><\/div><\/div>\n<\/div>\n<p>A trav\u00e9s de su blog de &#8216;<a rel=\"noopener, noreferrer\" href=\"https:\/\/www.lecturas.com\/blogs\/pilar-eyre\/erratico-rumbo-hijos-infanta-cristina-e-inaki-urdangarin-por-pilar-eyre_161978\">Lecturas<\/a>&#8216;, la autora ha comenzado bastante suave narrando c\u00f3mo era aquella familia de revista con hijos dignos de un anuncio de Mayoral apuntando que est\u00e1bamos ante una \u00abfamilia de pel\u00edcula\u00bb que ella misma vislumbr\u00f3 \u00aben el parque Santa Amelia, la infanta leyendo libros de Paulo Coelho, y su expresi\u00f3n de arrobo y la de sus hijos cuando llegaba el padre a recogerlos\u00bb. Pero el esc\u00e1ndalo estall\u00f3 <strong>y la cosa se torci\u00f3&#8230;<\/strong><\/p>\n<p><!-- BREAK 2 --><\/p>\n<p>Me refiero al Caso N\u00f3os. Momento en el que los ni\u00f1os del matrimonio, en palabras de Eyre, sufrieron \u00abbullying\u00bb en el colegio hasta el punto de que \u00abse negaban a darles albornoces en el Tenis Barcelona\u00bb o sus compa\u00f1eros de clase dejaron de invitarles a sus cumplea\u00f1os: \u00abLa verg\u00fcenza m\u00e1xima fue cuando <a href=\"https:\/\/www.trendencias.com\/tag\/inaki%20urdangarin\">I\u00f1aki <\/a>acompa\u00f1ado de Juan, fue recibido al grito de &#8216;<strong>cuidado con los bolsos<\/strong>&#8216; en una panader\u00eda cercana a su domicilio\u00bb, expone la colaboradora de televisi\u00f3n.<\/p>\n<p><!-- BREAK 3 --> <\/p>\n<div class=\"article-asset-image article-asset-normal article-asset-center\">\n<div class=\"asset-content\"> <img class=\"centro_sinmarco\" height=\"800\" width=\"1200\" loading=\"lazy\" decoding=\"async\" sizes=\"100vw\" fetchpriority=\"high\" srcset=\"http:\/\/hoycordobaweb.com\/wp-content\/uploads\/2024\/08\/los-hijos-de-la-infanta-cristina-e-inaki-urdangarin-sin-oficio-ni-beneficio-pilar-eyre-lo-cuenta-todo-1.jpg 450w, http:\/\/hoycordobaweb.com\/wp-content\/uploads\/2024\/08\/los-hijos-de-la-infanta-cristina-e-inaki-urdangarin-sin-oficio-ni-beneficio-pilar-eyre-lo-cuenta-todo-4.jpg 681w, http:\/\/hoycordobaweb.com\/wp-content\/uploads\/2024\/08\/los-hijos-de-la-infanta-cristina-e-inaki-urdangarin-sin-oficio-ni-beneficio-pilar-eyre-lo-cuenta-todo-5.jpg 1024w, http:\/\/hoycordobaweb.com\/wp-content\/uploads\/2024\/08\/los-hijos-de-la-infanta-cristina-e-inaki-urdangarin-sin-oficio-ni-beneficio-pilar-eyre-lo-cuenta-todo-6.jpg 1366w\" src=\"http:\/\/hoycordobaweb.com\/wp-content\/uploads\/2024\/08\/los-hijos-de-la-infanta-cristina-e-inaki-urdangarin-sin-oficio-ni-beneficio-pilar-eyre-lo-cuenta-todo-1.jpg\" alt=\"g\"> <noscript><img alt=\"g\" class=\"centro_sinmarco\" src=\"http:\/\/hoycordobaweb.com\/wp-content\/uploads\/2024\/08\/los-hijos-de-la-infanta-cristina-e-inaki-urdangarin-sin-oficio-ni-beneficio-pilar-eyre-lo-cuenta-todo-1.jpg\"><\/noscript> <\/div>\n<\/div>\n<h2>Un futuro incierto<\/h2>\n<p>Pilar no se ha cortado a la hora de dejar clara su opini\u00f3n sobre el <strong>porvenir <\/strong>de los j\u00f3venes. Sobre Miguel, que supuestamente se matricul\u00f3 en la carrera de Ciencias del Mar, se\u00f1ala que acab\u00f3 trabajando de \u00abmonitor de esqu\u00ed\u00bb para despu\u00e9s mudarse a Zarzuela con do\u00f1a Sof\u00eda: \u00abBastante lejos del mar\u00bb, destaca la autora de &#8216;La soledad de la reina&#8217;.<\/p>\n<p><!-- BREAK 4 --><\/p>\n<p>Con respecto a Juan, \u00abse ignora todo\u00bb y Eyre siembra la duda sobre su formaci\u00f3n <a href=\"https:\/\/www.trendencias.com\/celebrities\/asi-curioso-trabajo-juan-valentin-urdangarin-hijo-mayor-infanta-cristina\">junto a Alejandro Agag<\/a>. Recordemos que el muchacho trabaj\u00f3 en la empresa &#8216;Extreme E&#8217;, \u00abuna serie radical de carreras todoterreno en los rincones m\u00e1s remotos del planeta impactados por el cambio clim\u00e1tico\u00bb, se puede leer en la web del negocio del yerno de Jos\u00e9 Mar\u00eda Aznar y Ana Botella: \u00abY si lo dej\u00f3 voluntariamente o si fue despedido. Lo \u00fanico que sabemos es que se ha ido a vivir tambi\u00e9n con su abuela a la Zarzuela, <strong>sin ninguna perspectiva laboral<\/strong>\u00ab, recalca la periodista.<\/p>\n<p><!-- BREAK 5 --><\/p>\n<div class=\"article-asset-image article-asset-normal article-asset-center\">\n<div class=\"asset-content\"> <img class=\"centro_sinmarco\" height=\"911\" width=\"1366\" loading=\"lazy\" decoding=\"async\" sizes=\"100vw\" fetchpriority=\"high\" srcset=\"http:\/\/hoycordobaweb.com\/wp-content\/uploads\/2024\/08\/los-hijos-de-la-infanta-cristina-e-inaki-urdangarin-sin-oficio-ni-beneficio-pilar-eyre-lo-cuenta-todo-2.jpg 450w, http:\/\/hoycordobaweb.com\/wp-content\/uploads\/2024\/08\/los-hijos-de-la-infanta-cristina-e-inaki-urdangarin-sin-oficio-ni-beneficio-pilar-eyre-lo-cuenta-todo-7.jpg 681w, http:\/\/hoycordobaweb.com\/wp-content\/uploads\/2024\/08\/los-hijos-de-la-infanta-cristina-e-inaki-urdangarin-sin-oficio-ni-beneficio-pilar-eyre-lo-cuenta-todo-8.jpg 1024w, http:\/\/hoycordobaweb.com\/wp-content\/uploads\/2024\/08\/los-hijos-de-la-infanta-cristina-e-inaki-urdangarin-sin-oficio-ni-beneficio-pilar-eyre-lo-cuenta-todo-9.jpg 1366w\" src=\"http:\/\/hoycordobaweb.com\/wp-content\/uploads\/2024\/08\/los-hijos-de-la-infanta-cristina-e-inaki-urdangarin-sin-oficio-ni-beneficio-pilar-eyre-lo-cuenta-todo-2.jpg\" alt=\"v\"> <noscript><img alt=\"v\" class=\"centro_sinmarco\" src=\"http:\/\/hoycordobaweb.com\/wp-content\/uploads\/2024\/08\/los-hijos-de-la-infanta-cristina-e-inaki-urdangarin-sin-oficio-ni-beneficio-pilar-eyre-lo-cuenta-todo-2.jpg\"><\/noscript> <\/div>\n<\/div>\n<p>Eyre advierte de Irene que su \u00ab\u00fanica ocupaci\u00f3n durante el a\u00f1o que ha vivido en palacio ha sido <strong>sacarse el carn\u00e9 de conducir<\/strong>\u00ab. Cabe destacar que la benjamina de la casa ha pasado los \u00faltimos meses de voluntariado en Camboya y<a href=\"https:\/\/www.trendencias.com\/celebrities\/infanta-cristina-e-inaki-urdangarin-unidos-nuevo-malas-noticias-disgusto-que-les-ha-dado-irene-urdangarin\"> \u00fanicamente ha aprobado la parte te\u00f3rica del coche<\/a>. Y de Pablo, la escritora asegura que, aunque es el \u00fanico que dispone de \u00abactividad laboral\u00bb (juega con el equipo de balonmano de Granollers), duda de que si \u00e9ste sobrevivir\u00e1 con el \u00absueldo de tres mil euros al mes que recibe de su club\u00bb. Se ha quedado a gusto, s\u00ed.<\/p>\n<p><!-- BREAK 6 --> <\/p>\n<p>Fotos | Gtres<\/p>\n<p>En Trendencias | <a href=\"https:\/\/www.trendencias.com\/celebrities\/que-fue-elisa-drabben-nieta-concha-aqui-no-hay-quien-viva-que-luce-asi-irreconocible-ahora\">Qu\u00e9 fue de Elisa Drabben, la nieta de Concha en &#8216;Aqu\u00ed no hay quien viva&#8217; que luce as\u00ed de irreconocible ahora<\/a><\/p>\n<p>En Trendencias | <a href=\"https:\/\/www.trendencias.com\/celebrities\/que-fue-oscar-reyes-camarero-aida-que-rajo-asi-dos-companeros-serie\">Qu\u00e9 fue de Oscar Reyes, el camarero de &#8216;A\u00edda&#8217; que raj\u00f3 as\u00ed de dos compa\u00f1eros de la serie<\/a><\/p>\n","protected":false},"excerpt":{"rendered":"<p>Pilar Eyre viene a ser la Gossip Girl o la Lady Whistledown de la Casa Real espa\u00f1ola. Imagino a nuestros royals temblando cada vez que la escritora saca a la luz uno de sus art\u00edculos rajando contra \u00e9stos. \u00bfSus \u00faltimas v\u00edctimas? Los reto\u00f1os de la infanta Cristina e I\u00f1aki Urdangarin, de quienes ha puesto en [&hellip;]<\/p>\n","protected":false},"author":1,"featured_media":82264,"comment_status":"closed","ping_status":"closed","sticky":false,"template":"","format":"standard","meta":[],"categories":[],"tags":[],"_links":{"self":[{"href":"http:\/\/hoycordobaweb.com\/index.php\/wp-json\/wp\/v2\/posts\/82263"}],"collection":[{"href":"http:\/\/hoycordobaweb.com\/index.php\/wp-json\/wp\/v2\/posts"}],"about":[{"href":"http:\/\/hoycordobaweb.com\/index.php\/wp-json\/wp\/v2\/types\/post"}],"author":[{"embeddable":true,"href":"http:\/\/hoycordobaweb.com\/index.php\/wp-json\/wp\/v2\/users\/1"}],"replies":[{"embeddable":true,"href":"http:\/\/hoycordobaweb.com\/index.php\/wp-json\/wp\/v2\/comments?post=82263"}],"version-history":[{"count":0,"href":"http:\/\/hoycordobaweb.com\/index.php\/wp-json\/wp\/v2\/posts\/82263\/revisions"}],"wp:featuredmedia":[{"embeddable":true,"href":"http:\/\/hoycordobaweb.com\/index.php\/wp-json\/wp\/v2\/media\/82264"}],"wp:attachment":[{"href":"http:\/\/hoycordobaweb.com\/index.php\/wp-json\/wp\/v2\/media?parent=82263"}],"wp:term":[{"taxonomy":"category","embeddable":true,"href":"http:\/\/hoycordobaweb.com\/index.php\/wp-json\/wp\/v2\/categories?post=82263"},{"taxonomy":"post_tag","embeddable":true,"href":"http:\/\/hoycordobaweb.com\/index.php\/wp-json\/wp\/v2\/tags?post=82263"}],"curies":[{"name":"wp","href":"https:\/\/api.w.org\/{rel}","templated":true}]}}