{"id":82251,"date":"2024-08-26T23:54:30","date_gmt":"2024-08-26T23:54:30","guid":{"rendered":"https:\/\/www.ole.com.ar\/futbol-internacional\/america\/parte-medico-juan-izquierdo-jugador-nacional-uruguay_0_etZbg2GcUP.html"},"modified":"2024-08-26T23:54:30","modified_gmt":"2024-08-26T23:54:30","slug":"el-dolor-por-juan-izquierdo-la-situacion-es-muy-delicada-y-practicamente-irreversible","status":"publish","type":"post","link":"http:\/\/hoycordobaweb.com\/index.php\/2024\/08\/26\/el-dolor-por-juan-izquierdo-la-situacion-es-muy-delicada-y-practicamente-irreversible\/","title":{"rendered":"El dolor por Juan Izquierdo: \u00abLa situaci\u00f3n es muy delicada y pr\u00e1cticamente irreversible\u00bb"},"content":{"rendered":"<p><img src=\"http:\/\/hoycordobaweb.com\/wp-content\/uploads\/2024\/08\/el-dolor-por-juan-izquierdo-la-situacion-es-muy-delicada-y-practicamente-irreversible.jpg\"><\/p>\n<p><time class=\"createDate\" datetime=\"2024-08-26T20:54:30-03:00\">26\/08\/2024 20:54hs.<\/time><time class=\"modificatedDate\" datetime=\"2024-08-26T21:51:03-03:00\"> Actualizado al 26\/08\/2024 21:51hs.<\/time><\/p>\n<div id=\"storyBody\">\n<div class=\"custom-text \" readability=\"43\">\n<p>El estado de salud de <strong>Juan Izquierdo<\/strong> genera tristeza en el mundo de f\u00fatbol. Se espera un milagro. El lateral de Nacional contin\u00faa internado e intubado en la terapia intensiva del Hospital Israelita Albert Einstein. La c\u00f3nsul uruguaya (Marta Echarte), que estuvo en el lugar, brind\u00f3 un preocupante escenario: \u201cHemos estado desde la ma\u00f1ana temprano con (Alejandro) Balbi, el presidente de Nacional y \u00faltimamente con la familia, la esposa y los padres de Juan y tambi\u00e9n con los m\u00e9dicos<strong>. La situaci\u00f3n es muy delicada, pr\u00e1cticamente irreversible y bueno, se est\u00e1 esperando qu\u00e9 va a pasar en las pr\u00f3ximas 48 horas<\/strong>\u201d, se\u00f1al\u00f3. Horas m\u00e1s tarde, a <strong>Ol\u00e9<\/strong> le contaron un panorama cr\u00edtico similar desde altas esferas de la Asociaci\u00f3n Uruguaya de F\u00fatbol.<\/p>\n<\/div>\n<div class=\"custom-text \" readability=\"41\">\n<p>\u00abLa situaci\u00f3n realmente no es para nada alentadora, y bueno, el consultado est\u00e1 pronto y dispuesto como corresponde para actuar si el desenlace se produce\u00bb, agreg\u00f3. Y continu\u00f3: <strong>\u00abLos da\u00f1os cerebrales son lo que m\u00e1s preocupan ahora.<\/strong> Hablamos con los m\u00e9dicos y al principio fue un tema card\u00edaco, una arritmia card\u00edaca, pero despu\u00e9s se complic\u00f3 y hubo una progresi\u00f3n y compromiso cerebral, es lo que dice el parte m\u00e9dico. Y en este momento le est\u00e1n dando una asistencia respiratoria\u00bb.<\/p>\n<\/div>\n<div class=\"custom-text \" readability=\"34\">\n<p>En la noche del lunes se brind\u00f3 el parte m\u00e9dico oficial: <strong>\u00abDependiente de ventilaci\u00f3n mec\u00e1nica, con cuadro neurol\u00f3gico cr\u00edtico\u00bb. <\/strong><\/p>\n<\/div>\n<div class=\"custom-text \" readability=\"36\">\n<p>Mientras tanto, <strong>el f\u00fatbol uruguayo est\u00e1 suspendido a la espera de lo que suceda con Izquierdo.<\/strong> Todos unidos rezando para que el defensor pueda salir de esta brav\u00edsima parada, aunque el cuadro es m\u00e1s que complicado.<\/p>\n<\/div>\n<p><h3> <strong>Las visitas a Izquierdo este lunes y la revelaci\u00f3n de un antecedente de arritmia<\/strong><\/h3>\n<\/p>\n<div class=\"custom-text \" readability=\"44\">\n<p>Este lunes, hubo m\u00faltiples personas que se acercaron al Hospital Israelita Albert Einstein de la ciudad de San Pablo, Brasil, <strong>para acompa\u00f1ar a la familia de Izquierdo y a los dirigentes de Nacional.<\/strong> Primero fue Marta Echarte, la c\u00f3nsul de Uruguay en San Pablo, quien lleg\u00f3 al centro m\u00e9dico durante el mediod\u00eda y estuvo junto a Alejandro Balbi, presidente del Bolso. Un rato despu\u00e9s,<strong> apareci\u00f3 Diego Lugano, \u00eddolo de San Pablo y ex capit\u00e1n de la selecci\u00f3n de Uruguay, justo cuando Echarte se marchaba.<\/strong><\/p>\n<\/div>\n<div class=\"custom-text \" readability=\"39\">\n<p>Asimismo, un dato esencial que apareci\u00f3 este mismo lunes fue el que revel\u00f3 Sebasti\u00e1n Bauz\u00e1, director de la Secretar\u00eda Nacional del Deporte de Uruguay, quien cont\u00f3 en una charla con el programa Minuto 1 de Carve Deportiva <strong>que hace diez a\u00f1os le hab\u00edan detectado una peque\u00f1a arritmia a Izquierdo, cuando \u00e9ste ten\u00eda apenas 17 a\u00f1os.<\/strong><\/p>\n<\/div>\n<div class=\"custom-text \" readability=\"41\">\n<p><strong>\u201cEn 2014, con el programa Gol al Futuro, le realizaron estudios a Juan Izquierdo. Juan ten\u00eda 17 a\u00f1os, estaba jugando en Cerro y ten\u00eda una peque\u00f1a arritmia, algo que fue informado\u201d, <\/strong>se\u00f1al\u00f3 Bauz\u00e1. El programa Gol al Futuro funciona a cargo de la Secretar\u00eda Nacional del Deporte, y \u00abpromueve la formaci\u00f3n integral de los\/as futbolistas juveniles y acompa\u00f1a en el crecimiento personal y profesional\u00bb.<\/p>\n<\/div>\n<div class=\"custom-text \" readability=\"41\">\n<p>Por otra parte, los jugadores de Nacional se reunieron durante la ma\u00f1ana en la Ciudad Deportiva Los C\u00e9spedes, predio de entrenamiento del club, pero sin el objetivo de planificar un entrenamiento. \u201cNuestro cap\u00ect\u00e1n (Diego Polenta) se preocup\u00f3 por llevarla (a la mujer de Izquierdo) al aeropuerto, hablar con los m\u00e9dicos para ver si pod\u00eda viajar con la beb\u00e9 a San Pablo. Entonces, <strong>\u00bfcon qu\u00e9 cabeza vas a practicar y pod\u00e9s enfrentar un entrenamiento? Es pr\u00e1cticamente imposible\u201d, <\/strong>cont\u00f3 Balbi.<\/p>\n<\/div>\n<div class=\"custom-text \" readability=\"36\">\n<p>Tambi\u00e9n se conoci\u00f3 que la segunda fecha del campeonato uruguayo, pactada para jugarse entre semana, volvi\u00f3 a ser suspendida <strong>\u00abreflejando el sentir de todos los estamentos del f\u00fatbol respecto a la delicada situaci\u00f3n del jugador Juan Izquierdo\u00bb. <\/strong><\/p>\n<\/div>\n<p><h2><strong>Los gestos de San Pablo y el agradecimiento de Balbi<\/strong><\/h2>\n<\/p>\n<div class=\"custom-text \" readability=\"42\">\n<p>El domingo, en el partido ante Vit\u00f3ria por el Brasileirao, los jugadores de San Pablo, quienes siempre mostraron su m\u00e1xima predisposici\u00f3n para colaborar con Izquierdo, le rindieron un homenaje al uruguayo:<strong> salieron a la cancha con camisetas celestes que dec\u00edan \u00abFuerza Izquierdo\u00bb.<\/strong> Incluso, <strong>seg\u00fan cont\u00f3 Balbi, presidente de Nacional, quer\u00edan presentarse en el hospital tras el encuentro.<\/strong><\/p>\n<\/div>\n<div class=\"custom-text \" readability=\"37\">\n<p>Tambi\u00e9n, post partido ante Vit\u00f3ria, Luis Zubeld\u00eda le envi\u00f3 sus fuerzas a Izquierdo y su familia y cont\u00f3 que todo el equipo de San Pablo qued\u00f3 muy sentido a ra\u00edz de esta situaci\u00f3n. <strong>\u00abEste grupo qued\u00f3 golpeado\u00bb,<\/strong> expres\u00f3.<\/p>\n<\/div>\n<div class=\"custom-text \" readability=\"37\">\n<p>Hubo otro gesto que tambi\u00e9n sali\u00f3 a la luz: el de Jonathan Calleri, delantero de San Pablo, <strong>quien le ofreci\u00f3 a la familia de Izquierdo y a Nacional su tarjeta de cr\u00e9dito para ayudar a cubrir los gastos de la internaci\u00f3n u otros que est\u00e9n gener\u00e1ndose a partir de \u00e9ste.<\/strong> Aunque su propuesta fue rechazada con much\u00edsimo agradecimiento por parte de los dirigentes de Nacional.<\/p>\n<\/div>\n<div class=\"sc-e7b891c4-0 jPbnQF\"><img alt=\"Calleri, en el partido ante Vit\u00f3ria este domingo. (Foto: REUTERS\/Carla Carniel)\" src=\"http:\/\/hoycordobaweb.com\/wp-content\/uploads\/2024\/08\/el-dolor-por-juan-izquierdo-la-situacion-es-muy-delicada-y-practicamente-irreversible-2.jpg\" width=\"720\" height=\"100\" decoding=\"async\" data-nimg=\"future\" loading=\"lazy\"><span class=\"epigraphe\">Calleri, en el partido ante Vit\u00f3ria este domingo. (Foto: REUTERS\/Carla Carniel)<\/span><\/div>\n<div class=\"custom-text \" readability=\"36\">\n<p>Todos estos gestos fueron agradecidos por Balbi. \u00abLo de los jugadores de San Pablo es gratificante. Desde el primer momento est\u00e1n a las \u00f3rdenes.<strong> Ayer quisieron ir al hospital despu\u00e9s de su partido por el Brasileirao. Estamos agradecidos con ellos y la verdad parecen ser parte de nuestro plantel\u201d, <\/strong>le dijo el presidente de Nacional a El Pa\u00eds Uruguay. <\/p>\n<\/div>\n<div class=\"sc-a7166897-0 exHLBh\" readability=\"6.5\">\n<section readability=\"3\"><picture><img alt=\"Once jugadores uruguayos declaran en la Conmebol por los incidentes en la semifinal de la Copa Am\u00e9rica\" src=\"http:\/\/hoycordobaweb.com\/wp-content\/uploads\/2024\/08\/el-dolor-por-juan-izquierdo-la-situacion-es-muy-delicada-y-practicamente-irreversible-3.jpg\" width=\"290\" height=\"290\" decoding=\"async\" data-nimg=\"future\" loading=\"lazy\"><\/picture>\n<p><span>Mir\u00e1 tambi\u00e9n<\/span><\/p>\n<hr>\n<h3>Once jugadores uruguayos declaran en la Conmebol por los incidentes en la semifinal de la Copa Am\u00e9rica<\/h3>\n<\/p>\n<\/section>\n<\/div>\n<\/div>\n","protected":false},"excerpt":{"rendered":"<p>26\/08\/2024 20:54hs. Actualizado al 26\/08\/2024 21:51hs. El estado de salud de Juan Izquierdo genera tristeza en el mundo de f\u00fatbol. Se espera un milagro. El lateral de Nacional contin\u00faa internado e intubado en la terapia intensiva del Hospital Israelita Albert Einstein. La c\u00f3nsul uruguaya (Marta Echarte), que estuvo en el lugar, brind\u00f3 un preocupante escenario: [&hellip;]<\/p>\n","protected":false},"author":1,"featured_media":82252,"comment_status":"open","ping_status":"closed","sticky":false,"template":"","format":"standard","meta":[],"categories":[16],"tags":[],"_links":{"self":[{"href":"http:\/\/hoycordobaweb.com\/index.php\/wp-json\/wp\/v2\/posts\/82251"}],"collection":[{"href":"http:\/\/hoycordobaweb.com\/index.php\/wp-json\/wp\/v2\/posts"}],"about":[{"href":"http:\/\/hoycordobaweb.com\/index.php\/wp-json\/wp\/v2\/types\/post"}],"author":[{"embeddable":true,"href":"http:\/\/hoycordobaweb.com\/index.php\/wp-json\/wp\/v2\/users\/1"}],"replies":[{"embeddable":true,"href":"http:\/\/hoycordobaweb.com\/index.php\/wp-json\/wp\/v2\/comments?post=82251"}],"version-history":[{"count":0,"href":"http:\/\/hoycordobaweb.com\/index.php\/wp-json\/wp\/v2\/posts\/82251\/revisions"}],"wp:featuredmedia":[{"embeddable":true,"href":"http:\/\/hoycordobaweb.com\/index.php\/wp-json\/wp\/v2\/media\/82252"}],"wp:attachment":[{"href":"http:\/\/hoycordobaweb.com\/index.php\/wp-json\/wp\/v2\/media?parent=82251"}],"wp:term":[{"taxonomy":"category","embeddable":true,"href":"http:\/\/hoycordobaweb.com\/index.php\/wp-json\/wp\/v2\/categories?post=82251"},{"taxonomy":"post_tag","embeddable":true,"href":"http:\/\/hoycordobaweb.com\/index.php\/wp-json\/wp\/v2\/tags?post=82251"}],"curies":[{"name":"wp","href":"https:\/\/api.w.org\/{rel}","templated":true}]}}