{"id":82249,"date":"2024-08-27T00:00:24","date_gmt":"2024-08-27T00:00:24","guid":{"rendered":"https:\/\/www.ole.com.ar\/futbol-internacional\/espana\/barco-convocado-primera-vez-sevilla-mallorca-liga-espanola-fecha-3_0_DPJL8O0W98.html"},"modified":"2024-08-27T00:00:24","modified_gmt":"2024-08-27T00:00:24","slug":"se-viene-el-debut-del-colo-barco-en-sevilla","status":"publish","type":"post","link":"http:\/\/hoycordobaweb.com\/index.php\/2024\/08\/27\/se-viene-el-debut-del-colo-barco-en-sevilla\/","title":{"rendered":"Se viene el debut del Colo Barco en Sevilla"},"content":{"rendered":"<p><img src=\"http:\/\/hoycordobaweb.com\/wp-content\/uploads\/2024\/08\/se-viene-el-debut-del-colo-barco-en-sevilla.jpg\"><\/p>\n<p><time class=\"createDate\" datetime=\"2024-08-26T21:00:24-03:00\">26\/08\/2024 21:00hs.<\/time><\/p>\n<div id=\"storyBody\">\n<div class=\"custom-text \" readability=\"29.560117302053\">\n<p>Tras su presentaci\u00f3n oficial, <strong><a href=\"https:\/\/www.ole.com.ar\/tema\/valentin-barco.html\" title=\"Valent\u00edn Barco\" alt=\"Valent\u00edn Barco\" class=\"slug\">Valent\u00edn Barco<\/a><\/strong> ya se subi\u00f3 por primera vez a un avi\u00f3n como jugador del <strong><a href=\"https:\/\/www.ole.com.ar\/tema\/sevilla.html\" title=\"Sevilla\" alt=\"Sevilla\" class=\"slug\">Sevilla<\/a><\/strong> y se encuentra en <strong>Mallorca <\/strong>junto a sus compa\u00f1eros para afrontar el partido de la tercera fecha contra el <strong><a href=\"https:\/\/www.ole.com.ar\/tema\/mallorca.html\" title=\"Mallorca\" alt=\"Mallorca\" class=\"slug\">conjunto bermell\u00f3n<\/a><\/strong>. La convocatoria del jugador de la <a href=\"https:\/\/www.ole.com.ar\/tema\/seleccion-argentina.html\" title=\"Selecci\u00f3n Argentina\" alt=\"Selecci\u00f3n Argentina\" class=\"slug\">Selecci\u00f3n Argentina<\/a> fue<strong> anunciada en las redes del equipo andaluz.<\/strong><\/p>\n<\/div>\n<div class=\"custom-text \" readability=\"39\">\n<p>De hecho, en la previa del abordaje para dirigirse a la isla del Mar Mediterr\u00e1neo, la cuenta de X de los sevillanos public\u00f3 una foto del Colo con la inscripci\u00f3n: <strong>\u00ab\u00a1Su primer viaje con el equipo!\u00bb<\/strong>. Una vez en Palma, en donde est\u00e1 el conjunto mallorqu\u00edn, <strong>Barco apareci\u00f3 en un video que anunciaba la llegada del equipo.<\/strong><\/p>\n<\/div>\n<div class=\"sc-e7b891c4-0 jPbnQF\"><img alt=\"El posteo del club andaluz con el Colo, apunto de subir al avi\u00f3n por primera vez con sus nuevos colores.\" src=\"http:\/\/hoycordobaweb.com\/wp-content\/uploads\/2024\/08\/se-viene-el-debut-del-colo-barco-en-sevilla-2.jpg\" width=\"720\" height=\"100\" decoding=\"async\" data-nimg=\"future\" loading=\"lazy\"><span class=\"epigraphe\">El posteo del club andaluz con el Colo, apunto de subir al avi\u00f3n por primera vez con sus nuevos colores.<\/span><\/div>\n<div class=\"custom-text \" readability=\"33.966101694915\">\n<p>El duelo entre el equipo blanquirrojo y los Piratas ser\u00e1 el <strong>martes 27 de agosto a partir de las 14:00 (hora argentina) en el Estadio de Son Moix<\/strong>. El equipo de Garc\u00eda Pimienta marcha en la <strong>d\u00e9cimocuarta posici\u00f3n<\/strong> de La Liga, con <strong>un punto<\/strong> en dos encuentros (empat\u00f3 en dos ante <a href=\"https:\/\/www.ole.com.ar\/tema\/las-palmas.html\" title=\"Las Palmas\" alt=\"Las Palmas\" class=\"slug\">Las Palmas<\/a> y cay\u00f3 por 2 a 1 ante el <a href=\"https:\/\/www.ole.com.ar\/tema\/villarreal.html\" title=\"Villarreal\" alt=\"Villarreal\" class=\"slug\">Villarreal<\/a>); <strong>\u00bfsumar\u00e1 minutos el Colo?<\/strong><\/p>\n<\/div>\n<div class=\"custom-text \" readability=\"37.28813559322\">\n<p>De los otros argentinos del plantel, <strong><a href=\"https:\/\/www.ole.com.ar\/tema\/gonzalo-montiel.html\" title=\"Gonzalo Montiel\" alt=\"Gonzalo Montiel\" class=\"slug\">Gonzalo Montiel<\/a> y <a href=\"https:\/\/www.ole.com.ar\/tema\/lucas-ocampos.html\" title=\"Lucas Ocampos\" alt=\"Lucas Ocampos\" class=\"slug\">Lucas Ocampos<\/a><\/strong>, <strong>ninguno es parte de la comitiva nervionense en la isla<\/strong>. El lateral derecho, que estuvo en banco contra el Submarino Amarillo, padece una <strong>sobrecarga en el isquitoibial de su pierna derecha<\/strong>; por su parte, el delantero <strong>ya hab\u00eda salido con una molestia ante Villarreal<\/strong> (donde fue capit\u00e1n y dio una asistencia) y finalmente no estar\u00e1 disponible.<\/p>\n<\/div>\n<p><h2><strong>La presentaci\u00f3n de Barco, con gui\u00f1o a dos campeones del mundo<\/strong><\/h2>\n<\/p>\n<div class=\"custom-text \" readability=\"34.444444444444\">\n<p>Todo comenz\u00f3 primero cuando el equipo espa\u00f1ol hizo una publicaci\u00f3n en su cuenta de X con un emotic\u00f3n de un reloj de arena y la foto de <strong><a href=\"https:\/\/www.ole.com.ar\/tema\/carlos-salvador-bilardo.html\" title=\"Carlos Salvador Bilardo\" alt=\"Carlos Salvador Bilardo\" class=\"slug\">Carlos Salvador Bilardo<\/a><\/strong>, DT del conjunto andaluz en la temporada 1992-93 (tambi\u00e9n en 1996-97), justo en el momento que grit\u00f3 una de sus ic\u00f3nicas frases: <strong>\u00ab\u00a1Los de colorado son los nuestros!\u00bb. <\/strong><\/p>\n<\/div>\n<div class=\"custom-text \" readability=\"41.252032520325\">\n<p><strong>Aquella frase tuvo lugar en un encuentro entre el Sevilla y el <a href=\"https:\/\/www.ole.com.ar\/tema\/deportivo-la-coruna.html\" title=\"Deportivo La Coru\u00f1a\" alt=\"Deportivo La Coru\u00f1a\" class=\"slug\">Deportivo La Coru\u00f1a<\/a>, <\/strong>en febrero del 1993. Todo sucedi\u00f3 cuando Diego impact\u00f3 con su bot\u00edn en el rostro de Alberto Alb\u00edstegui, quien comenz\u00f3 a sangrar. En ese momento, el m\u00e9dico ingres\u00f3 r\u00e1pidamente a la cancha para socorrer primero a Maradona, quien se encontraba tirado en el c\u00e9sped. Pero, <strong>al ver que \u00e9ste se recuper\u00f3, empez\u00f3 a atender el rival, lo que provoc\u00f3 el enojo de Bilardo, quien termin\u00f3 lanzando ese grito.<\/strong><\/p>\n<\/div>\n<div class=\"custom-text \" readability=\"41.584158415842\">\n<p>A partir de ese juego de palabras, referenciando al Colo Barco, apareci\u00f3 un video que mostraba a Diego y a otros argentinos que hab\u00edan pasado por el club, hasta llegar al ex <a href=\"https:\/\/www.ole.com.ar\/tema\/boca-juniors.html\" title=\"Boca Juniors\" alt=\"Boca Juniors\" class=\"slug\">Boca<\/a>, para confirmar as\u00ed su presentaci\u00f3n en el conjunto andaluz.<strong> \u00abLos de colorao son los nuestros. \u00a1Bienvenido a tu nueva casa, Colo!\u00bb,<\/strong> escribi\u00f3 el club a trav\u00e9s de un tuit, con su original forma de presentar a un refuerzo.<\/p>\n<\/div>\n<p><h2><strong>El video<\/strong><\/h2>\n<\/p>\n<div type=\"embed\" class=\"sc-3f46f5ae-0 djVTgz\">\n<div class=\"sc-3f46f5ae-1 fTjZec videoText\" id=\"contentTitleembedgUWP4DjW\" type=\"embed\"><svg fill=\"#ffffff\"><symbol id=\"play\" viewBox=\"0 0 512 512\"><path d=\"M512 256C512 397.4 397.4 512 256 512C114.6 512 0 397.4 0 256C0 114.6 114.6 0 256 0C397.4 0 512 114.6 512 256zM176 168V344C176 352.7 180.7 360.7 188.3 364.9C195.8 369.2 205.1 369 212.5 364.5L356.5 276.5C363.6 272.1 368 264.4 368 256C368 247.6 363.6 239.9 356.5 235.5L212.5 147.5C205.1 142.1 195.8 142.8 188.3 147.1C180.7 151.3 176 159.3 176 168V168z\" \/><\/symbol><use xlink:href=\"#play\" \/><\/svg><\/p>\n<div class=\"right\">\n<p>Valent\u00edn Barco<!-- --> &#8211;<!-- --> <span>&nbsp;<\/span><\/p>\n<h2 class=\"title-vid\">\u00abLos de colorao&#8217; son los nuestros\u00bb, la presentaci\u00f3n del Colo Barco en Espa\u00f1a<\/h2>\n<\/div>\n<\/div>\n<p><span class=\"back\" id=\"spanBackembedgUWP4DjW\"><\/span><\/div>\n<div class=\"custom-embedhtml\" readability=\"6.7335907335907\">\n<blockquote class=\"twitter-tweet\" readability=\"7.5752895752896\">\n<p lang=\"es\" dir=\"ltr\">\u2764\ufe0f \u00ab\ud835\udc0b\ud835\udc28\ud835\udc2c \ud835\udc1d\ud835\udc1e \ud835\udc1c\ud835\udc28\ud835\udc25\ud835\udc28\ud835\udc2b\ud835\udc1a\ud835\udc28 \ud835\udc2c\ud835\udc28\ud835\udc27 \ud835\udc25\ud835\udc28\ud835\udc2c \ud835\udc27\ud835\udc2e\ud835\udc1e\ud835\udc2c\ud835\udc2d\ud835\udc2b\ud835\udc28\ud835\udc2c\u00bb<\/p>\n<p>\ud83c\udfe0 \u00a1Bienvenido a tu nueva casa, \ud835\udc02\ud835\udc28\ud835\udc25\ud835\udc28! \ud83c\udde6\ud83c\uddf7 <a href=\"https:\/\/t.co\/5qaa06JFjV\">pic.twitter.com\/5qaa06JFjV<\/a><\/p>\n<p>\u2014 Sevilla F\u00fatbol Club (@SevillaFC) <a href=\"https:\/\/twitter.com\/SevillaFC\/status\/1827012950122488074?ref_src=twsrc%5Etfw\">August 23, 2024<\/a><\/p><\/blockquote><\/div>\n<div type=\"embed\" class=\"sc-3f46f5ae-0 djVTgz\">\n<div class=\"sc-3f46f5ae-1 fTjZec videoText\" id=\"contentTitleembedXayVmc8c\" type=\"embed\"><svg fill=\"#ffffff\"><symbol id=\"play\" viewBox=\"0 0 512 512\"><path d=\"M512 256C512 397.4 397.4 512 256 512C114.6 512 0 397.4 0 256C0 114.6 114.6 0 256 0C397.4 0 512 114.6 512 256zM176 168V344C176 352.7 180.7 360.7 188.3 364.9C195.8 369.2 205.1 369 212.5 364.5L356.5 276.5C363.6 272.1 368 264.4 368 256C368 247.6 363.6 239.9 356.5 235.5L212.5 147.5C205.1 142.1 195.8 142.8 188.3 147.1C180.7 151.3 176 159.3 176 168V168z\" \/><\/symbol><use xlink:href=\"#play\" \/><\/svg><\/p>\n<div class=\"right\">\n<p>Valent\u00edn Barco<!-- --> &#8211;<!-- --> <span>&nbsp;<\/span><\/p>\n<h2 class=\"title-vid\">Las primeras palabras de Barco en Sevilla<\/h2>\n<\/div>\n<\/div>\n<p><span class=\"back\" id=\"spanBackembedXayVmc8c\"><\/span><\/div>\n<div class=\"sc-a7166897-0 exHLBh\" readability=\"7\">\n<section readability=\"4\"><picture><img alt=\"Mallorca vs Sevilla, por la Liga de Espa\u00f1a: d\u00eda, hora y c\u00f3mo verlo por TV \" src=\"http:\/\/hoycordobaweb.com\/wp-content\/uploads\/2024\/08\/se-viene-el-debut-del-colo-barco-en-sevilla-3.jpg\" width=\"290\" height=\"290\" decoding=\"async\" data-nimg=\"future\" loading=\"lazy\"><\/picture>\n<p><span>Mir\u00e1 tambi\u00e9n<\/span><\/p>\n<hr>\n<h3>Mallorca vs Sevilla, por la Liga de Espa\u00f1a: d\u00eda, hora y c\u00f3mo verlo por TV<br \/>\n<\/h3>\n<\/p>\n<\/section>\n<\/div>\n<div class=\"sc-a7166897-0 exHLBh\" readability=\"6.5\">\n<section readability=\"3\"><picture><img alt=\"Valent\u00edn Barco fue presentado en el Sevilla con un original gui\u00f1o a Bilardo y Maradona\" src=\"http:\/\/hoycordobaweb.com\/wp-content\/uploads\/2024\/08\/se-viene-el-debut-del-colo-barco-en-sevilla-4.jpg\" width=\"290\" height=\"290\" decoding=\"async\" data-nimg=\"future\" loading=\"lazy\"><\/picture>\n<p><span>Mir\u00e1 tambi\u00e9n<\/span><\/p>\n<hr>\n<h3>Valent\u00edn Barco fue presentado en el Sevilla con un original gui\u00f1o a Bilardo y Maradona<\/h3>\n<\/p>\n<\/section>\n<\/div>\n<div class=\"sc-a7166897-0 exHLBh\" readability=\"6\">\n<section readability=\"2\"><picture><img alt=\"Brillante asistencia de Ocampos pero el Sevilla perdi\u00f3 sobre la hora\" src=\"http:\/\/hoycordobaweb.com\/wp-content\/uploads\/2024\/08\/se-viene-el-debut-del-colo-barco-en-sevilla-5.jpg\" width=\"290\" height=\"290\" decoding=\"async\" data-nimg=\"future\" loading=\"lazy\"><\/picture>\n<p><span>Mir\u00e1 tambi\u00e9n<\/span><\/p>\n<hr>\n<h3>Brillante asistencia de Ocampos pero el Sevilla perdi\u00f3 sobre la hora<\/h3>\n<\/p>\n<\/section>\n<\/div>\n<\/div>\n","protected":false},"excerpt":{"rendered":"<p>26\/08\/2024 21:00hs. Tras su presentaci\u00f3n oficial, Valent\u00edn Barco ya se subi\u00f3 por primera vez a un avi\u00f3n como jugador del Sevilla y se encuentra en Mallorca junto a sus compa\u00f1eros para afrontar el partido de la tercera fecha contra el conjunto bermell\u00f3n. La convocatoria del jugador de la Selecci\u00f3n Argentina fue anunciada en las redes [&hellip;]<\/p>\n","protected":false},"author":1,"featured_media":82250,"comment_status":"open","ping_status":"closed","sticky":false,"template":"","format":"standard","meta":[],"categories":[16],"tags":[],"_links":{"self":[{"href":"http:\/\/hoycordobaweb.com\/index.php\/wp-json\/wp\/v2\/posts\/82249"}],"collection":[{"href":"http:\/\/hoycordobaweb.com\/index.php\/wp-json\/wp\/v2\/posts"}],"about":[{"href":"http:\/\/hoycordobaweb.com\/index.php\/wp-json\/wp\/v2\/types\/post"}],"author":[{"embeddable":true,"href":"http:\/\/hoycordobaweb.com\/index.php\/wp-json\/wp\/v2\/users\/1"}],"replies":[{"embeddable":true,"href":"http:\/\/hoycordobaweb.com\/index.php\/wp-json\/wp\/v2\/comments?post=82249"}],"version-history":[{"count":0,"href":"http:\/\/hoycordobaweb.com\/index.php\/wp-json\/wp\/v2\/posts\/82249\/revisions"}],"wp:featuredmedia":[{"embeddable":true,"href":"http:\/\/hoycordobaweb.com\/index.php\/wp-json\/wp\/v2\/media\/82250"}],"wp:attachment":[{"href":"http:\/\/hoycordobaweb.com\/index.php\/wp-json\/wp\/v2\/media?parent=82249"}],"wp:term":[{"taxonomy":"category","embeddable":true,"href":"http:\/\/hoycordobaweb.com\/index.php\/wp-json\/wp\/v2\/categories?post=82249"},{"taxonomy":"post_tag","embeddable":true,"href":"http:\/\/hoycordobaweb.com\/index.php\/wp-json\/wp\/v2\/tags?post=82249"}],"curies":[{"name":"wp","href":"https:\/\/api.w.org\/{rel}","templated":true}]}}