{"id":82218,"date":"2024-08-26T22:37:00","date_gmt":"2024-08-26T22:37:00","guid":{"rendered":"https:\/\/cordobaturismo.gov.ar\/?p=892459"},"modified":"2024-08-26T22:37:00","modified_gmt":"2024-08-26T22:37:00","slug":"la-agencia-cordoba-turismo-presento-el-camino-del-olivo","status":"publish","type":"post","link":"http:\/\/hoycordobaweb.com\/index.php\/2024\/08\/26\/la-agencia-cordoba-turismo-presento-el-camino-del-olivo\/","title":{"rendered":"La Agencia C\u00f3rdoba Turismo present\u00f3 El Camino del Olivo"},"content":{"rendered":"<p>La Agencia C\u00f3rdoba Turismo present\u00f3 su nuevo producto tur\u00edstico: El Camino del Olivo. Este fascinante recorrido invita a los visitantes a adentrarse en los pintorescos olivares que adornan las sierras cordobesas, ofreciendo una experiencia \u00fanica en agroturismo.<\/p>\n<p>En este marco, el presidente de la Agencia C\u00f3rdoba Turismo, Dario Capitani, destac\u00f3: <strong>\u201cHoy nace un nuevo producto tur\u00edstico para toda nuestra provincia de C\u00f3rdoba: en el Camino del Olivo, primero, hay un reconocimiento a la historia del olivo y un recorrido que va desde el Gran Cruz del Eje hasta el sur de Traslasierra\u201d, <\/strong>se\u00f1al\u00f3.<\/p>\n<p>\u201c<strong>Son 13 establecimientos donde el turista puede venir y conocer; recorrer las plantaciones, su producci\u00f3n, disfrutar de la gastronom\u00eda, la hoteler\u00eda. El Camino del Olivo es un producto excelente con todos estos atractivos que hoy ponemos en escena. Como siempre decimos, a trav\u00e9s del turismo y la generaci\u00f3n de estos productos, se generan desarrollo productivo y econ\u00f3mico en toda la regi\u00f3n\u201d<\/strong>, agreg\u00f3 Capitani.<\/p>\n<figure class=\"wp-block-gallery has-nested-images columns-default is-cropped wp-block-gallery-1 is-layout-flex wp-block-gallery-is-layout-flex\">\n<figure class=\"wp-block-image size-large\"><img loading=\"lazy\" fetchpriority=\"high\" decoding=\"async\" width=\"1024\" height=\"483\" data-id=\"892495\" src=\"http:\/\/hoycordobaweb.com\/wp-content\/uploads\/2024\/08\/la-agencia-cordoba-turismo-presento-el-camino-del-olivo.jpg\" alt class=\"wp-image-892495\" srcset=\"http:\/\/hoycordobaweb.com\/wp-content\/uploads\/2024\/08\/la-agencia-cordoba-turismo-presento-el-camino-del-olivo.jpg 1024w, http:\/\/hoycordobaweb.com\/wp-content\/uploads\/2024\/08\/la-agencia-cordoba-turismo-presento-el-camino-del-olivo-8.jpg 300w, http:\/\/hoycordobaweb.com\/wp-content\/uploads\/2024\/08\/la-agencia-cordoba-turismo-presento-el-camino-del-olivo-9.jpg 768w, http:\/\/hoycordobaweb.com\/wp-content\/uploads\/2024\/08\/la-agencia-cordoba-turismo-presento-el-camino-del-olivo-10.jpg 1536w, http:\/\/hoycordobaweb.com\/wp-content\/uploads\/2024\/08\/la-agencia-cordoba-turismo-presento-el-camino-del-olivo-11.jpg 2048w\" sizes=\"(max-width: 1024px) 100vw, 1024px\"><\/figure>\n<\/figure>\n<p>En el \u00e1rea Noroeste, espec\u00edficamente en Cruz del Eje, se extienden vastas plantaciones de olivo que producen algunos de los aceites de oliva y aceitunas de mesa m\u00e1s refinados del pa\u00eds.<\/p>\n<p>Los establecimientos tur\u00edsticos de la zona brindan la oportunidad de disfrutar de recorridos guiados, conocer los procesos productivos y participar en degustaciones que resaltan los sabores \u00fanicos de la regi\u00f3n.<\/p>\n<p>El viaje por el Camino del Olivo contin\u00faa hacia los encantadores destinos de Villa Las Rosas, Las Tapias, Luyaba y La Paz en el \u00e1rea de Traslasierra. Aqu\u00ed, los olivares se integran armoniosamente con el entorno, ofreciendo paisajes que cautivan y una aut\u00e9ntica experiencia agroecol\u00f3gica.<\/p>\n<p>Adem\u00e1s de la inmersi\u00f3n en los olivares, la regi\u00f3n ofrece una variedad de actividades complementarias como talleres de cocina, mercados de productos locales y rutas de senderismo que enriquecen la propuesta, convirtiendo al Camino del Olivo en una experiencia tur\u00edstica inolvidable.<\/p>\n<p>Estuvieron presentes el presidente de la Agencia C\u00f3rdoba Turismo, Dario Capitani (junto al directorio); los legisladores del departamento Minas y Cruz del Eje, Cristian Frias y Fernando Luna; los intendentes de Villa de Soto, Mar\u00eda Jos\u00e9 Acu\u00f1a, de Luyaba, Maximiliano Pereyra, de Nono, Mat\u00edas Ramirez, de Los Hornillos, Carolina Caballero y los secretarios de turismo Jorge Rold\u00e1n, Eduardo Crespo, Sandra Barbato, Florencia Ochoa e Ignacio Castro.<\/p>\n<figure class=\"wp-block-gallery has-nested-images columns-default is-cropped wp-block-gallery-2 is-layout-flex wp-block-gallery-is-layout-flex\">\n<figure class=\"wp-block-image size-large\"><img loading=\"lazy\" decoding=\"async\" width=\"827\" height=\"1024\" data-id=\"892494\" src=\"http:\/\/hoycordobaweb.com\/wp-content\/uploads\/2024\/08\/la-agencia-cordoba-turismo-presento-el-camino-del-olivo-1.jpg\" alt class=\"wp-image-892494\" srcset=\"http:\/\/hoycordobaweb.com\/wp-content\/uploads\/2024\/08\/la-agencia-cordoba-turismo-presento-el-camino-del-olivo-1.jpg 827w, http:\/\/hoycordobaweb.com\/wp-content\/uploads\/2024\/08\/la-agencia-cordoba-turismo-presento-el-camino-del-olivo-12.jpg 242w, http:\/\/hoycordobaweb.com\/wp-content\/uploads\/2024\/08\/la-agencia-cordoba-turismo-presento-el-camino-del-olivo-13.jpg 768w, http:\/\/hoycordobaweb.com\/wp-content\/uploads\/2024\/08\/la-agencia-cordoba-turismo-presento-el-camino-del-olivo-14.jpg 1240w, http:\/\/hoycordobaweb.com\/wp-content\/uploads\/2024\/08\/la-agencia-cordoba-turismo-presento-el-camino-del-olivo-15.jpg 1653w\" sizes=\"(max-width: 827px) 100vw, 827px\"><\/figure>\n<figure class=\"wp-block-image size-large\"><img loading=\"lazy\" decoding=\"async\" width=\"1024\" height=\"521\" data-id=\"892490\" src=\"http:\/\/hoycordobaweb.com\/wp-content\/uploads\/2024\/08\/la-agencia-cordoba-turismo-presento-el-camino-del-olivo-2.jpg\" alt class=\"wp-image-892490\" srcset=\"http:\/\/hoycordobaweb.com\/wp-content\/uploads\/2024\/08\/la-agencia-cordoba-turismo-presento-el-camino-del-olivo-2.jpg 1024w, http:\/\/hoycordobaweb.com\/wp-content\/uploads\/2024\/08\/la-agencia-cordoba-turismo-presento-el-camino-del-olivo-16.jpg 300w, http:\/\/hoycordobaweb.com\/wp-content\/uploads\/2024\/08\/la-agencia-cordoba-turismo-presento-el-camino-del-olivo-17.jpg 768w, http:\/\/hoycordobaweb.com\/wp-content\/uploads\/2024\/08\/la-agencia-cordoba-turismo-presento-el-camino-del-olivo-18.jpg 1536w, http:\/\/hoycordobaweb.com\/wp-content\/uploads\/2024\/08\/la-agencia-cordoba-turismo-presento-el-camino-del-olivo-19.jpg 2048w\" sizes=\"(max-width: 1024px) 100vw, 1024px\"><\/figure>\n<figure class=\"wp-block-image size-large\"><img loading=\"lazy\" decoding=\"async\" width=\"689\" height=\"1024\" data-id=\"892487\" src=\"http:\/\/hoycordobaweb.com\/wp-content\/uploads\/2024\/08\/la-agencia-cordoba-turismo-presento-el-camino-del-olivo-3.jpg\" alt class=\"wp-image-892487\" srcset=\"http:\/\/hoycordobaweb.com\/wp-content\/uploads\/2024\/08\/la-agencia-cordoba-turismo-presento-el-camino-del-olivo-3.jpg 689w, http:\/\/hoycordobaweb.com\/wp-content\/uploads\/2024\/08\/la-agencia-cordoba-turismo-presento-el-camino-del-olivo-20.jpg 202w, http:\/\/hoycordobaweb.com\/wp-content\/uploads\/2024\/08\/la-agencia-cordoba-turismo-presento-el-camino-del-olivo-21.jpg 768w, http:\/\/hoycordobaweb.com\/wp-content\/uploads\/2024\/08\/la-agencia-cordoba-turismo-presento-el-camino-del-olivo-22.jpg 1033w, http:\/\/hoycordobaweb.com\/wp-content\/uploads\/2024\/08\/la-agencia-cordoba-turismo-presento-el-camino-del-olivo-23.jpg 1377w, http:\/\/hoycordobaweb.com\/wp-content\/uploads\/2024\/08\/la-agencia-cordoba-turismo-presento-el-camino-del-olivo-24.jpg 1721w\" sizes=\"(max-width: 689px) 100vw, 689px\"><\/figure>\n<figure class=\"wp-block-image size-large\"><img loading=\"lazy\" decoding=\"async\" width=\"1024\" height=\"683\" data-id=\"892491\" src=\"http:\/\/hoycordobaweb.com\/wp-content\/uploads\/2024\/08\/la-agencia-cordoba-turismo-presento-el-camino-del-olivo-4.jpg\" alt class=\"wp-image-892491\" srcset=\"http:\/\/hoycordobaweb.com\/wp-content\/uploads\/2024\/08\/la-agencia-cordoba-turismo-presento-el-camino-del-olivo-4.jpg 1024w, http:\/\/hoycordobaweb.com\/wp-content\/uploads\/2024\/08\/la-agencia-cordoba-turismo-presento-el-camino-del-olivo-25.jpg 300w, http:\/\/hoycordobaweb.com\/wp-content\/uploads\/2024\/08\/la-agencia-cordoba-turismo-presento-el-camino-del-olivo-26.jpg 768w, http:\/\/hoycordobaweb.com\/wp-content\/uploads\/2024\/08\/la-agencia-cordoba-turismo-presento-el-camino-del-olivo-27.jpg 1536w, http:\/\/hoycordobaweb.com\/wp-content\/uploads\/2024\/08\/la-agencia-cordoba-turismo-presento-el-camino-del-olivo-28.jpg 2048w\" sizes=\"(max-width: 1024px) 100vw, 1024px\"><\/figure>\n<figure class=\"wp-block-image size-large\"><img loading=\"lazy\" decoding=\"async\" width=\"574\" height=\"1024\" data-id=\"892483\" src=\"http:\/\/hoycordobaweb.com\/wp-content\/uploads\/2024\/08\/la-agencia-cordoba-turismo-presento-el-camino-del-olivo-5.jpg\" alt class=\"wp-image-892483\" srcset=\"http:\/\/hoycordobaweb.com\/wp-content\/uploads\/2024\/08\/la-agencia-cordoba-turismo-presento-el-camino-del-olivo-5.jpg 574w, http:\/\/hoycordobaweb.com\/wp-content\/uploads\/2024\/08\/la-agencia-cordoba-turismo-presento-el-camino-del-olivo-29.jpg 168w, http:\/\/hoycordobaweb.com\/wp-content\/uploads\/2024\/08\/la-agencia-cordoba-turismo-presento-el-camino-del-olivo-30.jpg 768w, http:\/\/hoycordobaweb.com\/wp-content\/uploads\/2024\/08\/la-agencia-cordoba-turismo-presento-el-camino-del-olivo-31.jpg 861w, http:\/\/hoycordobaweb.com\/wp-content\/uploads\/2024\/08\/la-agencia-cordoba-turismo-presento-el-camino-del-olivo-32.jpg 1148w, http:\/\/hoycordobaweb.com\/wp-content\/uploads\/2024\/08\/la-agencia-cordoba-turismo-presento-el-camino-del-olivo-33.jpg 1435w\" sizes=\"(max-width: 574px) 100vw, 574px\"><\/figure>\n<figure class=\"wp-block-image size-large\"><img loading=\"lazy\" decoding=\"async\" width=\"1024\" height=\"683\" data-id=\"892484\" src=\"http:\/\/hoycordobaweb.com\/wp-content\/uploads\/2024\/08\/la-agencia-cordoba-turismo-presento-el-camino-del-olivo-6.jpg\" alt class=\"wp-image-892484\" srcset=\"http:\/\/hoycordobaweb.com\/wp-content\/uploads\/2024\/08\/la-agencia-cordoba-turismo-presento-el-camino-del-olivo-6.jpg 1024w, http:\/\/hoycordobaweb.com\/wp-content\/uploads\/2024\/08\/la-agencia-cordoba-turismo-presento-el-camino-del-olivo-34.jpg 300w, http:\/\/hoycordobaweb.com\/wp-content\/uploads\/2024\/08\/la-agencia-cordoba-turismo-presento-el-camino-del-olivo-35.jpg 768w, http:\/\/hoycordobaweb.com\/wp-content\/uploads\/2024\/08\/la-agencia-cordoba-turismo-presento-el-camino-del-olivo-36.jpg 1536w, http:\/\/hoycordobaweb.com\/wp-content\/uploads\/2024\/08\/la-agencia-cordoba-turismo-presento-el-camino-del-olivo-37.jpg 2048w\" sizes=\"(max-width: 1024px) 100vw, 1024px\"><\/figure>\n<figure class=\"wp-block-image size-large\"><img loading=\"lazy\" decoding=\"async\" width=\"988\" height=\"1024\" data-id=\"892486\" src=\"http:\/\/hoycordobaweb.com\/wp-content\/uploads\/2024\/08\/la-agencia-cordoba-turismo-presento-el-camino-del-olivo-7.jpg\" alt class=\"wp-image-892486\" srcset=\"http:\/\/hoycordobaweb.com\/wp-content\/uploads\/2024\/08\/la-agencia-cordoba-turismo-presento-el-camino-del-olivo-7.jpg 988w, http:\/\/hoycordobaweb.com\/wp-content\/uploads\/2024\/08\/la-agencia-cordoba-turismo-presento-el-camino-del-olivo-38.jpg 289w, http:\/\/hoycordobaweb.com\/wp-content\/uploads\/2024\/08\/la-agencia-cordoba-turismo-presento-el-camino-del-olivo-39.jpg 768w, http:\/\/hoycordobaweb.com\/wp-content\/uploads\/2024\/08\/la-agencia-cordoba-turismo-presento-el-camino-del-olivo-40.jpg 1482w, http:\/\/hoycordobaweb.com\/wp-content\/uploads\/2024\/08\/la-agencia-cordoba-turismo-presento-el-camino-del-olivo-41.jpg 1976w\" sizes=\"(max-width: 988px) 100vw, 988px\"><\/figure>\n<\/figure>\n","protected":false},"excerpt":{"rendered":"<p>La Agencia C\u00f3rdoba Turismo present\u00f3 su nuevo producto tur\u00edstico: El Camino del Olivo. Este fascinante recorrido invita a los visitantes a adentrarse en los pintorescos olivares que adornan las sierras cordobesas, ofreciendo una experiencia \u00fanica en agroturismo. En este marco, el presidente de la Agencia C\u00f3rdoba Turismo, Dario Capitani, destac\u00f3: \u201cHoy nace un nuevo producto [&hellip;]<\/p>\n","protected":false},"author":1,"featured_media":82219,"comment_status":"closed","ping_status":"closed","sticky":false,"template":"","format":"standard","meta":[],"categories":[19],"tags":[],"_links":{"self":[{"href":"http:\/\/hoycordobaweb.com\/index.php\/wp-json\/wp\/v2\/posts\/82218"}],"collection":[{"href":"http:\/\/hoycordobaweb.com\/index.php\/wp-json\/wp\/v2\/posts"}],"about":[{"href":"http:\/\/hoycordobaweb.com\/index.php\/wp-json\/wp\/v2\/types\/post"}],"author":[{"embeddable":true,"href":"http:\/\/hoycordobaweb.com\/index.php\/wp-json\/wp\/v2\/users\/1"}],"replies":[{"embeddable":true,"href":"http:\/\/hoycordobaweb.com\/index.php\/wp-json\/wp\/v2\/comments?post=82218"}],"version-history":[{"count":0,"href":"http:\/\/hoycordobaweb.com\/index.php\/wp-json\/wp\/v2\/posts\/82218\/revisions"}],"wp:featuredmedia":[{"embeddable":true,"href":"http:\/\/hoycordobaweb.com\/index.php\/wp-json\/wp\/v2\/media\/82219"}],"wp:attachment":[{"href":"http:\/\/hoycordobaweb.com\/index.php\/wp-json\/wp\/v2\/media?parent=82218"}],"wp:term":[{"taxonomy":"category","embeddable":true,"href":"http:\/\/hoycordobaweb.com\/index.php\/wp-json\/wp\/v2\/categories?post=82218"},{"taxonomy":"post_tag","embeddable":true,"href":"http:\/\/hoycordobaweb.com\/index.php\/wp-json\/wp\/v2\/tags?post=82218"}],"curies":[{"name":"wp","href":"https:\/\/api.w.org\/{rel}","templated":true}]}}