{"id":82216,"date":"2024-08-26T13:00:28","date_gmt":"2024-08-26T13:00:28","guid":{"rendered":"https:\/\/ambiente.cba.gov.ar\/?p=24218"},"modified":"2024-08-26T13:00:28","modified_gmt":"2024-08-26T13:00:28","slug":"ley-yolanda-el-poder-judicial-de-la-provincia-de-cordoba-se-capacitara-en-materia-ambiental","status":"publish","type":"post","link":"http:\/\/hoycordobaweb.com\/index.php\/2024\/08\/26\/ley-yolanda-el-poder-judicial-de-la-provincia-de-cordoba-se-capacitara-en-materia-ambiental\/","title":{"rendered":"Ley Yolanda: el Poder Judicial de la provincia de C\u00f3rdoba se capacitar\u00e1 en materia ambiental"},"content":{"rendered":"<ul>\n<li><strong>A partir de un convenio firmado entre el Ministerio de Ambiente y Econom\u00eda Circular y el Tribunal Superior de Justicia.<\/strong><\/li>\n<li><strong>La Ley Yolanda plantea la formaci\u00f3n integral en ambiente de las personas involucradas en el dise\u00f1o e implementaci\u00f3n de pol\u00edticas p\u00fablicas<\/strong><\/li>\n<li><strong>Las capacitaciones estar\u00e1n centradas en los ejes de cambio clim\u00e1tico y desarrollo sostenible.<\/strong><\/li>\n<\/ul>\n<p>La ministra de Ambiente y Econom\u00eda Circular, Victoria Flores, firm\u00f3 un convenio con el Presidente del Tribunal Superior de Justicia, Luis Eugenio Angulo, para capacitar a empleados del Poder Judicial de la provincia de C\u00f3rdoba en materia ambiental y desarrollo sostenible.<\/p>\n<p>El acuerdo se establece en el marco de la implementaci\u00f3n de la Ley Yolanda, la cual establece la <strong>capacitaci\u00f3n obligatoria en la tem\u00e1tica de ambiente<\/strong>, para todas las personas que se desempe\u00f1en en la funci\u00f3n p\u00fablica, en todos sus niveles y jerarqu\u00edas y <strong>en los tres poderes del Estado<\/strong>.<\/p>\n<p>A partir de este convenio, se capacitar\u00e1 a toda la planta de personal judicial en contenidos relacionados a pol\u00edticas, instrumentos y derecho ambiental; la protecci\u00f3n de la biodiversidad y las \u00e1reas naturales protegidas; los recursos h\u00eddricos y servicios ecosist\u00e9micos; la econom\u00eda circular, las energ\u00edas renovables y la eficiencia energ\u00e9tica.<\/p>\n<p>La puesta en marcha de la formaci\u00f3n estar\u00e1 a cargo del \u201cPrograma de acceso a la justicia de sectores vulnerables\u201d (AjuV) de investigaci\u00f3n- dependiente de la Oficina de Derechos Humanos y Justicia y en el Centro de Perfeccionamiento Ricardo N\u00fa\u00f1ez, con la asistencia t\u00e9cnica de la cartera ambiental provincial.<\/p>\n<p>La ministra Victoria Flores celebr\u00f3 la firma del convenio y destac\u00f3 que \u201c<em>se trata de un paso fundamental para seguir capacitando y potenciando a los recursos humanos de nuestra provincia, para que todos los agentes y funcionarios p\u00fablicos puedan tomar decisiones informadas con una perspectiva integral de sostenibilidad<\/em>.\u201d<\/p>\n<div id=\"gallery-1\" class=\"gallery galleryid-24218 gallery-columns-2 gallery-size-full\">\n<figure class=\"gallery-item\">\n<div class=\"gallery-icon landscape\"> <a href=\"https:\/\/ambiente.cba.gov.ar\/ley-yolanda-el-poder-judicial-de-la-provincia-de-cordoba-se-capacitara-en-materia-ambiental\/whatsapp-image-2024-08-21-at-11-37-18-am-5\/\"><img width=\"1600\" height=\"1066\" src=\"http:\/\/hoycordobaweb.com\/wp-content\/uploads\/2024\/08\/ley-yolanda-el-poder-judicial-de-la-provincia-de-cordoba-se-capacitara-en-materia-ambiental.jpg\" class=\"attachment-full size-full\" alt loading=\"lazy\"><\/a> <\/div>\n<\/figure>\n<figure class=\"gallery-item\">\n<div class=\"gallery-icon landscape\"> <a href=\"https:\/\/ambiente.cba.gov.ar\/ley-yolanda-el-poder-judicial-de-la-provincia-de-cordoba-se-capacitara-en-materia-ambiental\/whatsapp-image-2024-08-21-at-11-37-18-am-8\/\"><img width=\"1600\" height=\"1066\" src=\"http:\/\/hoycordobaweb.com\/wp-content\/uploads\/2024\/08\/ley-yolanda-el-poder-judicial-de-la-provincia-de-cordoba-se-capacitara-en-materia-ambiental-1.jpg\" class=\"attachment-full size-full\" alt loading=\"lazy\"><\/a> <\/div>\n<\/figure><\/div>\n<p>Durante el acto de la firma del acuerdo, Angulo record\u00f3 que esta ley lleva el nombre de una gran referente argentina en materia ambiental: \u201c<em>Yolanda Ortiz no solo fue la primera mujer en ejercer un cargo p\u00fablico en esta tem\u00e1tica, sino que breg\u00f3 incansablemente por poner de relieve el v\u00ednculo indisoluble entre sociedad y naturaleza desde el paradigma de la complejidad<\/em>\u201d, expres\u00f3.<\/p>\n<p>Adem\u00e1s, el magistrado afirm\u00f3 que \u201c<em>el convenio que hoy firmamos con el Ministerio de Ambiente es un paso firme en el camino desafiante que nos hemos comprometido a lograr: trabajar en pos del equilibrio de nuestros ecosistemas, fortalecer los derechos y garantizar el acceso a justicia en asuntos ambientales<\/em>\u201d.<\/p>\n<p>A partir de hoy est\u00e1 disponible en el campus virtual del Centro de Perfeccionamiento Ricardo C. N\u00fa\u00f1ez la primera edici\u00f3n del curso de capacitaci\u00f3n obligatoria en materia ambiental para el personal judicial.<\/p>\n<p><strong>Ley Yolanda<\/strong><\/p>\n<p>La Ley Yolanda, N\u00b0 27.592, tiene el objetivo de garantizar la formaci\u00f3n integral en ambiente, con perspectiva de desarrollo sostenible y especial \u00e9nfasis en el cambio clim\u00e1tico, para todas las personas que trabajan en los distintos niveles y jerarqu\u00edas del Estado.<\/p>\n<p>Fue sancionada el 17 de noviembre de 2020 y la provincia de C\u00f3rdoba adhiri\u00f3 el 19 de mayo de 2021, estableciendo como autoridad de aplicaci\u00f3n a la Secretar\u00eda de Ambiente.<\/p>\n<p>La norma se denomina as\u00ed en honor a Yolanda Ortiz, ingeniera qu\u00edmica y primera secretaria de Recursos Naturales y Ambiente Humano de la Naci\u00f3n. La funcionaria argentina lider\u00f3 el ingreso de las \u201cpol\u00edticas verdes\u201d en nuestro pa\u00eds y en Latinoam\u00e9rica, al inaugurar un \u00e1rea novedosa: \u201cel cuidado del ambiente por parte del Estado\u201d.<\/p>\n","protected":false},"excerpt":{"rendered":"<p>A partir de un convenio firmado entre el Ministerio de Ambiente y Econom\u00eda Circular y el Tribunal Superior de Justicia. La Ley Yolanda plantea la formaci\u00f3n integral en ambiente de las personas involucradas en el dise\u00f1o e implementaci\u00f3n de pol\u00edticas p\u00fablicas Las capacitaciones estar\u00e1n centradas en los ejes de cambio clim\u00e1tico y desarrollo sostenible. La [&hellip;]<\/p>\n","protected":false},"author":1,"featured_media":82217,"comment_status":"closed","ping_status":"closed","sticky":false,"template":"","format":"standard","meta":[],"categories":[2,19],"tags":[],"_links":{"self":[{"href":"http:\/\/hoycordobaweb.com\/index.php\/wp-json\/wp\/v2\/posts\/82216"}],"collection":[{"href":"http:\/\/hoycordobaweb.com\/index.php\/wp-json\/wp\/v2\/posts"}],"about":[{"href":"http:\/\/hoycordobaweb.com\/index.php\/wp-json\/wp\/v2\/types\/post"}],"author":[{"embeddable":true,"href":"http:\/\/hoycordobaweb.com\/index.php\/wp-json\/wp\/v2\/users\/1"}],"replies":[{"embeddable":true,"href":"http:\/\/hoycordobaweb.com\/index.php\/wp-json\/wp\/v2\/comments?post=82216"}],"version-history":[{"count":0,"href":"http:\/\/hoycordobaweb.com\/index.php\/wp-json\/wp\/v2\/posts\/82216\/revisions"}],"wp:featuredmedia":[{"embeddable":true,"href":"http:\/\/hoycordobaweb.com\/index.php\/wp-json\/wp\/v2\/media\/82217"}],"wp:attachment":[{"href":"http:\/\/hoycordobaweb.com\/index.php\/wp-json\/wp\/v2\/media?parent=82216"}],"wp:term":[{"taxonomy":"category","embeddable":true,"href":"http:\/\/hoycordobaweb.com\/index.php\/wp-json\/wp\/v2\/categories?post=82216"},{"taxonomy":"post_tag","embeddable":true,"href":"http:\/\/hoycordobaweb.com\/index.php\/wp-json\/wp\/v2\/tags?post=82216"}],"curies":[{"name":"wp","href":"https:\/\/api.w.org\/{rel}","templated":true}]}}