{"id":82200,"date":"2024-08-25T22:48:36","date_gmt":"2024-08-25T22:48:36","guid":{"rendered":"https:\/\/www.ole.com.ar\/futbol-internacional\/paulo-dybala-conto-arabia-saudita_0_ZTTAfnTBJC.html"},"modified":"2024-08-25T22:48:36","modified_gmt":"2024-08-25T22:48:36","slug":"paulo-dybala-conto-por-que-no-se-fue-a-arabia-saudita-y-remarco-el-deseo-de-volver-a-la-seleccion","status":"publish","type":"post","link":"http:\/\/hoycordobaweb.com\/index.php\/2024\/08\/25\/paulo-dybala-conto-por-que-no-se-fue-a-arabia-saudita-y-remarco-el-deseo-de-volver-a-la-seleccion\/","title":{"rendered":"Paulo Dybala cont\u00f3 por qu\u00e9 no se fue a Arabia Saudita y remarc\u00f3 el deseo de volver a la Selecci\u00f3n"},"content":{"rendered":"<p><img src=\"http:\/\/hoycordobaweb.com\/wp-content\/uploads\/2024\/08\/paulo-dybala-conto-por-que-no-se-fue-a-arabia-saudita-y-remarco-el-deseo-de-volver-a-la-seleccion.jpg\"><\/p>\n<p><time class=\"createDate\" datetime=\"2024-08-25T19:48:36-03:00\">25\/08\/2024 19:48hs.<\/time><time class=\"modificatedDate\" datetime=\"2024-08-25T20:19:35-03:00\"> Actualizado al 25\/08\/2024 20:19hs.<\/time><\/p>\n<div id=\"storyBody\">\n<div class=\"custom-text \" readability=\"37.968253968254\">\n<p><strong><a href=\"https:\/\/www.ole.com.ar\/tema\/paulo-dybala.html\" title=\"Paulo Dybala\" alt=\"Paulo Dybala\" class=\"slug\">Paulo Dybala<\/a>, estrella de la <a href=\"https:\/\/www.ole.com.ar\/tema\/romario.html\" title=\"Romario\" alt=\"Romario\" class=\"slug\">Roma<\/a><\/strong>, decidi\u00f3 quedarse en el club italiano,<strong> rechazando una oferta de 75 millones de euros del Al-Qadsiah<\/strong>. Y despu\u00e9s de la derrota de la Loba ante Empoli, en el Ol\u00edmpico, la Joya explic\u00f3 que su elecci\u00f3n fue influenciada por factores personales y profesionales m\u00e1s all\u00e1 del dinero.<strong> <\/strong><\/p>\n<\/div>\n<p><h2><strong><em>Dybala, sobre Arabia Saudita: \u00abPuse muchas cosas sobre la mesa\u00bb<\/em><\/strong><\/h2>\n<\/p>\n<div class=\"custom-text \" readability=\"41\">\n<p><strong>\u201cPuse muchas cosas sobre la mesa: mi familia, mi esposa, la ciudad, el equipo y la posibilidad de volver a la Selecci\u00f3n Argentina.<\/strong> Aunque se critica mucho por mis lesiones, me siento bien y estoy comprometido a trabajar duro cada d\u00eda\u00bb, coment\u00f3 el delantero, quien ten\u00eda casi todo arreglado para mudarse a la Saudi Pro League.<\/p>\n<\/div>\n<div class=\"custom-text \" readability=\"42\">\n<p>Adem\u00e1s, Dybala admiti\u00f3 que pens\u00f3 en la gran oferta saudita, pero enfatiz\u00f3 que su felicidad personal y profesional fue lo que pes\u00f3 m\u00e1s en su decisi\u00f3n. \u00ab<strong>No pod\u00e9s ignorar el dinero, pero hay muchas otras cosas a considerar. Mi agente, que es un amigo, tambi\u00e9n valor\u00f3 mi bienestar.<\/strong> No es cierto que \u00e9l iba a ganar una gran comisi\u00f3n por el traspaso. Para \u00e9l, lo m\u00e1s importante era mi felicidad y mi decisi\u00f3n de quedarme en Roma\u00bb, aclar\u00f3.<\/p>\n<\/div>\n<div class=\"custom-text \" readability=\"41\">\n<p><strong>Sobre la reacci\u00f3n del club saudita, Dybala fue cauto y humor\u00edstico: \u201cNo s\u00e9 c\u00f3mo lo tomaron, porque no habl\u00e9 con ellos\u201d<\/strong>. A pesar del atractivo financiero, el delantero subray\u00f3 que su elecci\u00f3n estaba basada en aspectos que iban m\u00e1s all\u00e1 de lo econ\u00f3mico, reafirmando su compromiso con la Roma y su deseo de continuar en el club. Tanto es as\u00ed que se llev\u00f3 flor de elogio de Danielle De Rossi, su entrenador, en la conferencia de prensa previa a la 2\u00aa fecha de la Serie A.<\/p>\n<\/div>\n<div class=\"custom-text \" readability=\"39\">\n<p>La noche en el Estadio Ol\u00edmpico, sin embargo, no fue ideal para Dybala. La Roma sufri\u00f3 una derrota 2-1 ante el Empoli, y el argentino no ocult\u00f3 su descontento. \u201c<strong>No pudimos ejecutar lo que el entrenador nos pidi\u00f3. Cometimos errores t\u00e1cticos y t\u00e9cnicos que fueron demasiado tarde para corregir.<\/strong> Ahora debemos trabajar m\u00e1s y esperar que el mercado de fichajes cierre pronto para definir nuestro equipo para el resto de la temporada\u201d, concluy\u00f3 el cordob\u00e9s.<\/p>\n<\/div>\n<div class=\"sc-e7b891c4-0 jPbnQF\"><img alt=\"Paulo, en su vuelta al Ol\u00edmpico de Roma. (EFE)\" src=\"http:\/\/hoycordobaweb.com\/wp-content\/uploads\/2024\/08\/paulo-dybala-conto-por-que-no-se-fue-a-arabia-saudita-y-remarco-el-deseo-de-volver-a-la-seleccion-2.jpg\" width=\"720\" height=\"100\" decoding=\"async\" data-nimg=\"future\" loading=\"lazy\"><span class=\"epigraphe\">Paulo, en su vuelta al Ol\u00edmpico de Roma. (EFE)<\/span><\/div>\n<p><h2><strong><em>El resumen de Roma &#8211; Empoli, por la Serie A de Italia<\/em><\/strong><\/h2>\n<\/p>\n<div type=\"embed\" class=\"sc-3f46f5ae-0 djVTgz\">\n<div class=\"sc-3f46f5ae-1 fTjZec videoText\" id=\"contentTitleembedaerdImt3\" type=\"embed\"><svg fill=\"#ffffff\"><symbol id=\"play\" viewBox=\"0 0 512 512\"><path d=\"M512 256C512 397.4 397.4 512 256 512C114.6 512 0 397.4 0 256C0 114.6 114.6 0 256 0C397.4 0 512 114.6 512 256zM176 168V344C176 352.7 180.7 360.7 188.3 364.9C195.8 369.2 205.1 369 212.5 364.5L356.5 276.5C363.6 272.1 368 264.4 368 256C368 247.6 363.6 239.9 356.5 235.5L212.5 147.5C205.1 142.1 195.8 142.8 188.3 147.1C180.7 151.3 176 159.3 176 168V168z\" \/><\/symbol><use xlink:href=\"#play\" \/><\/svg><\/p>\n<div class=\"right\">\n<p>la Roma<!-- --> &#8211;<!-- --> <span>&nbsp;<\/span><\/p>\n<h2 class=\"title-vid\">El resumen de Roma-Empoli<\/h2>\n<\/div>\n<\/div>\n<p><span class=\"back\" id=\"spanBackembedaerdImt3\"><\/span><\/div>\n<div class=\"sc-a7166897-0 exHLBh\" readability=\"6\">\n<section readability=\"2\"><picture><img alt=\"Video: el pasillo a los bicampeones de Am\u00e9rica en el Atl\u00e9tico de Madrid\" src=\"http:\/\/hoycordobaweb.com\/wp-content\/uploads\/2024\/08\/paulo-dybala-conto-por-que-no-se-fue-a-arabia-saudita-y-remarco-el-deseo-de-volver-a-la-seleccion-3.jpg\" width=\"290\" height=\"290\" decoding=\"async\" data-nimg=\"future\" loading=\"lazy\"><\/picture>\n<p><span>Mir\u00e1 tambi\u00e9n<\/span><\/p>\n<hr>\n<h3>Video: el pasillo a los bicampeones de Am\u00e9rica en el Atl\u00e9tico de Madrid<\/h3>\n<\/p>\n<\/section>\n<\/div>\n<div class=\"sc-a7166897-0 exHLBh\" readability=\"6\">\n<section readability=\"2\"><picture><img alt=\"Video: Endrick debut\u00f3 con un gol en el Real Madrid y hasta quebr\u00f3 un r\u00e9cord\" src=\"http:\/\/hoycordobaweb.com\/wp-content\/uploads\/2024\/08\/paulo-dybala-conto-por-que-no-se-fue-a-arabia-saudita-y-remarco-el-deseo-de-volver-a-la-seleccion-4.jpg\" width=\"290\" height=\"290\" decoding=\"async\" data-nimg=\"future\" loading=\"lazy\"><\/picture>\n<p><span>Mir\u00e1 tambi\u00e9n<\/span><\/p>\n<hr>\n<h3>Video: Endrick debut\u00f3 con un gol en el Real Madrid y hasta quebr\u00f3 un r\u00e9cord<\/h3>\n<\/p>\n<\/section>\n<\/div>\n<div class=\"sc-a7166897-0 exHLBh\" readability=\"6\">\n<section readability=\"2\"><picture><img alt=\"El Liverpool de Mac Allister meti\u00f3 su segunda victoria al hilo\" src=\"http:\/\/hoycordobaweb.com\/wp-content\/uploads\/2024\/08\/paulo-dybala-conto-por-que-no-se-fue-a-arabia-saudita-y-remarco-el-deseo-de-volver-a-la-seleccion-5.jpg\" width=\"290\" height=\"290\" decoding=\"async\" data-nimg=\"future\" loading=\"lazy\"><\/picture>\n<p><span>Mir\u00e1 tambi\u00e9n<\/span><\/p>\n<hr>\n<h3>El Liverpool de Mac Allister meti\u00f3 su segunda victoria al hilo<\/h3>\n<\/p>\n<\/section>\n<\/div>\n<\/div>\n","protected":false},"excerpt":{"rendered":"<p>25\/08\/2024 19:48hs. Actualizado al 25\/08\/2024 20:19hs. Paulo Dybala, estrella de la Roma, decidi\u00f3 quedarse en el club italiano, rechazando una oferta de 75 millones de euros del Al-Qadsiah. Y despu\u00e9s de la derrota de la Loba ante Empoli, en el Ol\u00edmpico, la Joya explic\u00f3 que su elecci\u00f3n fue influenciada por factores personales y profesionales m\u00e1s [&hellip;]<\/p>\n","protected":false},"author":1,"featured_media":82201,"comment_status":"open","ping_status":"closed","sticky":false,"template":"","format":"standard","meta":[],"categories":[16],"tags":[],"_links":{"self":[{"href":"http:\/\/hoycordobaweb.com\/index.php\/wp-json\/wp\/v2\/posts\/82200"}],"collection":[{"href":"http:\/\/hoycordobaweb.com\/index.php\/wp-json\/wp\/v2\/posts"}],"about":[{"href":"http:\/\/hoycordobaweb.com\/index.php\/wp-json\/wp\/v2\/types\/post"}],"author":[{"embeddable":true,"href":"http:\/\/hoycordobaweb.com\/index.php\/wp-json\/wp\/v2\/users\/1"}],"replies":[{"embeddable":true,"href":"http:\/\/hoycordobaweb.com\/index.php\/wp-json\/wp\/v2\/comments?post=82200"}],"version-history":[{"count":0,"href":"http:\/\/hoycordobaweb.com\/index.php\/wp-json\/wp\/v2\/posts\/82200\/revisions"}],"wp:featuredmedia":[{"embeddable":true,"href":"http:\/\/hoycordobaweb.com\/index.php\/wp-json\/wp\/v2\/media\/82201"}],"wp:attachment":[{"href":"http:\/\/hoycordobaweb.com\/index.php\/wp-json\/wp\/v2\/media?parent=82200"}],"wp:term":[{"taxonomy":"category","embeddable":true,"href":"http:\/\/hoycordobaweb.com\/index.php\/wp-json\/wp\/v2\/categories?post=82200"},{"taxonomy":"post_tag","embeddable":true,"href":"http:\/\/hoycordobaweb.com\/index.php\/wp-json\/wp\/v2\/tags?post=82200"}],"curies":[{"name":"wp","href":"https:\/\/api.w.org\/{rel}","templated":true}]}}