{"id":82144,"date":"2024-08-25T09:30:41","date_gmt":"2024-08-25T09:30:41","guid":{"rendered":"https:\/\/www.ole.com.ar\/futbol-femenino\/mundial-futbol-femenino-argentina-sub-20-colombia-2024_0_WIQPKeABsV.html"},"modified":"2024-08-25T09:30:41","modified_gmt":"2024-08-25T09:30:41","slug":"fue-clave-en-un-gol-de-river-y-ahora-jugara-el-mundial-sub-20","status":"publish","type":"post","link":"http:\/\/hoycordobaweb.com\/index.php\/2024\/08\/25\/fue-clave-en-un-gol-de-river-y-ahora-jugara-el-mundial-sub-20\/","title":{"rendered":"Fue clave en un gol de River y ahora jugar\u00e1 el Mundial Sub 20"},"content":{"rendered":"<p><img src=\"http:\/\/hoycordobaweb.com\/wp-content\/uploads\/2024\/08\/fue-clave-en-un-gol-de-river-y-ahora-jugara-el-mundial-sub-20.jpg\"><\/p>\n<p><time class=\"createDate\" datetime=\"2024-08-25T06:30:41-03:00\">25\/08\/2024 06:30hs.<\/time><\/p>\n<div id=\"storyBody\">\n<div class=\"custom-text \" readability=\"39\">\n<p><strong>La Selecci\u00f3n Argentina Sub 20 de f\u00fatbol femenino hizo historia en mayo al clasificar al Mundial de la categor\u00eda, despu\u00e9s de 12 a\u00f1os sin participar: <\/strong>demostr\u00f3 un gran nivel en el Sudamericano Sub 20 disputado en Ecuador y termin\u00f3 en la cuarta posici\u00f3n con cinco puntos. Y, ahora, se conocieron las 21 convocadas para disputarlo, con un nombre que llam\u00f3 la atenci\u00f3n de varios.<\/p>\n<\/div>\n<div class=\"custom-text \" readability=\"36\">\n<p><strong>La \u00faltima vez que Argentina particip\u00f3 en un Mundial Sub 20 fue en la edici\u00f3n de Jap\u00f3n 2012.<\/strong> Tras una larga espera y mucho sacrificio por parte de las nuevas generaciones de futbolistas,<strong> el pa\u00eds volver\u00e1 a jugar la competencia, que se jugar\u00e1 en Colombia del 31 de agosto al 22 de septiembre.<\/strong><\/p>\n<\/div>\n<div class=\"custom-text \" readability=\"24.191176470588\">\n<p>La convocatoria cuenta con una particularidad: entre sus integrantes se encuentra <strong>Delfina Lombardi<\/strong>, quien en marzo del a\u00f1o pasado <a href=\"https:\/\/www.ole.com.ar\/river-plate\/ball-boys-river-union-nacho_0_Rsd9yMoM32.html\" target=\"_self\" title=\"se volvi\u00f3 viral por su rol clave en un gol de Nacho Fern\u00e1ndez\" alt=\"se volvi\u00f3 viral por su rol clave en un gol de Nacho Fern\u00e1ndez\" rel=\"noopener noreferrer\">se volvi\u00f3 viral por su rol clave en un gol de Nacho Fern\u00e1ndez<\/a> en River.<\/p>\n<\/div>\n<div class=\"custom-text \" readability=\"41\">\n<p>\u00bfC\u00f3mo fue? La juvenil, quien estaba como alcanzapelotas, fue muy r\u00e1pida para pasarle la pelota a De la Cruz tras un despeje de un futbolista de Uni\u00f3n. Al mismo tiempo, Enzo D\u00edaz le reclamaba la pelota a otro alcanzapelotas para sacar el lateral. El inmediato saque del uruguayo encontr\u00f3 la defensa de Uni\u00f3n sin cubrir debidamente los espacios y, de un pase de Paradela, <strong>Nacho Fern\u00e1ndez convierto un golazo<\/strong>, el 1 a 0.<\/p>\n<\/div>\n<div class=\"sc-e7b891c4-0 jPbnQF\"><img alt=\"Delfina, en River-Uni\u00f3n. (Emmanuel Fern\u00e1ndez)\" src=\"http:\/\/hoycordobaweb.com\/wp-content\/uploads\/2024\/08\/fue-clave-en-un-gol-de-river-y-ahora-jugara-el-mundial-sub-20-2.jpg\" width=\"720\" height=\"100\" decoding=\"async\" data-nimg=\"future\" loading=\"lazy\"><span class=\"epigraphe\">Delfina, en River-Uni\u00f3n. (Emmanuel Fern\u00e1ndez)<\/span><\/div>\n<p><h2><strong>Las 21 jugadoras que disputar\u00e1n el Mundial Sub 20<\/strong><\/h2>\n<\/p>\n<div class=\"custom-text \" readability=\"32\">\n<p>1. Paulina Aprile (Rosario Central)<\/p>\n<\/div>\n<div class=\"custom-text \" readability=\"32\">\n<p>2. Camila Duarte (River Plate)<\/p>\n<\/div>\n<div class=\"custom-text \" readability=\"32\">\n<p>3. Milagros Mart\u00edn (Platense)<\/p>\n<\/div>\n<div class=\"custom-text \" readability=\"32\">\n<p>4. Juana Cangaro (River Plate)<\/p>\n<\/div>\n<div class=\"custom-text \" readability=\"32\">\n<p>5. Samantha Weiss (Columbia University)<\/p>\n<\/div>\n<div class=\"custom-text \" readability=\"32\">\n<p>6. Anela Nigito (CSU Bakersfield)<\/p>\n<\/div>\n<div class=\"custom-text \" readability=\"32\">\n<p>7. Delfina Lombardi (Keiser University)<\/p>\n<\/div>\n<div class=\"custom-text \" readability=\"32\">\n<p>8. Sof\u00eda Dom\u00ednguez (River Plate)<\/p>\n<\/div>\n<div class=\"custom-text \" readability=\"32\">\n<p>9. Kishi N\u00fa\u00f1ez (Boca Juniors)<\/p>\n<\/div>\n<div class=\"custom-text \" readability=\"32\">\n<p>10. Francisca Altgelt (River Plate)<\/p>\n<\/div>\n<div class=\"sc-e7b891c4-0 jPbnQF\"><img alt=\"La lista de convocadas para jugar el Mundial de Colombia 2024. (Foto: Prensa AFA).\" src=\"http:\/\/hoycordobaweb.com\/wp-content\/uploads\/2024\/08\/fue-clave-en-un-gol-de-river-y-ahora-jugara-el-mundial-sub-20-3.jpg\" width=\"720\" height=\"100\" decoding=\"async\" data-nimg=\"future\" loading=\"lazy\"><span class=\"epigraphe\">La lista de convocadas para jugar el Mundial de Colombia 2024. (Foto: Prensa AFA).<\/span><\/div>\n<div class=\"custom-text \" readability=\"32\">\n<p>11. Ver\u00f3nica Acu\u00f1a (Banfield)<\/p>\n<\/div>\n<div class=\"custom-text \" readability=\"32\">\n<p>12. Martina Krotter (River Plate)<\/p>\n<\/div>\n<div class=\"custom-text \" readability=\"32\">\n<p>13. Luciana P\u00e9rez (Racing Club)<\/p>\n<\/div>\n<div class=\"custom-text \" readability=\"32\">\n<p>14. Serena Rodr\u00edguez (Racing Club)<\/p>\n<\/div>\n<div class=\"custom-text \" readability=\"32\">\n<p>15. Valentina Tesio (Ferro Carril Oeste)<\/p>\n<\/div>\n<div class=\"custom-text \" readability=\"32\">\n<p>16. Julieta Romero (River Plate)<\/p>\n<\/div>\n<div class=\"custom-text \" readability=\"32\">\n<p>17. Denise Garc\u00eda Rojo (Rayo Vallecano)<\/p>\n<\/div>\n<div class=\"custom-text \" readability=\"32\">\n<p>18. Margarita Gim\u00e9nez (Ferro Carril Oeste)<\/p>\n<\/div>\n<div class=\"custom-text \" readability=\"32\">\n<p>19. Juana Fonseca (San Lorenzo)<\/p>\n<\/div>\n<div class=\"custom-text \" readability=\"32\">\n<p>20. Julieta Mart\u00ednez (Boca Juniors)<\/p>\n<\/div>\n<div class=\"custom-text \" readability=\"32\">\n<p>21. Priscila Siben (Boca Juniors)<\/p>\n<\/div>\n<div class=\"custom-text \">\n<p>DT: Christian Meloni<\/p>\n<\/div>\n<div class=\"sc-e7b891c4-0 jPbnQF\"><img alt=\"Paulina Aprile, Priscila Siben y Martina Krotter, las tres arqueras que viajan a Mundial. (Foto: Prensa AFA).\" src=\"http:\/\/hoycordobaweb.com\/wp-content\/uploads\/2024\/08\/fue-clave-en-un-gol-de-river-y-ahora-jugara-el-mundial-sub-20-4.jpg\" width=\"720\" height=\"100\" decoding=\"async\" data-nimg=\"future\" loading=\"lazy\"><span class=\"epigraphe\">Paulina Aprile, Priscila Siben y Martina Krotter, las tres arqueras que viajan a Mundial. (Foto: Prensa AFA).<\/span><\/div>\n<p><h2><strong>El grupo de Argentina<\/strong><\/h2>\n<\/p>\n<div class=\"custom-text \" readability=\"37\">\n<p><strong>La Selecci\u00f3n integra el Grupo F junto con Corea del Norte, Costa Rica y Pa\u00edses Bajos. Har\u00e1 su debut el lunes 2 de septiembre contra Corea del Norte <\/strong>en el Estadio Pascual Guerrero en Cali a las 19 horas. La segunda jornada ser\u00e1 el jueves 5 frente a Pa\u00edses Bajos en el mismo estadio a las 22 horas. Finalmente, cerrar\u00e1 la fase de grupos contra Costa Rica el domingo 8 de septiembre en el Estadio El Techo en Bogot\u00e1 a las 17 horas.<\/p>\n<\/div>\n<p><h2><strong>\u00bfC\u00f3mo es el formato del Mundial?<\/strong><\/h2>\n<\/p>\n<div class=\"custom-text \" readability=\"39\">\n<p><strong>El certamen contar\u00e1 con 24 equipos divididos en seis grupos de cuatro selecciones cada uno.<\/strong> Los dos mejores de cada grupo, junto con los cuatro mejores terceros, avanzar\u00e1n a los octavos de final. Luego se disputar\u00e1n los cuartos de final, las semifinales, la final y el partido por el tercer puesto.<\/p>\n<\/div>\n<div class=\"custom-text \" readability=\"47\">\n<p>Las selecciones participantes son: Colombia, Australia, Camer\u00fan y M\u00e9xico (Grupo A); Francia, Canad\u00e1, Brasil y Fiji (Grupo B); Espa\u00f1a, Estados Unidos, Paraguay y Marruecos (Grupo C); Alemania, Venezuela, Nigeria y Corea del Sur (Grupo D); Jap\u00f3n, Nueva Zelanda, Ghana y Austria (Grupo E); Corea del Norte, Costa Rica, Pa\u00edses Bajos y Argentina (Grupo F).<\/p>\n<\/div>\n<div class=\"sc-e7b891c4-0 jPbnQF\"><img alt=\"Los grupos del Mundial Sub 20.\" src=\"http:\/\/hoycordobaweb.com\/wp-content\/uploads\/2024\/08\/fue-clave-en-un-gol-de-river-y-ahora-jugara-el-mundial-sub-20-5.jpg\" width=\"720\" height=\"100\" decoding=\"async\" data-nimg=\"future\" loading=\"lazy\"><span class=\"epigraphe\">Los grupos del Mundial Sub 20.<\/span><\/div>\n<div class=\"custom-text \" readability=\"37\">\n<p><strong>Argentina buscar\u00e1 hacer historia y avanzar m\u00e1s all\u00e1 de la fase de grupos, ya que nunca super\u00f3 esta etapa en ediciones anteriores.<\/strong> Hasta el momento, el pa\u00eds solo registra tres participaciones: Rusia 2006, Chile 2008 y Jap\u00f3n 2012.<\/p>\n<\/div>\n<div class=\"sc-a7166897-0 exHLBh\" readability=\"6\">\n<section readability=\"2\"><picture><img alt=\"F\u00fatbol femenino: San Lorenzo lidera la tabla de posiciones del Torneo Clausura\" src=\"http:\/\/hoycordobaweb.com\/wp-content\/uploads\/2024\/08\/fue-clave-en-un-gol-de-river-y-ahora-jugara-el-mundial-sub-20-6.jpg\" width=\"290\" height=\"290\" decoding=\"async\" data-nimg=\"future\" loading=\"lazy\"><\/picture>\n<p><span>Mir\u00e1 tambi\u00e9n<\/span><\/p>\n<hr>\n<h3>F\u00fatbol femenino: San Lorenzo lidera la tabla de posiciones del Torneo Clausura<\/h3>\n<\/p>\n<\/section>\n<\/div>\n<div class=\"sc-a7166897-0 exHLBh\" readability=\"6\">\n<section readability=\"2\"><picture><img alt=\"Ranking FIFA Femenino: la Selecci\u00f3n Argentina conserv\u00f3 su puesto\" src=\"http:\/\/hoycordobaweb.com\/wp-content\/uploads\/2024\/08\/fue-clave-en-un-gol-de-river-y-ahora-jugara-el-mundial-sub-20-7.jpg\" width=\"290\" height=\"290\" decoding=\"async\" data-nimg=\"future\" loading=\"lazy\"><\/picture>\n<p><span>Mir\u00e1 tambi\u00e9n<\/span><\/p>\n<hr>\n<h3>Ranking FIFA Femenino: la Selecci\u00f3n Argentina conserv\u00f3 su puesto<\/h3>\n<\/p>\n<\/section>\n<\/div>\n<div class=\"sc-a7166897-0 exHLBh\" readability=\"6\">\n<section readability=\"2\"><picture><img alt=\"Lleg\u00f3 a Ferro para ser jugadora profesional y nunca le pagaron\" src=\"http:\/\/hoycordobaweb.com\/wp-content\/uploads\/2024\/08\/fue-clave-en-un-gol-de-river-y-ahora-jugara-el-mundial-sub-20-8.jpg\" width=\"290\" height=\"290\" decoding=\"async\" data-nimg=\"future\" loading=\"lazy\"><\/picture>\n<p><span>Mir\u00e1 tambi\u00e9n<\/span><\/p>\n<hr>\n<h3>Lleg\u00f3 a Ferro para ser jugadora profesional y nunca le pagaron<\/h3>\n<\/p>\n<\/section>\n<\/div>\n<\/div>\n","protected":false},"excerpt":{"rendered":"<p>25\/08\/2024 06:30hs. La Selecci\u00f3n Argentina Sub 20 de f\u00fatbol femenino hizo historia en mayo al clasificar al Mundial de la categor\u00eda, despu\u00e9s de 12 a\u00f1os sin participar: demostr\u00f3 un gran nivel en el Sudamericano Sub 20 disputado en Ecuador y termin\u00f3 en la cuarta posici\u00f3n con cinco puntos. Y, ahora, se conocieron las 21 convocadas [&hellip;]<\/p>\n","protected":false},"author":1,"featured_media":82145,"comment_status":"open","ping_status":"closed","sticky":false,"template":"","format":"standard","meta":[],"categories":[16],"tags":[],"_links":{"self":[{"href":"http:\/\/hoycordobaweb.com\/index.php\/wp-json\/wp\/v2\/posts\/82144"}],"collection":[{"href":"http:\/\/hoycordobaweb.com\/index.php\/wp-json\/wp\/v2\/posts"}],"about":[{"href":"http:\/\/hoycordobaweb.com\/index.php\/wp-json\/wp\/v2\/types\/post"}],"author":[{"embeddable":true,"href":"http:\/\/hoycordobaweb.com\/index.php\/wp-json\/wp\/v2\/users\/1"}],"replies":[{"embeddable":true,"href":"http:\/\/hoycordobaweb.com\/index.php\/wp-json\/wp\/v2\/comments?post=82144"}],"version-history":[{"count":0,"href":"http:\/\/hoycordobaweb.com\/index.php\/wp-json\/wp\/v2\/posts\/82144\/revisions"}],"wp:featuredmedia":[{"embeddable":true,"href":"http:\/\/hoycordobaweb.com\/index.php\/wp-json\/wp\/v2\/media\/82145"}],"wp:attachment":[{"href":"http:\/\/hoycordobaweb.com\/index.php\/wp-json\/wp\/v2\/media?parent=82144"}],"wp:term":[{"taxonomy":"category","embeddable":true,"href":"http:\/\/hoycordobaweb.com\/index.php\/wp-json\/wp\/v2\/categories?post=82144"},{"taxonomy":"post_tag","embeddable":true,"href":"http:\/\/hoycordobaweb.com\/index.php\/wp-json\/wp\/v2\/tags?post=82144"}],"curies":[{"name":"wp","href":"https:\/\/api.w.org\/{rel}","templated":true}]}}