{"id":82142,"date":"2024-08-25T09:30:41","date_gmt":"2024-08-25T09:30:41","guid":{"rendered":"https:\/\/www.ole.com.ar\/autos\/f1-formula-1-hoy-vivo-hora-horario-paises-bajos-zandvoort-holanda-ver-tv-online_0_IVgdAhnCgG.html"},"modified":"2024-08-25T09:30:41","modified_gmt":"2024-08-25T09:30:41","slug":"a-que-hora-corre-la-f1-en-paises-bajos-y-como-se-puede-ver-hoy-en-vivo-por-tv-y-online","status":"publish","type":"post","link":"http:\/\/hoycordobaweb.com\/index.php\/2024\/08\/25\/a-que-hora-corre-la-f1-en-paises-bajos-y-como-se-puede-ver-hoy-en-vivo-por-tv-y-online\/","title":{"rendered":"A qu\u00e9 hora corre la F1 en Pa\u00edses Bajos y c\u00f3mo se puede ver hoy, EN VIVO, por TV y online"},"content":{"rendered":"<p><img src=\"http:\/\/hoycordobaweb.com\/wp-content\/uploads\/2024\/08\/a-que-hora-corre-la-f1-en-paises-bajos-y-como-se-puede-ver-hoy-en-vivo-por-tv-y-online.jpg\"><\/p>\n<p><time class=\"createDate\" datetime=\"2024-08-25T06:30:41-03:00\">25\/08\/2024 06:30hs.<\/time><time class=\"modificatedDate\" datetime=\"2024-08-25T06:59:58-03:00\"> Actualizado al 25\/08\/2024 06:59hs.<\/time><\/p>\n<div id=\"storyBody\" readability=\"39.624941286989\" xmlns:xlink=\"http:\/\/www.w3.org\/1999\/xlink\">\n<div class=\"sc-19aa7123-0 eTWyWV\" readability=\"18\">\n<p>Despu\u00e9s de un inaguantable parate de un mes, la <strong>F1 <\/strong>vuelve a la acci\u00f3n en <strong>Pa\u00edses Bajos<\/strong>. El circuito de Zandvoort, hogar de un Max Verstappen (Red Bull) que largar\u00e1 2\u00b0 y buscar\u00e1 llevarse el triunfo frente a su gente, ser\u00e1 el escenario. La carrera se pondr\u00e1 en marcha <strong>a las 10 (horario de Argentina)<\/strong> y ser\u00e1 transmitida por TV, a trav\u00e9s de <strong>Fox Sports<\/strong>, y streaming, en <strong>Disney+<\/strong>. De todos modos, vas a poder seguir la previa, el minuto a minuto y el post en <strong>Ol\u00e9<\/strong>.<\/p>\n<\/div>\n<p><h2><strong>La F1 en Pa\u00edses Bajos, hoy EN VIVO: resumen, videos y m\u00e1s <\/strong><\/h2>\n<\/p>\n<article class=\"sc-2fb8051d-2 bFtITN\" readability=\"1\"><time>25\/08\/2024, <span>07:00<\/span><\/time><\/p>\n<div class=\"groupItems\" id=\"Post0\" readability=\"32\">\n<p><h2><strong>Las posiciones de partida para el GP de Pa\u00edses Bajos<\/strong><\/h2>\n<\/p>\n<div class=\"sc-19aa7123-0 eTWyWV\">\n<ol>\n<li>Lando Norris<\/li>\n<li>Max Verstappen<\/li>\n<li>Oscar Piastri<\/li>\n<li>George Russell<\/li>\n<li>Sergio P\u00e9rez<\/li>\n<li>Charles Leclerc<\/li>\n<li>Fernando Alonso<\/li>\n<li>Lance Stroll<\/li>\n<li>Pierre Gasly<\/li>\n<li>Carlos Sainz<\/li>\n<li>Yuki Tsunoda<\/li>\n<li>Nico Hulkenberg<\/li>\n<li>Kevin Magnussen<\/li>\n<li>Lewis Hamilton<\/li>\n<li>Daniel Ricciardo<\/li>\n<li>Esteban Ocon<\/li>\n<li>Valtteri Bottas<\/li>\n<li>Guanyu Zhou<\/li>\n<li>Logan Sargeant<\/li>\n<li>Alexander Albon<\/li>\n<\/ol>\n<\/div>\n<\/div>\n<\/article>\n<article class=\"sc-2fb8051d-2 kzQHEt\">\n<div class=\"groupItems\" id=\"Post1\">\n<div class=\"sc-e7b891c4-0 jPbnQF\"><img alt=\"El McLaren de Lando Norris partir\u00e1 desde el primer puesto. (AP Photo\/Peter Dejong)\" src=\"http:\/\/hoycordobaweb.com\/wp-content\/uploads\/2024\/08\/a-que-hora-corre-la-f1-en-paises-bajos-y-como-se-puede-ver-hoy-en-vivo-por-tv-y-online-2.jpg\" width=\"720\" height=\"100\" decoding=\"async\" data-nimg=\"future\" loading=\"lazy\"><span class=\"epigraphe\">El McLaren de Lando Norris partir\u00e1 desde el primer puesto. (AP Photo\/Peter Dejong)<\/span><\/div>\n<\/div>\n<\/article>\n<article class=\"sc-2fb8051d-2 kzQHEt\" readability=\"0.91512915129151\"><time>25\/08\/2024, <span>06:30<\/span><\/time><\/p>\n<div class=\"groupItems\" id=\"Post2\" readability=\"32.389523809524\">\n<p><h2><strong>Hubo un descalificado en la clasificaci\u00f3n del s\u00e1bado<\/strong><\/h2>\n<\/p>\n<div class=\"sc-19aa7123-0 eTWyWV\" readability=\"10.558746736292\">\n<p>La clasificaci\u00f3n de la F\u00f3rmula 1 en el Gran Premio de Pa\u00edses Bajos empez\u00f3 en la pista y termin\u00f3 en los escritorios. El que hab\u00eda hecho un grand\u00edsimo m\u00e9rito (para nada menor, considerando que no maneja uno de los autos de punta) y lo perdi\u00f3 todo fue <strong>Alexander Albon<\/strong>, quien fue descalificado por una irregularidad en su Williams. <strong><a href=\"https:\/\/www.ole.com.ar\/autos\/f1-formula-1-piloto-descalificado-clasificacion-paises-bajos-zandvoort-irregularidad-auto-alexander-albon-williams_0_dZtyB5Kkuz.html\" target=\"_self\" title=\"Le\u00e9 la historia completa haciendo click ac\u00e1.\" alt=\"Le\u00e9 la historia completa haciendo click ac\u00e1.\" rel=\"noopener noreferrer\">Le\u00e9 la historia completa haciendo click ac\u00e1.<\/a><\/strong><\/p>\n<\/div>\n<div class=\"sc-e7b891c4-0 jPbnQF\"><img alt=\"En un ratito, Albon pas\u00f3 de un Top 10 a perderlo todo. (AP Photo\/Christian Bruna, Pool)\" src=\"http:\/\/hoycordobaweb.com\/wp-content\/uploads\/2024\/08\/a-que-hora-corre-la-f1-en-paises-bajos-y-como-se-puede-ver-hoy-en-vivo-por-tv-y-online-3.jpg\" width=\"720\" height=\"100\" decoding=\"async\" data-nimg=\"future\" loading=\"lazy\"><span class=\"epigraphe\">En un ratito, Albon pas\u00f3 de un Top 10 a perderlo todo. (AP Photo\/Christian Bruna, Pool)<\/span><\/div>\n<\/div>\n<\/article>\n<article class=\"sc-2fb8051d-2 kzQHEt\" readability=\"1\"><time>25\/08\/2024, <span>06:00<\/span><\/time><\/p>\n<div class=\"groupItems\" id=\"Post3\" readability=\"35.5\">\n<p><h2><strong>Lando Norris fue el capo de la qualy<\/strong><\/h2>\n<\/p>\n<div class=\"sc-19aa7123-0 eTWyWV\" readability=\"12\">\n<p>El piloto de McLaren lider\u00f3 de principio a fin en la tanda cronometrada, hizo la pole position y por lo tanto partir\u00e1 desde la primera posici\u00f3n. Le siguieron <strong>Max Verstappen (Red Bull)<\/strong>, quien buscar\u00e1 conseguir su tercer victoria al hilo en suelo neerland\u00e9s, y <strong>Oscar Piastri (McLaren).<\/strong><\/p>\n<\/div>\n<div class=\"sc-e7b891c4-0 jPbnQF\"><img alt=\"La felicidad de Lando Norris tras la clasificaci\u00f3n. (REUTERS\/Piroschka Van De Wouw)\" src=\"http:\/\/hoycordobaweb.com\/wp-content\/uploads\/2024\/08\/a-que-hora-corre-la-f1-en-paises-bajos-y-como-se-puede-ver-hoy-en-vivo-por-tv-y-online-4.jpg\" width=\"720\" height=\"100\" decoding=\"async\" data-nimg=\"future\" loading=\"lazy\"><span class=\"epigraphe\">La felicidad de Lando Norris tras la clasificaci\u00f3n. (REUTERS\/Piroschka Van De Wouw)<\/span><\/div>\n<\/div>\n<\/article>\n<article class=\"sc-2fb8051d-2 bFtITN\" readability=\"1\"><time>25\/08\/2024, <span>05:30<\/span><\/time><\/p>\n<div class=\"groupItems\" id=\"Post4\" readability=\"35\">\n<p><h2><strong>A qu\u00e9 hora corre la F1 en Pa\u00edses Bajos y d\u00f3nde se puede ver<\/strong><\/h2>\n<\/p>\n<div class=\"sc-19aa7123-0 eTWyWV\" readability=\"11\">\n<p>La carrera se pondr\u00e1 en marcha a las <strong>10hs de Argentina<\/strong> y ser\u00e1 transmitida por TV, a trav\u00e9s de <strong>Fox Sports<\/strong>, y streaming, en <strong>Disney+<\/strong>.<\/p>\n<\/div>\n<\/div>\n<\/article>\n<\/div>\n","protected":false},"excerpt":{"rendered":"<p>25\/08\/2024 06:30hs. Actualizado al 25\/08\/2024 06:59hs. Despu\u00e9s de un inaguantable parate de un mes, la F1 vuelve a la acci\u00f3n en Pa\u00edses Bajos. El circuito de Zandvoort, hogar de un Max Verstappen (Red Bull) que largar\u00e1 2\u00b0 y buscar\u00e1 llevarse el triunfo frente a su gente, ser\u00e1 el escenario. La carrera se pondr\u00e1 en marcha [&hellip;]<\/p>\n","protected":false},"author":1,"featured_media":82143,"comment_status":"open","ping_status":"closed","sticky":false,"template":"","format":"standard","meta":[],"categories":[16],"tags":[],"_links":{"self":[{"href":"http:\/\/hoycordobaweb.com\/index.php\/wp-json\/wp\/v2\/posts\/82142"}],"collection":[{"href":"http:\/\/hoycordobaweb.com\/index.php\/wp-json\/wp\/v2\/posts"}],"about":[{"href":"http:\/\/hoycordobaweb.com\/index.php\/wp-json\/wp\/v2\/types\/post"}],"author":[{"embeddable":true,"href":"http:\/\/hoycordobaweb.com\/index.php\/wp-json\/wp\/v2\/users\/1"}],"replies":[{"embeddable":true,"href":"http:\/\/hoycordobaweb.com\/index.php\/wp-json\/wp\/v2\/comments?post=82142"}],"version-history":[{"count":0,"href":"http:\/\/hoycordobaweb.com\/index.php\/wp-json\/wp\/v2\/posts\/82142\/revisions"}],"wp:featuredmedia":[{"embeddable":true,"href":"http:\/\/hoycordobaweb.com\/index.php\/wp-json\/wp\/v2\/media\/82143"}],"wp:attachment":[{"href":"http:\/\/hoycordobaweb.com\/index.php\/wp-json\/wp\/v2\/media?parent=82142"}],"wp:term":[{"taxonomy":"category","embeddable":true,"href":"http:\/\/hoycordobaweb.com\/index.php\/wp-json\/wp\/v2\/categories?post=82142"},{"taxonomy":"post_tag","embeddable":true,"href":"http:\/\/hoycordobaweb.com\/index.php\/wp-json\/wp\/v2\/tags?post=82142"}],"curies":[{"name":"wp","href":"https:\/\/api.w.org\/{rel}","templated":true}]}}