{"id":82134,"date":"2024-08-23T01:59:00","date_gmt":"2024-08-23T01:59:00","guid":{"rendered":"https:\/\/fm-comunicar.com.ar\/contenido\/22271\/se-realizara-el-segundo-encuentro-del-ciclo-de-charlas-socioambientales-somos-ti"},"modified":"2024-08-23T01:59:00","modified_gmt":"2024-08-23T01:59:00","slug":"se-realizara-el-segundo-encuentro-del-ciclo-de-charlas-socioambientales-somos-tierra-somos-vida","status":"publish","type":"post","link":"http:\/\/hoycordobaweb.com\/index.php\/2024\/08\/23\/se-realizara-el-segundo-encuentro-del-ciclo-de-charlas-socioambientales-somos-tierra-somos-vida\/","title":{"rendered":"Se realizar\u00e1 el segundo encuentro del ciclo de charlas socioambientales \u201cSomos tierra, somos vida\u201d"},"content":{"rendered":"<p>En el marco de la creciente preocupaci\u00f3n por la crisis clim\u00e1tica, cuatro organizaciones ambientalistas contin\u00faan con el ciclo, que tendr\u00e1 la segunda jornada del a\u00f1o con disertaciones sobre ambiente.<img src=\"http:\/\/hoycordobaweb.com\/wp-content\/uploads\/2024\/08\/se-realizara-el-segundo-encuentro-del-ciclo-de-charlas-socioambientales-somos-tierra-somos-vida.jpg\"><\/p>\n","protected":false},"excerpt":{"rendered":"<p>En el marco de la creciente preocupaci\u00f3n por la crisis clim\u00e1tica, cuatro organizaciones ambientalistas contin\u00faan con el ciclo, que tendr\u00e1 la segunda jornada del a\u00f1o con disertaciones sobre ambiente.<\/p>\n","protected":false},"author":1,"featured_media":82135,"comment_status":"closed","ping_status":"closed","sticky":false,"template":"","format":"standard","meta":[],"categories":[18],"tags":[],"_links":{"self":[{"href":"http:\/\/hoycordobaweb.com\/index.php\/wp-json\/wp\/v2\/posts\/82134"}],"collection":[{"href":"http:\/\/hoycordobaweb.com\/index.php\/wp-json\/wp\/v2\/posts"}],"about":[{"href":"http:\/\/hoycordobaweb.com\/index.php\/wp-json\/wp\/v2\/types\/post"}],"author":[{"embeddable":true,"href":"http:\/\/hoycordobaweb.com\/index.php\/wp-json\/wp\/v2\/users\/1"}],"replies":[{"embeddable":true,"href":"http:\/\/hoycordobaweb.com\/index.php\/wp-json\/wp\/v2\/comments?post=82134"}],"version-history":[{"count":0,"href":"http:\/\/hoycordobaweb.com\/index.php\/wp-json\/wp\/v2\/posts\/82134\/revisions"}],"wp:featuredmedia":[{"embeddable":true,"href":"http:\/\/hoycordobaweb.com\/index.php\/wp-json\/wp\/v2\/media\/82135"}],"wp:attachment":[{"href":"http:\/\/hoycordobaweb.com\/index.php\/wp-json\/wp\/v2\/media?parent=82134"}],"wp:term":[{"taxonomy":"category","embeddable":true,"href":"http:\/\/hoycordobaweb.com\/index.php\/wp-json\/wp\/v2\/categories?post=82134"},{"taxonomy":"post_tag","embeddable":true,"href":"http:\/\/hoycordobaweb.com\/index.php\/wp-json\/wp\/v2\/tags?post=82134"}],"curies":[{"name":"wp","href":"https:\/\/api.w.org\/{rel}","templated":true}]}}