{"id":82117,"date":"2024-08-24T19:53:31","date_gmt":"2024-08-24T19:53:31","guid":{"rendered":"https:\/\/www.trendencias.com\/belleza\/bob-mariposa-asi-corte-pelo-a-capas-que-quiere-convertirse-maxima-tendencia-capilar-otono"},"modified":"2024-08-24T19:53:31","modified_gmt":"2024-08-24T19:53:31","slug":"el-bob-mariposa-asi-es-el-corte-de-pelo-a-capas-que-quiere-convertirse-en-la-maxima-tendencia-capilar-del-otono","status":"publish","type":"post","link":"http:\/\/hoycordobaweb.com\/index.php\/2024\/08\/24\/el-bob-mariposa-asi-es-el-corte-de-pelo-a-capas-que-quiere-convertirse-en-la-maxima-tendencia-capilar-del-otono\/","title":{"rendered":"El bob mariposa: as\u00ed es el corte de pelo a capas que quiere convertirse en la m\u00e1xima tendencia capilar del oto\u00f1o"},"content":{"rendered":"<p>Hace ya una temporada se viraliz\u00f3 el<a href=\"https:\/\/www.trendencias.com\/belleza\/12-cortes-pelo-a-capas-que-triunfan-2023\"> corte de pelo mariposa <\/a>donde el capeado corto y desfilado hacia los lados creando ese efecto como de alas de mariposa era el must, pero principalmente en cabellos largos a los que luego se a\u00f1ad\u00edan las capas y daban un efecto incre\u00edble.<\/p>\n<p><!-- BREAK 1 --> <\/p>\n<p>Pues bien, este a\u00f1o, este efecto viene tambi\u00e9n a triunfar entre los cabellos m\u00e1s cortos, entre los bob, lo que lo convierte en una forma excepcional de <strong>cambiar de look<\/strong> y dar un giro a nuestro cabello consiguiendo m\u00e1s volumen y un estilo muy actual.<\/p>\n<p><!-- BREAK 2 --><\/p>\n<div class=\"article-asset article-asset-normal article-asset-center\">\n<div class=\"desvio-container\">\n<div class=\"desvio\">\n<div class=\"desvio-figure js-desvio-figure\"> <a href=\"https:\/\/www.trendencias.com\/belleza\/tres-cortes-pelo-que-expertos-no-recomiendan-porque-envejecen-1\"> <img loading=\"lazy\" alt=\"Tres cortes de pelo que los expertos no recomiendan porque envejecen \" width=\"375\" height=\"142\" src=\"http:\/\/hoycordobaweb.com\/wp-content\/uploads\/2024\/08\/el-bob-mariposa-asi-es-el-corte-de-pelo-a-capas-que-quiere-convertirse-en-la-maxima-tendencia-capilar-del-otono.jpg\"> <\/a> <\/div><\/div><\/div>\n<\/div>\n<p>El corte butterfly se trata de un degradado exagerado proviene en particular de las tendencias de los a\u00f1os 90-2000, sobre todo del famoso <a href=\"https:\/\/www.trendencias.com\/belleza\/47-peinados-cortes-pelo-rachel-friends-que-podrias-seguir-llevando-25-anos-despues-que-se-siguen-llevando\">corte de pelo Rachel<\/a> de Friends.&nbsp;<\/p>\n<p><!-- BREAK 3 --> <\/p>\n<p>El caso es que cuando se mezcla con el bob, el resultado es incre\u00edble y profesionales como Gianni Coppa, peluquero y fundador del <a rel=\"noopener, noreferrer\" href=\"https:\/\/rfactory-paris.com\/\">Sal\u00f3n R Factory Paris <\/a>lo define como \u201c<em>un corte de pelo &nbsp;cuadrado a la altura debajo de las orejas o debajo de la barbilla, que oscila entre encima del hombro y la oreja, en definitiva. Dependiendo del grosor del cabello, quedar\u00e1 m\u00e1s o menos voluminoso\u00bb. <\/em>Pero adem\u00e1s, comenta que con tantas capas \u00ab<em>puede acentuarse m\u00e1s o menos los contornos seg\u00fan la forma del rostro<\/em>\u201d.&nbsp;<\/p>\n<p><!-- BREAK 4 --> <\/p>\n<p>Se trata, por tanto de un corte que aporta forma, textura y volumen y es <strong>el corte de pelo ideal para quienes tienden a tener el cabello fino y liso.<\/strong> En definitiva y como dice el experto, es un corte que <strong>le sienta bien a todo el mundo<\/strong> y que requiere un poco de peinado ya que quedar\u00e1 perfecto con muy poco esfuerzo y un mantenimiento cada dos meses o as\u00ed.&nbsp;<\/p>\n<p><!-- BREAK 5 --> <\/p>\n<p>Eso s\u00ed, como apuntan, queda genial con un <a href=\"https:\/\/www.trendencias.com\/belleza\/como-llevar-flequillo-cortina-13-ideas-consejos-para-cortarlo-peinarlo\">flequillo cortina <\/a>que es lo que dar\u00e1 toda la intensidad a la parte frontal del cabello y que luego nos da la posibilidad de jugar con \u00e9l lade\u00e1ndolo, por ejemplo, ganando en versatilidad, pero siempre sin perder volumen.&nbsp;<\/p>\n<p><!-- BREAK 6 --> <\/p>\n<p>&nbsp;Fotos | gtres<\/p>\n<p>En Trendencias | <a href=\"https:\/\/www.trendencias.com\/belleza\/13-cortes-pelo-corto-que-seran-tendencia-2024\">17 cortes de pelo corto para mujer que son tendencia en 2024<\/a><br \/>En Trendencias | <a href=\"https:\/\/www.trendencias.com\/belleza\/todo-alisado-brasileno-que-como-se-hace-cuanto-dura\">Todo sobre el alisado brasile\u00f1o: qu\u00e9 es, c\u00f3mo se hace y cu\u00e1nto dura<\/a><\/p>\n<p><!-- BREAK 7 --><\/p>\n<p>En Trendencias | <a href=\"https:\/\/www.trendencias.com\/belleza\/planchas-para-alisar-pelo-cual-mejor-comprar-consejos-recomendaciones-4\">Planchas para alisar el pelo: \u00bfcu\u00e1l es mejor comprar? Consejos y recomendaciones<\/a><\/p>\n","protected":false},"excerpt":{"rendered":"<p>Hace ya una temporada se viraliz\u00f3 el corte de pelo mariposa donde el capeado corto y desfilado hacia los lados creando ese efecto como de alas de mariposa era el must, pero principalmente en cabellos largos a los que luego se a\u00f1ad\u00edan las capas y daban un efecto incre\u00edble. Pues bien, este a\u00f1o, este efecto [&hellip;]<\/p>\n","protected":false},"author":1,"featured_media":82118,"comment_status":"closed","ping_status":"closed","sticky":false,"template":"","format":"standard","meta":[],"categories":[],"tags":[],"_links":{"self":[{"href":"http:\/\/hoycordobaweb.com\/index.php\/wp-json\/wp\/v2\/posts\/82117"}],"collection":[{"href":"http:\/\/hoycordobaweb.com\/index.php\/wp-json\/wp\/v2\/posts"}],"about":[{"href":"http:\/\/hoycordobaweb.com\/index.php\/wp-json\/wp\/v2\/types\/post"}],"author":[{"embeddable":true,"href":"http:\/\/hoycordobaweb.com\/index.php\/wp-json\/wp\/v2\/users\/1"}],"replies":[{"embeddable":true,"href":"http:\/\/hoycordobaweb.com\/index.php\/wp-json\/wp\/v2\/comments?post=82117"}],"version-history":[{"count":0,"href":"http:\/\/hoycordobaweb.com\/index.php\/wp-json\/wp\/v2\/posts\/82117\/revisions"}],"wp:featuredmedia":[{"embeddable":true,"href":"http:\/\/hoycordobaweb.com\/index.php\/wp-json\/wp\/v2\/media\/82118"}],"wp:attachment":[{"href":"http:\/\/hoycordobaweb.com\/index.php\/wp-json\/wp\/v2\/media?parent=82117"}],"wp:term":[{"taxonomy":"category","embeddable":true,"href":"http:\/\/hoycordobaweb.com\/index.php\/wp-json\/wp\/v2\/categories?post=82117"},{"taxonomy":"post_tag","embeddable":true,"href":"http:\/\/hoycordobaweb.com\/index.php\/wp-json\/wp\/v2\/tags?post=82117"}],"curies":[{"name":"wp","href":"https:\/\/api.w.org\/{rel}","templated":true}]}}