{"id":82064,"date":"2024-08-23T09:36:00","date_gmt":"2024-08-23T09:36:00","guid":{"rendered":"http:\/\/hoycordobaweb.com\/index.php\/2024\/08\/23\/cordoba-como-inscribirse-para-conseguir-uno-de-los-10-mil-puestos-de-trabajo-para-mayores-de-26-anos\/"},"modified":"2024-08-23T09:36:00","modified_gmt":"2024-08-23T09:36:00","slug":"cordoba-como-inscribirse-para-conseguir-uno-de-los-10-mil-puestos-de-trabajo-para-mayores-de-26-anos","status":"publish","type":"post","link":"http:\/\/hoycordobaweb.com\/index.php\/2024\/08\/23\/cordoba-como-inscribirse-para-conseguir-uno-de-los-10-mil-puestos-de-trabajo-para-mayores-de-26-anos\/","title":{"rendered":"C\u00f3rdoba: c\u00f3mo inscribirse para conseguir uno de los 10 mil puestos de trabajo para mayores de 26 a\u00f1os"},"content":{"rendered":"<div class=\"media_block\"><\/div>\n<p>El gobernador <strong>Mart\u00edn Llaryora<\/strong> lanz\u00f3 este lunes el programa <strong>Empleo +26<\/strong>, que impulsa la creaci\u00f3n de 10 mil puestos de trabajo en el sector privado de C\u00f3rdoba.<\/p>\n<p><img alt=\"Mart\u00edn Llaryora - Empleo +26\" src=\"http:\/\/hoycordobaweb.com\/wp-content\/uploads\/2024\/08\/cordoba-como-inscribirse-para-conseguir-uno-de-los-10-mil-puestos-de-trabajo-para-mayores-de-26-anos-1.jpg\" loading=\"lazy\"><\/p>\n<p>La medida apunta a <strong>personas mayores de 26 a\u00f1os<\/strong>, <strong>con prioridad inmediata para quienes superen los 45 a\u00f1os<\/strong> <strong>o vivan en la regi\u00f3n del noroeste o los departamentos Roque S\u00e1enz Pe\u00f1a y General Roca.<\/strong><\/p>\n<p class=\"destacadoNota\"><a target=\"_blank\" href=\"https:\/\/www.perfil.com\/noticias\/cordoba\/empleo-26-todo-lo-que-necesitas-saber-para-acceder-a-unos-de-los-10000-puestos-de-trabajo-en-el-sector-privado.phtml\" rel=\"noopener noreferrer\">\u00abEmpleo +26\u00bb: Todo lo que necesitas saber para acceder a unos de los 10.000 puestos de trabajo en el sector privado<\/a><\/p>\n<h3>Modalidades<\/h3>\n<h2>Contrato por Tiempo Indeterminado<\/h2>\n<p>El cupo es de 6.000 beneficiarios y el ingreso es directo hasta agotar cupo.<\/p>\n<h2>Entrenamiento laboral<\/h2>\n<p>El cupo es de 4.000 beneficiarios, quienes realizar\u00e1n una pr\u00e1ctica laboral en empresas del sector privado de 20 horas semanales durante 6 meses. En el caso de superarse el cupo, se realizar\u00e1 un sorteo por Loter\u00eda de C\u00f3rdoba.<\/p>\n<h2>Cronograma<\/h2>\n<ul readability=\"2\">\n<li readability=\"-1\">\n<p>Per\u00edodo de inscripci\u00f3n: 19 de agosto al 16 de septiembre 2024<\/p>\n<\/li>\n<li readability=\"-1\">\n<p>Revisi\u00f3n y cruces de bases de datos: 17 al 4 de octubre 2024<\/p>\n<\/li>\n<li readability=\"-1\">\n<p>Sorteo en Loter\u00eda de C\u00f3rdoba: 7 de octubre 2024<\/p>\n<\/li>\n<li readability=\"-1\">\n<p>Publicaci\u00f3n de beneficiarios: 9 de octubre 2024<\/p>\n<\/li>\n<li readability=\"-1\">\n<p>Inicio de la capacitaci\u00f3n y pr\u00e1ctica laboral: 14 de octubre 2024<\/p>\n<\/li>\n<\/ul>\n<h2>\u00bfQui\u00e9nes pueden participar?<\/h2>\n<h2>\u00bfCu\u00e1l es la asignaci\u00f3n est\u00edmulo en entrenamiento?<\/h2>\n<h2>\u00bfCu\u00e1l es la remuneraci\u00f3n en cti?<\/h2>\n<h2>C\u00f3mo inscribirse<\/h2>\n<p>1. En el <strong>Formulario \u00danico de Postulantes a trav\u00e9s de CiDi<\/strong> deben cargarse todos los datos requeridos. <strong>Una vez completado <\/strong><strong>el formulario <\/strong><strong>ser\u00e1n derivados a la p\u00e1gina web<\/strong>.<\/p>\n<p>2. En la <strong>secci\u00f3n Postulantes<\/strong> deben revisarse los datos cargados y en <strong>P<\/strong><strong>erfil laboral<\/strong> deben agregarse los puestos laborales a los que aspiran. Por ejemplo: Atenci\u00f3n al cliente.<\/p>\n<p>3. <strong>Si una empresa los selecciona con su CUIL, deber\u00e1n aceptar para vincularse<\/strong>. <strong>En caso de no ser seleccionado por alguna empresa, la Oficina de Intermediaci\u00f3n Laboral intervendr\u00e1 para facilitar la vinculaci\u00f3n<\/strong>.<\/p>\n<p class=\"destacadoNota\"><a target=\"_blank\" href=\"https:\/\/www.perfil.com\/noticias\/cordoba\/pami-ajusta-la-cobertura-de-medicamentos-nuevas-tarifas-y-beneficios-actualizados.phtml\" rel=\"noopener noreferrer\">PAMI ajusta la cobertura de medicamentos: Nuevas tarifas y beneficios actualizados<\/a><\/p>\n<p>Para aquellos que son del interior pueden acercarse al CEDER m\u00e1s cercano (<a target=\"_blank\" href=\"https:\/\/desarrolloyempleo.cba.gov.ar\/wp-content\/uploads\/2024\/06\/Ceder.pdf\" rel=\"noopener noreferrer\">Ver lista completa de CEDER<\/a>) para recibir asesoramiento sobre el tr\u00e1mite de inscripci\u00f3n y c\u00f3mo hacerlo.<br \/>&nbsp;<\/p>\n<p>Fuente: <em>Gobierno de C\u00f3rdoba.<\/em><\/p>\n<div class=\"article__tags\">\n<p>En esta Nota<\/p>\n<\/p><\/div>\n","protected":false},"excerpt":{"rendered":"<p>El gobernador Mart\u00edn Llaryora lanz\u00f3 este lunes el programa Empleo +26, que impulsa la creaci\u00f3n de 10 mil puestos de trabajo en el sector privado de C\u00f3rdoba. La medida apunta a personas mayores de 26 a\u00f1os, con prioridad inmediata para quienes superen los 45 a\u00f1os o vivan en la regi\u00f3n del noroeste o los departamentos [&hellip;]<\/p>\n","protected":false},"author":1,"featured_media":82065,"comment_status":"closed","ping_status":"closed","sticky":false,"template":"","format":"standard","meta":[],"categories":[19],"tags":[],"_links":{"self":[{"href":"http:\/\/hoycordobaweb.com\/index.php\/wp-json\/wp\/v2\/posts\/82064"}],"collection":[{"href":"http:\/\/hoycordobaweb.com\/index.php\/wp-json\/wp\/v2\/posts"}],"about":[{"href":"http:\/\/hoycordobaweb.com\/index.php\/wp-json\/wp\/v2\/types\/post"}],"author":[{"embeddable":true,"href":"http:\/\/hoycordobaweb.com\/index.php\/wp-json\/wp\/v2\/users\/1"}],"replies":[{"embeddable":true,"href":"http:\/\/hoycordobaweb.com\/index.php\/wp-json\/wp\/v2\/comments?post=82064"}],"version-history":[{"count":0,"href":"http:\/\/hoycordobaweb.com\/index.php\/wp-json\/wp\/v2\/posts\/82064\/revisions"}],"wp:featuredmedia":[{"embeddable":true,"href":"http:\/\/hoycordobaweb.com\/index.php\/wp-json\/wp\/v2\/media\/82065"}],"wp:attachment":[{"href":"http:\/\/hoycordobaweb.com\/index.php\/wp-json\/wp\/v2\/media?parent=82064"}],"wp:term":[{"taxonomy":"category","embeddable":true,"href":"http:\/\/hoycordobaweb.com\/index.php\/wp-json\/wp\/v2\/categories?post=82064"},{"taxonomy":"post_tag","embeddable":true,"href":"http:\/\/hoycordobaweb.com\/index.php\/wp-json\/wp\/v2\/tags?post=82064"}],"curies":[{"name":"wp","href":"https:\/\/api.w.org\/{rel}","templated":true}]}}