{"id":8205,"date":"2020-12-23T22:55:52","date_gmt":"2020-12-23T22:55:52","guid":{"rendered":"https:\/\/www.ole.com.ar\/estudiantes\/leandro-chavo-desabato-renuncia-estudiantes_0_arrXxfh22.html"},"modified":"2020-12-23T22:55:52","modified_gmt":"2020-12-23T22:55:52","slug":"renuncio-leandro-desabato-y-pego-no-me-gustaron-las-formas","status":"publish","type":"post","link":"http:\/\/hoycordobaweb.com\/index.php\/2020\/12\/23\/renuncio-leandro-desabato-y-pego-no-me-gustaron-las-formas\/","title":{"rendered":"Renunci\u00f3 Leandro Des\u00e1bato y peg\u00f3: \u00abNo me gustaron las formas\u00bb"},"content":{"rendered":"<p><img src=\"http:\/\/hoycordobaweb.com\/wp-content\/uploads\/2020\/12\/renuncio-leandro-desabato-y-pego-no-me-gustaron-las-formas.jpg\"><\/p>\n<div><img src=\"http:\/\/hoycordobaweb.com\/wp-content\/uploads\/2020\/12\/renuncio-leandro-desabato-y-pego-no-me-gustaron-las-formas.jpg\" class=\"ff-og-image-inserted\"><\/div>\n<p><strong><a alt=\"leandro-desabato\" class=\"slug\" href=\"https:\/\/www.ole.com.ar\/tema\/leandro-desabato.html\" target=\"_blank\" title=\"leandro-desabato\" rel=\"noopener noreferrer\">Leandro Des\u00e1bato<\/a><\/strong> dej\u00f3 de ser el t\u00e9cnico de <strong><a alt=\"estudiantes-lp\" class=\"slug\" href=\"https:\/\/www.ole.com.ar\/tema\/estudiantes-lp.html\" target=\"_blank\" title=\"estudiantes-lp\" rel=\"noopener noreferrer\">Estudiantes<\/a><\/strong> luego de <a href=\"https:\/\/www.ole.com.ar\/futbol-primera\/defensa-justicia-estudiantes_0_lalytzusp.html\" target=\"_blank\" rel=\"noopener noreferrer\"><strong>la derrota frente a Defensa y Justicia<\/strong><\/a>. El Chavo dirigi\u00f3 su \u00faltimo partido en Varela y luego le comunic\u00f3 a la dirigencia que no seguir\u00eda en el cargo como entrenador del Pincha.<\/p>\n<p>\u00abComo ya se sab\u00eda era mi \u00faltimo partido en Estudiantes, la verdad que dolido, porque ten\u00edamos la ilusi\u00f3n de tener un mejor arranque. Es dif\u00edcil a veces de explicar, porque <u>los resultados no se dieron. El equipo compite bien pero no tenemos esa cuotita de suerte<\/u>\u00ab, explic\u00f3 Des\u00e1bato en su \u00faltima conferencia.<\/p>\n<p>La pandemia fue parte del proceso del Chavo y lo que, a su vez, modificaron las planificaciones y tambi\u00e9n el plantel, porque la idea principal no termin\u00f3 siendo la misma cuando arranc\u00f3 el f\u00fatbol muchos meses despu\u00e9s.<\/p>\n<p>\u00ab<strong>Cuando arranco&nbsp;en marzo en Estudiantes, todos ten\u00edamos la ilusi\u00f3n de construir un equipo con muchos j\u00f3venes y con Marcos Rojo, Nahuel Est\u00e9vez, la Gata Fern\u00e1ndez, Retegui, Mascherano. Ese extra que despu\u00e9s de la pandemia qued\u00f3 en nada<\/strong>. Se fueron por diferentes motivos y encaramos esto en consenso con la dirigencia, apostar a los pibes porque era un torneo sin promedio\u00bb, coment\u00f3 el ex entrenador del Pincha que dirigi\u00f3 10 partidos y no obtuvo ning\u00fan triunfo.&nbsp;<\/p>\n<p>Eso s\u00ed, <strong>a Des\u00e1bato no le gust\u00f3 la manera en que se manejaron las negociaciones de los directivos<\/strong> encabezados por <strong><a alt=\"juan-sebastian-veron\" class=\"slug\" href=\"https:\/\/www.ole.com.ar\/tema\/juan-sebastian-veron.html\" target=\"_blank\" title=\"juan-sebastian-veron\" rel=\"noopener noreferrer\">Juan Sebasti\u00e1n Ver\u00f3n<\/a><\/strong> con <strong><a alt=\"ricardo-zielinski\" class=\"slug\" href=\"https:\/\/www.ole.com.ar\/tema\/ricardo-zielinski.html\" target=\"_blank\" title=\"ricardo-zielinski\" rel=\"noopener noreferrer\">Ricardo Zielinski<\/a><\/strong>, quien se perfila como pr\u00f3xima t\u00e9cnico de Estudiantes. \u00abDespu\u00e9s del partido de Racing me entero que hab\u00edan hablado con otro t\u00e9cnico y eso excede a muchas cosas, ya sea en lo deportivo y me afecta un poco lo personal. <strong>Las formas no me gustaron. Estoy sentado ac\u00e1 por respeto a la instituci\u00f3n y a los jugadores<\/strong>, porque con el Chapu (Bra\u00f1a) decidimos que era importante, pero las formas no me gustaron\u00bb, tir\u00f3<\/p>\n<p><strong>Pablo Quatrocchi, t\u00e9cnico de la Reserva, se har\u00e1 carga del plantel<\/strong> profesional por lo que resta del torneo. <strong>La firma del Ruso est\u00e1 al caer.<\/strong><\/p>\n<div class=\"entry-tags\">\n<h2>TEMAS QUE APARECEN EN ESTA NOTA<\/h2>\n<\/p><\/div>\n","protected":false},"excerpt":{"rendered":"<p>Leandro Des\u00e1bato dej\u00f3 de ser el t\u00e9cnico de Estudiantes luego de la derrota frente a Defensa y Justicia. El Chavo dirigi\u00f3 su \u00faltimo partido en Varela y luego le comunic\u00f3 a la dirigencia que no seguir\u00eda en el cargo como entrenador del Pincha. \u00abComo ya se sab\u00eda era mi \u00faltimo partido en Estudiantes, la verdad [&hellip;]<\/p>\n","protected":false},"author":1,"featured_media":8206,"comment_status":"open","ping_status":"closed","sticky":false,"template":"","format":"standard","meta":[],"categories":[16],"tags":[],"_links":{"self":[{"href":"http:\/\/hoycordobaweb.com\/index.php\/wp-json\/wp\/v2\/posts\/8205"}],"collection":[{"href":"http:\/\/hoycordobaweb.com\/index.php\/wp-json\/wp\/v2\/posts"}],"about":[{"href":"http:\/\/hoycordobaweb.com\/index.php\/wp-json\/wp\/v2\/types\/post"}],"author":[{"embeddable":true,"href":"http:\/\/hoycordobaweb.com\/index.php\/wp-json\/wp\/v2\/users\/1"}],"replies":[{"embeddable":true,"href":"http:\/\/hoycordobaweb.com\/index.php\/wp-json\/wp\/v2\/comments?post=8205"}],"version-history":[{"count":0,"href":"http:\/\/hoycordobaweb.com\/index.php\/wp-json\/wp\/v2\/posts\/8205\/revisions"}],"wp:featuredmedia":[{"embeddable":true,"href":"http:\/\/hoycordobaweb.com\/index.php\/wp-json\/wp\/v2\/media\/8206"}],"wp:attachment":[{"href":"http:\/\/hoycordobaweb.com\/index.php\/wp-json\/wp\/v2\/media?parent=8205"}],"wp:term":[{"taxonomy":"category","embeddable":true,"href":"http:\/\/hoycordobaweb.com\/index.php\/wp-json\/wp\/v2\/categories?post=8205"},{"taxonomy":"post_tag","embeddable":true,"href":"http:\/\/hoycordobaweb.com\/index.php\/wp-json\/wp\/v2\/tags?post=8205"}],"curies":[{"name":"wp","href":"https:\/\/api.w.org\/{rel}","templated":true}]}}