{"id":82017,"date":"2024-08-22T03:01:54","date_gmt":"2024-08-22T03:01:54","guid":{"rendered":"https:\/\/www.ole.com.ar\/river-plate\/bandera-especial-gallardo-estrenaron-hinchas-river-dejamos-creer_0_ZKP7hOObch.html"},"modified":"2024-08-22T03:01:54","modified_gmt":"2024-08-22T03:01:54","slug":"la-bandera-especial-para-gallardo-que-estrenaron-los-hinchas-de-river-nunca-dejamos-de-creer","status":"publish","type":"post","link":"http:\/\/hoycordobaweb.com\/index.php\/2024\/08\/22\/la-bandera-especial-para-gallardo-que-estrenaron-los-hinchas-de-river-nunca-dejamos-de-creer\/","title":{"rendered":"La bandera especial para Gallardo que estrenaron los hinchas de River: \u00abNunca dejamos de creer\u00bb"},"content":{"rendered":"<p><img src=\"http:\/\/hoycordobaweb.com\/wp-content\/uploads\/2024\/08\/la-bandera-especial-para-gallardo-que-estrenaron-los-hinchas-de-river-nunca-dejamos-de-creer.jpg\"><\/p>\n<p><time class=\"createDate\" datetime=\"2024-08-22T00:01:54-03:00\">22\/08\/2024 00:01hs.<\/time><\/p>\n<div id=\"storyBody\">\n<div class=\"custom-text \" readability=\"31.815286624204\">\n<p>N\u00fa\u00f1ez est\u00e1 de fiesta. <a href=\"https:\/\/www.ole.com.ar\/futbol-internacional\/libertadores\/river-talleres-octavos-final-copa-libertadores-hora-tv-ver-formaciones-resultado_0_CJqwc0CH1m.html\" title=\"River venci\u00f3 2-1 a Talleres\" alt=\"River venci\u00f3 2-1 a Talleres\">River venci\u00f3 2-1 a Talleres<\/a> (3-1 el global) y avanz\u00f3 a los cuartos de final de la Copa Libertadores, instancia en la que chocar\u00e1 con el Colo Colo de Almir\u00f3n. Durante el partido, <strong>en el Monumental tuvo su estreno una bandera muy especial dedicada a <a href=\"https:\/\/www.ole.com.ar\/tema\/marcelo-gallardo.html\" target=\"_blank\" title=\"Marcelo Gallardo\" alt=\"Marcelo Gallardo\" class=\"slug\" rel=\"noopener noreferrer\">Marcelo Gallardo<\/a> <\/strong>y su cuerpo t\u00e9cnico.<\/p>\n<\/div>\n<div class=\"custom-text \" readability=\"39\">\n<p>En la tribuna S\u00edvori, cuando levantaron la camiseta gigante que se despliega en el recibimiento del equipo, otro trapo de menor envergadura llam\u00f3 la atenci\u00f3n. En el mismo aparecen el Mu\u00f1eco y sus dos ayudantes de campo, Mat\u00edas Biscay y Hern\u00e1n Buj\u00e1n, con una frase que refiere a lo que hab\u00eda dicho Gallardo en su primer ciclo: <strong>\u00abNunca dejamos de creer\u00bb. <\/strong><\/p>\n<\/div>\n<div class=\"custom-text \" readability=\"36\">\n<p>La gente de River est\u00e1 m\u00e1s ilusionada que nunca desde el regreso de MG al banco. Adem\u00e1s, el equipo se potenci\u00f3 mucho en el mercado de pases con nombres importantes. <strong>La gente cree en la quinta Libertadores, porque tiene con qu\u00e9 creer.<\/strong><\/p>\n<\/div>\n<p><h3>La bandera que estrenaron los hinchas de River<\/h3>\n<\/p>\n<div class=\"custom-embedhtml\" readability=\"7.71875\">\n<blockquote class=\"twitter-tweet\" readability=\"9.4340277777778\">\n<p lang=\"es\" dir=\"ltr\">\u00abNUNCA DEJAMOS DE CREER\u00bb, la bandera que desplegaron los hinchas de River en alusi\u00f3n a Gallardo \u26aa\ud83d\udd34<\/p>\n<p>\u25b6\ufe0f Tras la victoria ante Talleres, simpatizantes del Millo mostraron un trapo con la famosa frase del Mu\u00f1eco <a href=\"https:\/\/t.co\/mz12PI8euY\">pic.twitter.com\/mz12PI8euY<\/a><\/p>\n<p>\u2014 Diario Ol\u00e9 (@DiarioOle) <a href=\"https:\/\/twitter.com\/DiarioOle\/status\/1826447929961578798?ref_src=twsrc%5Etfw\">August 22, 2024<\/a><\/p><\/blockquote><\/div>\n<p><h2>River le gan\u00f3 2-1 a Talleres<\/h2>\n<\/p>\n<div type=\"embed\" class=\"sc-3f46f5ae-0 djVTgz\">\n<div class=\"sc-3f46f5ae-1 fTjZec videoText\" id=\"contentTitleembedOQlViHoa\" type=\"embed\"><svg fill=\"#ffffff\"><symbol id=\"play\" viewBox=\"0 0 512 512\"><path d=\"M512 256C512 397.4 397.4 512 256 512C114.6 512 0 397.4 0 256C0 114.6 114.6 0 256 0C397.4 0 512 114.6 512 256zM176 168V344C176 352.7 180.7 360.7 188.3 364.9C195.8 369.2 205.1 369 212.5 364.5L356.5 276.5C363.6 272.1 368 264.4 368 256C368 247.6 363.6 239.9 356.5 235.5L212.5 147.5C205.1 142.1 195.8 142.8 188.3 147.1C180.7 151.3 176 159.3 176 168V168z\" \/><\/symbol><use xlink:href=\"#play\" \/><\/svg><\/p>\n<div class=\"right\">\n<p>River Plate<!-- --> &#8211;<!-- --> <span>&nbsp;<\/span><\/p>\n<h2 class=\"title-vid\">River derrot\u00f3 2 a 1 a Talleres<\/h2>\n<\/div>\n<\/div>\n<p><span class=\"back\" id=\"spanBackembedOQlViHoa\"><\/span><\/div>\n<div class=\"sc-a7166897-0 exHLBh\" readability=\"6\">\n<section readability=\"2\"><picture><img alt=\"El uno por uno de River en el pase a cuartos de la Copa contra Talleres\" src=\"http:\/\/hoycordobaweb.com\/wp-content\/uploads\/2024\/08\/la-bandera-especial-para-gallardo-que-estrenaron-los-hinchas-de-river-nunca-dejamos-de-creer-2.jpg\" width=\"290\" height=\"290\" decoding=\"async\" data-nimg=\"future\" loading=\"lazy\"><\/picture>\n<p><span>Mir\u00e1 tambi\u00e9n<\/span><\/p>\n<hr>\n<h3>El uno por uno de River en el pase a cuartos de la Copa contra Talleres<\/h3>\n<\/p>\n<\/section>\n<\/div>\n<div class=\"sc-a7166897-0 exHLBh\" readability=\"6\">\n<section readability=\"2\"><picture><img alt=\"Borja volvi\u00f3 al gol: sus impactantes n\u00fameros y c\u00f3mo qued\u00f3 en el ranking mundial\" src=\"http:\/\/hoycordobaweb.com\/wp-content\/uploads\/2024\/08\/la-bandera-especial-para-gallardo-que-estrenaron-los-hinchas-de-river-nunca-dejamos-de-creer-3.jpg\" width=\"290\" height=\"290\" decoding=\"async\" data-nimg=\"future\" loading=\"lazy\"><\/picture>\n<p><span>Mir\u00e1 tambi\u00e9n<\/span><\/p>\n<hr>\n<h3>Borja volvi\u00f3 al gol: sus impactantes n\u00fameros y c\u00f3mo qued\u00f3 en el ranking mundial<\/h3>\n<\/p>\n<\/section>\n<\/div>\n<div class=\"sc-a7166897-0 exHLBh\" readability=\"6.5\">\n<section readability=\"3\"><picture><img alt=\"Video: presi\u00f3n alta de River, taco de lujo y golazo de Borja\" src=\"http:\/\/hoycordobaweb.com\/wp-content\/uploads\/2024\/08\/la-bandera-especial-para-gallardo-que-estrenaron-los-hinchas-de-river-nunca-dejamos-de-creer-4.jpg\" width=\"290\" height=\"290\" decoding=\"async\" data-nimg=\"future\" loading=\"lazy\"><\/picture>\n<p><span>Mir\u00e1 tambi\u00e9n<\/span><\/p>\n<hr>\n<h3>Video: presi\u00f3n alta de River, taco de lujo y golazo de Borja<\/h3>\n<\/p>\n<\/section>\n<\/div>\n<p><h2>Las estad\u00edsticas del partido<\/h2>\n<\/p>\n<\/div>\n","protected":false},"excerpt":{"rendered":"<p>22\/08\/2024 00:01hs. N\u00fa\u00f1ez est\u00e1 de fiesta. River venci\u00f3 2-1 a Talleres (3-1 el global) y avanz\u00f3 a los cuartos de final de la Copa Libertadores, instancia en la que chocar\u00e1 con el Colo Colo de Almir\u00f3n. Durante el partido, en el Monumental tuvo su estreno una bandera muy especial dedicada a Marcelo Gallardo y su [&hellip;]<\/p>\n","protected":false},"author":1,"featured_media":82018,"comment_status":"open","ping_status":"closed","sticky":false,"template":"","format":"standard","meta":[],"categories":[16],"tags":[],"_links":{"self":[{"href":"http:\/\/hoycordobaweb.com\/index.php\/wp-json\/wp\/v2\/posts\/82017"}],"collection":[{"href":"http:\/\/hoycordobaweb.com\/index.php\/wp-json\/wp\/v2\/posts"}],"about":[{"href":"http:\/\/hoycordobaweb.com\/index.php\/wp-json\/wp\/v2\/types\/post"}],"author":[{"embeddable":true,"href":"http:\/\/hoycordobaweb.com\/index.php\/wp-json\/wp\/v2\/users\/1"}],"replies":[{"embeddable":true,"href":"http:\/\/hoycordobaweb.com\/index.php\/wp-json\/wp\/v2\/comments?post=82017"}],"version-history":[{"count":0,"href":"http:\/\/hoycordobaweb.com\/index.php\/wp-json\/wp\/v2\/posts\/82017\/revisions"}],"wp:featuredmedia":[{"embeddable":true,"href":"http:\/\/hoycordobaweb.com\/index.php\/wp-json\/wp\/v2\/media\/82018"}],"wp:attachment":[{"href":"http:\/\/hoycordobaweb.com\/index.php\/wp-json\/wp\/v2\/media?parent=82017"}],"wp:term":[{"taxonomy":"category","embeddable":true,"href":"http:\/\/hoycordobaweb.com\/index.php\/wp-json\/wp\/v2\/categories?post=82017"},{"taxonomy":"post_tag","embeddable":true,"href":"http:\/\/hoycordobaweb.com\/index.php\/wp-json\/wp\/v2\/tags?post=82017"}],"curies":[{"name":"wp","href":"https:\/\/api.w.org\/{rel}","templated":true}]}}