{"id":82013,"date":"2024-08-22T03:30:23","date_gmt":"2024-08-22T03:30:23","guid":{"rendered":"https:\/\/www.ole.com.ar\/river-plate\/river-plate-copa-libertadores-marcelo-gallardo-dybala-james-rodriguez-angel-correa-lucas-ocampos_0_b4V7hYdLvU.html"},"modified":"2024-08-22T03:30:23","modified_gmt":"2024-08-22T03:30:23","slug":"gallardo-y-los-refuerzos-se-hizo-una-bola-grande-y-el-no-no-no-sobre-james","status":"publish","type":"post","link":"http:\/\/hoycordobaweb.com\/index.php\/2024\/08\/22\/gallardo-y-los-refuerzos-se-hizo-una-bola-grande-y-el-no-no-no-sobre-james\/","title":{"rendered":"Gallardo y los refuerzos: \u00abSe hizo una bola grande\u00bb y el \u00abno, no,\u00a0no\u00bb\u00a0sobre\u00a0James"},"content":{"rendered":"<p><img src=\"http:\/\/hoycordobaweb.com\/wp-content\/uploads\/2024\/08\/gallardo-y-los-refuerzos-se-hizo-una-bola-grande-y-el-no-no-no-sobre-james.jpg\"><\/p>\n<p><time class=\"createDate\" datetime=\"2024-08-22T00:30:23-03:00\">22\/08\/2024 00:30hs.<\/time><\/p>\n<div id=\"storyBody\">\n<div class=\"custom-text \" readability=\"45\">\n<p>Lo dijo el Mu\u00f1eco tras la victoria ante Talleres que incluy\u00f3 clasificaci\u00f3n a los cuartos de final de la Copa Libertadores: \u00abse hizo una bola que no tiene sentido\u00bb. Claro, tras la cascada de refuerzos de extrema jerarqu\u00eda como fueron Germ\u00e1n Pezzella y Marcos Acu\u00f1a, campeones del mundo en Qatar de 2022 y bicampeones de Am\u00e9rica, y Maxi Meza, que se plant\u00f3 ante Monterrey para poder ponerse La Banda, algo que hizo por primera vez el fin de semana pasado ante Gimnasia y debut\u00f3 en el equipo titular ante la T, lo cierto es que la vara hab\u00eda quedado alta. <strong>Los nombres corrieron como agua debajo del puente, desde una llegada de James Rodr\u00edguez, que parece estar a merced del Rayo Vallecano, hasta una vuelta de Paulo Dybala al f\u00fatbol argentino, sin olvidarse de \u00c1ngel Correa o Lucas Ocampos.<\/strong><\/p>\n<\/div>\n<p><h2>Gallardo: \u00abVoy a bajar la espuma\u00bb<\/h2>\n<\/p>\n<div class=\"custom-text \" readability=\"39\">\n<p>Suele ocurrir y a\u00fan m\u00e1s con la figura de Marcelo Gallardo, que tiene un poder soberbio a la hora de convencer players para ponerse la camiseta de River. Claro, inmediatamente despu\u00e9s de su llegada a Nu\u00f1ez se abri\u00f3 una ventana dorada en el mercado de River por la que saltaron <strong>Germ\u00e1n Pezzella, Maximiliano Meza y Marcos Acu\u00f1a, algo que gener\u00f3 una expectativa casi insaciable en todo el Mundo River. <\/strong><\/p>\n<\/div>\n<div class=\"sc-e7b891c4-0 jPbnQF\"><img alt=\"Gallardo le baj\u00f3 la espuma al mercado. (AP Photo\/Natacha Pisarenko)\" src=\"http:\/\/hoycordobaweb.com\/wp-content\/uploads\/2024\/08\/gallardo-y-los-refuerzos-se-hizo-una-bola-grande-y-el-no-no-no-sobre-james-2.jpg\" width=\"720\" height=\"100\" decoding=\"async\" data-nimg=\"future\" loading=\"lazy\"><span class=\"epigraphe\">Gallardo le baj\u00f3 la espuma al mercado. (AP Photo\/Natacha Pisarenko)<\/span><\/div>\n<div class=\"custom-text \" readability=\"38\">\n<p>Y fue el propio Gallardo quien le baj\u00f3 la espuma a lo que ocurra de ac\u00e1 en adelante con el mercado de pases. \u00abNo hay una b\u00fasqueda de algo espec\u00edfico. Voy a bajar un poco la espuma de todas las cosas que han dicho. <strong>Entiendo que nosotros hemos podido puntualizar sobre el mercado en jugadores de una jerarqu\u00eda importante. Pero de ah\u00ed se hizo una bola importante que no tiene sentido<\/strong>. Lamento decirles eso, pero no es as\u00ed, a partir de ahora queremos conformar el mejor plantel posible para competir en los frentes que tenemos\u00bb, dijo el Mu\u00f1eco en primera instancia.<\/p>\n<\/div>\n<p><h2>Gallardo asegur\u00f3 que no habl\u00f3 con James<\/h2>\n<\/p>\n<div class=\"custom-text \" readability=\"40\">\n<p>Pero claro, la primera declaraci\u00f3n pareci\u00f3 no ser suficiente para parar una ola de preguntas acerca del mercado de pases. <strong>La primera noticia en cuanto a nombres puntuales fue sobre James Rodr\u00edguez.<\/strong> Al t\u00e9cnico del Millonario le preguntaron si hab\u00eda hablado con el enganche colombiano que qued\u00f3 libre de San Pablo luego de la Copa Am\u00e9rica y respondi\u00f3 contundente:<strong> \u00abno,no,no\u00bb. De hecho, fue el propio entrenador quien lanz\u00f3: \u00abest\u00e1n enloquecidos con el mercado, ja\u00bb.<\/strong><\/p>\n<\/div>\n<div class=\"custom-text \" readability=\"38\">\n<p>M\u00e1s all\u00e1 de haberle \u00abbajado la espuma\u00bb al mercado, lo cierto es que el entrenador no le cerr\u00f3 las puertas a posibles contrataciones. Si bien puntualiz\u00f3 que no se buscan jugadores espec\u00edficos, asegur\u00f3:<strong> \u00abSi realmente vemos que necesitamos algo, lo vamos a hacer\u00bb<\/strong>, lanz\u00f3 el Mu\u00f1eco. <\/p>\n<\/div>\n<div class=\"sc-e7b891c4-0 jPbnQF\"><img alt=\"Gallardo asegur\u00f3 que no habl\u00f3 con James. (Marcelo Carroll-Clarin)\" src=\"http:\/\/hoycordobaweb.com\/wp-content\/uploads\/2024\/08\/gallardo-y-los-refuerzos-se-hizo-una-bola-grande-y-el-no-no-no-sobre-james-3.jpg\" width=\"720\" height=\"100\" decoding=\"async\" data-nimg=\"future\" loading=\"lazy\"><span class=\"epigraphe\">Gallardo asegur\u00f3 que no habl\u00f3 con James. (Marcelo Carroll-Clarin)<\/span><\/div>\n<div class=\"sc-a7166897-0 exHLBh\" readability=\"6.5\">\n<section readability=\"3\"><picture><img alt=\"Maxi Meza, tras su debut en el Monumental: &quot;Estoy disfrutando cada momento&quot;\" src=\"http:\/\/hoycordobaweb.com\/wp-content\/uploads\/2024\/08\/gallardo-y-los-refuerzos-se-hizo-una-bola-grande-y-el-no-no-no-sobre-james-4.jpg\" width=\"290\" height=\"290\" decoding=\"async\" data-nimg=\"future\" loading=\"lazy\"><\/picture>\n<p><span>Mir\u00e1 tambi\u00e9n<\/span><\/p>\n<hr>\n<h3>Maxi Meza, tras su debut en el Monumental: \u00abEstoy disfrutando cada momento\u00bb<\/h3>\n<\/p>\n<\/section>\n<\/div>\n<div class=\"sc-a7166897-0 exHLBh\" readability=\"6\">\n<section readability=\"2\"><picture><img alt=\"El uno por uno de River en el pase a cuartos de la Copa contra Talleres\" src=\"http:\/\/hoycordobaweb.com\/wp-content\/uploads\/2024\/08\/gallardo-y-los-refuerzos-se-hizo-una-bola-grande-y-el-no-no-no-sobre-james-5.jpg\" width=\"290\" height=\"290\" decoding=\"async\" data-nimg=\"future\" loading=\"lazy\"><\/picture>\n<p><span>Mir\u00e1 tambi\u00e9n<\/span><\/p>\n<hr>\n<h3>El uno por uno de River en el pase a cuartos de la Copa contra Talleres<\/h3>\n<\/p>\n<\/section>\n<\/div>\n<div class=\"sc-a7166897-0 exHLBh\" readability=\"6.5\">\n<section readability=\"3\"><picture><img alt=\"River dej\u00f3 en el camino a Talleres y se meti\u00f3 en los cuartos de final de la Copa Libertadores\" src=\"http:\/\/hoycordobaweb.com\/wp-content\/uploads\/2024\/08\/gallardo-y-los-refuerzos-se-hizo-una-bola-grande-y-el-no-no-no-sobre-james-6.jpg\" width=\"290\" height=\"290\" decoding=\"async\" data-nimg=\"future\" loading=\"lazy\"><\/picture>\n<p><span>Mir\u00e1 tambi\u00e9n<\/span><\/p>\n<hr>\n<h3>River dej\u00f3 en el camino a Talleres y se meti\u00f3 en los cuartos de final de la Copa Libertadores<\/h3>\n<\/p>\n<\/section>\n<\/div>\n<\/div>\n","protected":false},"excerpt":{"rendered":"<p>22\/08\/2024 00:30hs. Lo dijo el Mu\u00f1eco tras la victoria ante Talleres que incluy\u00f3 clasificaci\u00f3n a los cuartos de final de la Copa Libertadores: \u00abse hizo una bola que no tiene sentido\u00bb. Claro, tras la cascada de refuerzos de extrema jerarqu\u00eda como fueron Germ\u00e1n Pezzella y Marcos Acu\u00f1a, campeones del mundo en Qatar de 2022 y [&hellip;]<\/p>\n","protected":false},"author":1,"featured_media":82014,"comment_status":"open","ping_status":"closed","sticky":false,"template":"","format":"standard","meta":[],"categories":[16],"tags":[],"_links":{"self":[{"href":"http:\/\/hoycordobaweb.com\/index.php\/wp-json\/wp\/v2\/posts\/82013"}],"collection":[{"href":"http:\/\/hoycordobaweb.com\/index.php\/wp-json\/wp\/v2\/posts"}],"about":[{"href":"http:\/\/hoycordobaweb.com\/index.php\/wp-json\/wp\/v2\/types\/post"}],"author":[{"embeddable":true,"href":"http:\/\/hoycordobaweb.com\/index.php\/wp-json\/wp\/v2\/users\/1"}],"replies":[{"embeddable":true,"href":"http:\/\/hoycordobaweb.com\/index.php\/wp-json\/wp\/v2\/comments?post=82013"}],"version-history":[{"count":0,"href":"http:\/\/hoycordobaweb.com\/index.php\/wp-json\/wp\/v2\/posts\/82013\/revisions"}],"wp:featuredmedia":[{"embeddable":true,"href":"http:\/\/hoycordobaweb.com\/index.php\/wp-json\/wp\/v2\/media\/82014"}],"wp:attachment":[{"href":"http:\/\/hoycordobaweb.com\/index.php\/wp-json\/wp\/v2\/media?parent=82013"}],"wp:term":[{"taxonomy":"category","embeddable":true,"href":"http:\/\/hoycordobaweb.com\/index.php\/wp-json\/wp\/v2\/categories?post=82013"},{"taxonomy":"post_tag","embeddable":true,"href":"http:\/\/hoycordobaweb.com\/index.php\/wp-json\/wp\/v2\/tags?post=82013"}],"curies":[{"name":"wp","href":"https:\/\/api.w.org\/{rel}","templated":true}]}}