{"id":82009,"date":"2024-08-22T03:34:29","date_gmt":"2024-08-22T03:34:29","guid":{"rendered":"https:\/\/www.ole.com.ar\/river-plate\/matias-kranevitter-volante-river-plate-millonario-triunfo-talleres-libertadores_0_rgT0jp1hPL.html"},"modified":"2024-08-22T03:34:29","modified_gmt":"2024-08-22T03:34:29","slug":"kranevitter-su-aporte-clave-en-river-y-el-proximo-desafio-hay-tiempo-para-prepararnos","status":"publish","type":"post","link":"http:\/\/hoycordobaweb.com\/index.php\/2024\/08\/22\/kranevitter-su-aporte-clave-en-river-y-el-proximo-desafio-hay-tiempo-para-prepararnos\/","title":{"rendered":"Kranevitter, su aporte clave en River y el pr\u00f3ximo desaf\u00edo: \u00abHay tiempo para prepararnos\u00bb"},"content":{"rendered":"<p><img src=\"http:\/\/hoycordobaweb.com\/wp-content\/uploads\/2024\/08\/kranevitter-su-aporte-clave-en-river-y-el-proximo-desafio-hay-tiempo-para-prepararnos.jpg\"><\/p>\n<p><time class=\"createDate\" datetime=\"2024-08-22T00:34:29-03:00\">22\/08\/2024 00:34hs.<\/time><\/p>\n<div id=\"storyBody\">\n<div class=\"custom-text \" readability=\"32.56856187291\">\n<p>Fue uno de los puntos m\u00e1s altos de <a href=\"https:\/\/www.ole.com.ar\/tema\/river-plate.html\" title=\"River Plate\" alt=\"River Plate\" class=\"slug\">River<\/a>. <a href=\"https:\/\/www.ole.com.ar\/tema\/matias-kranevitter.html\" title=\"Mat\u00edas Kranevitter\" alt=\"Mat\u00edas Kranevitter\" class=\"slug\">Mat\u00edas Kranevitter<\/a> fue importante para que el equipo de<a href=\"https:\/\/www.ole.com.ar\/tema\/marcelo-gallardo.html\" title=\"Marcelo Gallardo\" alt=\"Marcelo Gallardo\" class=\"slug\"> Marcelo Gallardo<\/a> logre avanzar a los cuartos de final de la <a href=\"https:\/\/www.ole.com.ar\/tema\/copa-libertadores.html\" title=\"Copa Libertadores\" alt=\"Copa Libertadores\" class=\"slug\">Copa Libertadores <\/a>tras dejar en el camino a Talleres. El volante central de 31 a\u00f1os<strong> tuvo un aporte fundamental para comenzar a encaminar el partido en el Monumental. De hecho, el gol con el que Miguel Borja abri\u00f3 el encuentro naci\u00f3 de una presi\u00f3n suya<\/strong>: iban 34 minutos de juego cuando el mediocampista corri\u00f3 50 metros en soledad para ejercer presi\u00f3n sobre el arquero Guido Herrera y provocar el error de Juan Portilla en la salida.<\/p>\n<\/div>\n<div class=\"custom-text \" readability=\"39\">\n<p><strong>\u201cTalleres es un buen equipo, que viene haciendo las cosas muy bien durante mucho tiempo. Estamos contentos, pudimos hacer una muy buena llave y ahora tenemos que ponernos a pensar en lo que viene\u201d<\/strong>, coment\u00f3 el mediocampista. Kranevitter ya hab\u00eda jugado un buen primer tiempo en el partido de ida C\u00f3rdoba, en el que River se impuso por 1-0.<\/p>\n<\/div>\n<div class=\"sc-e7b891c4-0 jPbnQF\"><img alt=\"Mat\u00edas Kranevitter, Marcelo Gallardo e Ignacio Fern\u00e1ndez. (Foto: Marcelo Carroll)\" src=\"http:\/\/hoycordobaweb.com\/wp-content\/uploads\/2024\/08\/kranevitter-su-aporte-clave-en-river-y-el-proximo-desafio-hay-tiempo-para-prepararnos-2.jpg\" width=\"720\" height=\"100\" decoding=\"async\" data-nimg=\"future\" loading=\"lazy\"><span class=\"epigraphe\">Mat\u00edas Kranevitter, Marcelo Gallardo e Ignacio Fern\u00e1ndez. (Foto: Marcelo Carroll)<\/span><\/div>\n<div class=\"custom-text \" readability=\"37\">\n<p>Inteligente y siempre bien ubicado, se posicion\u00f3 entre los zagueros ante la p\u00e9rdida, gan\u00f3 varios rebotes y distribuy\u00f3 la pelota con precisi\u00f3n. Din\u00e1mico y de gran despliegue f\u00edsico, termin\u00f3 cansado y Gallardo decidi\u00f3 reemplazarlo por Ignacio Fern\u00e1ndez a los 30 minutos de la segunda etapa.<\/p>\n<\/div>\n<div class=\"custom-text \">\n<h2>El volante y lo que <strong>se <\/strong>viene<\/h2>\n<\/div>\n<div class=\"custom-text \" readability=\"39\">\n<p>El rival de River en los cuartos de final de la Libertadores ser\u00e1 <strong>Colo Colo<\/strong>. La ida ser\u00e1 a mediados de septiembre, en Santiago de Chile. <strong>\u201cEstudiaremos al pr\u00f3ximo rival. Tenemos tiempo para prepararnos. Estamos muy contentos por lo que pas\u00f3 hoy\u201d<\/strong>, expres\u00f3 Kranevitter, quien lleva disputados 16 partidos en lo que va del a\u00f1o, de los que fue titular en siete. Gallardo aspira a llevarlo a su mejor versi\u00f3n.<\/p>\n<\/div>\n<div class=\"custom-text \">\n<h2>El gol que naci\u00f3 de una <strong>presi\u00f3n <\/strong>de Kranevitter<\/h2>\n<\/div>\n<div type=\"embed\" class=\"sc-3f46f5ae-0 djVTgz\">\n<div class=\"sc-3f46f5ae-1 fTjZec videoText\" id=\"contentTitleembedwez3LnXq\" type=\"embed\"><svg fill=\"#ffffff\"><symbol id=\"play\" viewBox=\"0 0 512 512\"><path d=\"M512 256C512 397.4 397.4 512 256 512C114.6 512 0 397.4 0 256C0 114.6 114.6 0 256 0C397.4 0 512 114.6 512 256zM176 168V344C176 352.7 180.7 360.7 188.3 364.9C195.8 369.2 205.1 369 212.5 364.5L356.5 276.5C363.6 272.1 368 264.4 368 256C368 247.6 363.6 239.9 356.5 235.5L212.5 147.5C205.1 142.1 195.8 142.8 188.3 147.1C180.7 151.3 176 159.3 176 168V168z\" \/><\/symbol><use xlink:href=\"#play\" \/><\/svg><\/p>\n<div class=\"right\">\n<p>River Plate<!-- --> &#8211;<!-- --> <span>&nbsp;<\/span><\/p>\n<h2 class=\"title-vid\">Borja puso el 1 a 0 de River<\/h2>\n<\/div>\n<\/div>\n<p><span class=\"back\" id=\"spanBackembedwez3LnXq\"><\/span><\/div>\n<div class=\"sc-a7166897-0 exHLBh\" readability=\"6.5\">\n<section readability=\"3\"><picture><img alt=\"Maxi Meza, tras su debut en el Monumental: &quot;Estoy disfrutando cada momento&quot;\" src=\"http:\/\/hoycordobaweb.com\/wp-content\/uploads\/2024\/08\/kranevitter-su-aporte-clave-en-river-y-el-proximo-desafio-hay-tiempo-para-prepararnos-3.jpg\" width=\"290\" height=\"290\" decoding=\"async\" data-nimg=\"future\" loading=\"lazy\"><\/picture>\n<p><span>Mir\u00e1 tambi\u00e9n<\/span><\/p>\n<hr>\n<h3>Maxi Meza, tras su debut en el Monumental: \u00abEstoy disfrutando cada momento\u00bb<\/h3>\n<\/p>\n<\/section>\n<\/div>\n<div class=\"sc-a7166897-0 exHLBh\" readability=\"6\">\n<section readability=\"2\"><picture><img alt=\"El uno por uno de River en el pase a cuartos de la Copa contra Talleres\" src=\"http:\/\/hoycordobaweb.com\/wp-content\/uploads\/2024\/08\/kranevitter-su-aporte-clave-en-river-y-el-proximo-desafio-hay-tiempo-para-prepararnos-4.jpg\" width=\"290\" height=\"290\" decoding=\"async\" data-nimg=\"future\" loading=\"lazy\"><\/picture>\n<p><span>Mir\u00e1 tambi\u00e9n<\/span><\/p>\n<hr>\n<h3>El uno por uno de River en el pase a cuartos de la Copa contra Talleres<\/h3>\n<\/p>\n<\/section>\n<\/div>\n<div class=\"sc-a7166897-0 exHLBh\" readability=\"6.5\">\n<section readability=\"3\"><picture><img alt=\"River dej\u00f3 en el camino a Talleres y se meti\u00f3 en los cuartos de final de la Copa Libertadores\" src=\"http:\/\/hoycordobaweb.com\/wp-content\/uploads\/2024\/08\/kranevitter-su-aporte-clave-en-river-y-el-proximo-desafio-hay-tiempo-para-prepararnos-5.jpg\" width=\"290\" height=\"290\" decoding=\"async\" data-nimg=\"future\" loading=\"lazy\"><\/picture>\n<p><span>Mir\u00e1 tambi\u00e9n<\/span><\/p>\n<hr>\n<h3>River dej\u00f3 en el camino a Talleres y se meti\u00f3 en los cuartos de final de la Copa Libertadores<\/h3>\n<\/p>\n<\/section>\n<\/div>\n<div class=\"sc-a7166897-0 exHLBh\" readability=\"6.5\">\n<section readability=\"3\"><picture><img alt=\"El cuadro de la Copa Libertadores 2024: resultados de octavos y clasificados a cuartos\" src=\"http:\/\/hoycordobaweb.com\/wp-content\/uploads\/2024\/08\/kranevitter-su-aporte-clave-en-river-y-el-proximo-desafio-hay-tiempo-para-prepararnos-6.jpg\" width=\"290\" height=\"290\" decoding=\"async\" data-nimg=\"future\" loading=\"lazy\"><\/picture>\n<p><span>Mir\u00e1 tambi\u00e9n<\/span><\/p>\n<hr>\n<h3>El cuadro de la Copa Libertadores 2024: resultados de octavos y clasificados a cuartos<\/h3>\n<\/p>\n<\/section>\n<\/div>\n<div class=\"sc-a7166897-0 exHLBh\" readability=\"6.5\">\n<section readability=\"3\"><picture><img alt=\"La bandera especial para Gallardo que estrenaron los hinchas de River: &quot;Nunca dejamos de creer&quot;\" src=\"http:\/\/hoycordobaweb.com\/wp-content\/uploads\/2024\/08\/kranevitter-su-aporte-clave-en-river-y-el-proximo-desafio-hay-tiempo-para-prepararnos-7.jpg\" width=\"290\" height=\"290\" decoding=\"async\" data-nimg=\"future\" loading=\"lazy\"><\/picture>\n<p><span>Mir\u00e1 tambi\u00e9n<\/span><\/p>\n<hr>\n<h3>La bandera especial para Gallardo que estrenaron los hinchas de River: \u00abNunca dejamos de creer\u00bb<\/h3>\n<\/p>\n<\/section>\n<\/div>\n<\/div>\n","protected":false},"excerpt":{"rendered":"<p>22\/08\/2024 00:34hs. Fue uno de los puntos m\u00e1s altos de River. Mat\u00edas Kranevitter fue importante para que el equipo de Marcelo Gallardo logre avanzar a los cuartos de final de la Copa Libertadores tras dejar en el camino a Talleres. El volante central de 31 a\u00f1os tuvo un aporte fundamental para comenzar a encaminar el [&hellip;]<\/p>\n","protected":false},"author":1,"featured_media":82010,"comment_status":"open","ping_status":"closed","sticky":false,"template":"","format":"standard","meta":[],"categories":[16],"tags":[],"_links":{"self":[{"href":"http:\/\/hoycordobaweb.com\/index.php\/wp-json\/wp\/v2\/posts\/82009"}],"collection":[{"href":"http:\/\/hoycordobaweb.com\/index.php\/wp-json\/wp\/v2\/posts"}],"about":[{"href":"http:\/\/hoycordobaweb.com\/index.php\/wp-json\/wp\/v2\/types\/post"}],"author":[{"embeddable":true,"href":"http:\/\/hoycordobaweb.com\/index.php\/wp-json\/wp\/v2\/users\/1"}],"replies":[{"embeddable":true,"href":"http:\/\/hoycordobaweb.com\/index.php\/wp-json\/wp\/v2\/comments?post=82009"}],"version-history":[{"count":0,"href":"http:\/\/hoycordobaweb.com\/index.php\/wp-json\/wp\/v2\/posts\/82009\/revisions"}],"wp:featuredmedia":[{"embeddable":true,"href":"http:\/\/hoycordobaweb.com\/index.php\/wp-json\/wp\/v2\/media\/82010"}],"wp:attachment":[{"href":"http:\/\/hoycordobaweb.com\/index.php\/wp-json\/wp\/v2\/media?parent=82009"}],"wp:term":[{"taxonomy":"category","embeddable":true,"href":"http:\/\/hoycordobaweb.com\/index.php\/wp-json\/wp\/v2\/categories?post=82009"},{"taxonomy":"post_tag","embeddable":true,"href":"http:\/\/hoycordobaweb.com\/index.php\/wp-json\/wp\/v2\/tags?post=82009"}],"curies":[{"name":"wp","href":"https:\/\/api.w.org\/{rel}","templated":true}]}}