{"id":81953,"date":"2024-08-20T07:58:00","date_gmt":"2024-08-20T07:58:00","guid":{"rendered":"https:\/\/fm-comunicar.com.ar\/contenido\/22256\/el-monumento-a-san-martin-abuelo-fue-reubicado-en-la-plaza-de-tete"},"modified":"2024-08-20T07:58:00","modified_gmt":"2024-08-20T07:58:00","slug":"el-monumento-a-san-martin-abuelo-fue-reubicado-en-la-plaza-de-tete","status":"publish","type":"post","link":"http:\/\/hoycordobaweb.com\/index.php\/2024\/08\/20\/el-monumento-a-san-martin-abuelo-fue-reubicado-en-la-plaza-de-tete\/","title":{"rendered":"El monumento a San Mart\u00edn Abuelo fue reubicado en la plaza de Tet\u00e9"},"content":{"rendered":"<p>Hab\u00eda sido removido de su lugar original por la obra del viaducto de la Ruta 9. El s\u00e1bado, al conmemorarse un nuevo aniversario del paso a la inmortalidad del pr\u00f3cer, la escultura fue reinaugurada.<img src=\"http:\/\/hoycordobaweb.com\/wp-content\/uploads\/2024\/08\/el-monumento-a-san-martin-abuelo-fue-reubicado-en-la-plaza-de-tete.jpg\"><\/p>\n","protected":false},"excerpt":{"rendered":"<p>Hab\u00eda sido removido de su lugar original por la obra del viaducto de la Ruta 9. El s\u00e1bado, al conmemorarse un nuevo aniversario del paso a la inmortalidad del pr\u00f3cer, la escultura fue reinaugurada.<\/p>\n","protected":false},"author":1,"featured_media":81954,"comment_status":"closed","ping_status":"closed","sticky":false,"template":"","format":"standard","meta":[],"categories":[18],"tags":[],"_links":{"self":[{"href":"http:\/\/hoycordobaweb.com\/index.php\/wp-json\/wp\/v2\/posts\/81953"}],"collection":[{"href":"http:\/\/hoycordobaweb.com\/index.php\/wp-json\/wp\/v2\/posts"}],"about":[{"href":"http:\/\/hoycordobaweb.com\/index.php\/wp-json\/wp\/v2\/types\/post"}],"author":[{"embeddable":true,"href":"http:\/\/hoycordobaweb.com\/index.php\/wp-json\/wp\/v2\/users\/1"}],"replies":[{"embeddable":true,"href":"http:\/\/hoycordobaweb.com\/index.php\/wp-json\/wp\/v2\/comments?post=81953"}],"version-history":[{"count":0,"href":"http:\/\/hoycordobaweb.com\/index.php\/wp-json\/wp\/v2\/posts\/81953\/revisions"}],"wp:featuredmedia":[{"embeddable":true,"href":"http:\/\/hoycordobaweb.com\/index.php\/wp-json\/wp\/v2\/media\/81954"}],"wp:attachment":[{"href":"http:\/\/hoycordobaweb.com\/index.php\/wp-json\/wp\/v2\/media?parent=81953"}],"wp:term":[{"taxonomy":"category","embeddable":true,"href":"http:\/\/hoycordobaweb.com\/index.php\/wp-json\/wp\/v2\/categories?post=81953"},{"taxonomy":"post_tag","embeddable":true,"href":"http:\/\/hoycordobaweb.com\/index.php\/wp-json\/wp\/v2\/tags?post=81953"}],"curies":[{"name":"wp","href":"https:\/\/api.w.org\/{rel}","templated":true}]}}