{"id":81944,"date":"2024-08-20T15:20:43","date_gmt":"2024-08-20T15:20:43","guid":{"rendered":"https:\/\/ambiente.cba.gov.ar\/?p=24140"},"modified":"2024-08-20T15:20:43","modified_gmt":"2024-08-20T15:20:43","slug":"mediante-sobrevuelos-realizan-el-censo-de-flamencos-en-laguna-de-mar-chiquita","status":"publish","type":"post","link":"http:\/\/hoycordobaweb.com\/index.php\/2024\/08\/20\/mediante-sobrevuelos-realizan-el-censo-de-flamencos-en-laguna-de-mar-chiquita\/","title":{"rendered":"Mediante sobrevuelos realizan el censo de flamencos en Laguna de Mar Chiquita"},"content":{"rendered":"<ul class=\" eplus-wrapper eplus-styles-uid-f5c782\">\n<li class=\" eplus-wrapper\"><strong>La evaluaci\u00f3n se efect\u00faa dos veces al a\u00f1o.&nbsp;<\/strong><\/li>\n<li class=\" eplus-wrapper\"><strong>Es un trabajo coordinado entre el Ministerio de Ambiente y Econom\u00eda Circular de la provincia de C\u00f3rdoba, la Administraci\u00f3n de Parques Nacionales (APN), el Grupo de Conservaci\u00f3n Flamencos Altoandinos (GCFA) y la fundaci\u00f3n Natura Argentina.<\/strong><\/li>\n<li class=\" eplus-wrapper\"><strong>En un mes se conocer\u00e1n los resultados de la iniciativa.<\/strong><\/li>\n<\/ul>\n<p class=\" eplus-wrapper\">En la Laguna de Mar Chiquita, se realiz\u00f3 el censo de flamencos que habitan en el humedal que es parte de la Reserva Provincial, y del Parque y Reserva Nacional Ansenuza.<\/p>\n<p class=\" eplus-wrapper\">Esta metodolog\u00eda de estudio de la fauna se lleva a cabo mediante un sobrevuelo de la laguna dos veces al a\u00f1o y es fundamental para la estimaci\u00f3n de la poblaci\u00f3n de aves en el lugar.<\/p>\n<p class=\" eplus-wrapper\">El recorrido a\u00e9reo, que se extiende por aproximadamente cuatro horas, est\u00e1 a cargo de un equipo interdisciplinario compuesto por un estimador, un fot\u00f3grafo y un t\u00e9cnico navegador. Estos expertos recorren el per\u00edmetro de la laguna para identificar, registrar y calcular las bandadas de flamencos.<\/p>\n<p class=\" eplus-wrapper\">Los resultados del censo realizado se conocer\u00e1n aproximadamente en un mes.<\/p>\n<p class=\" eplus-wrapper\">La directora de Natura Argentina, Lucila Castro, bi\u00f3loga que lleva m\u00e1s de una d\u00e9cada estudiando estas aves, subraya la importancia de esta acci\u00f3n:&nbsp;<em>\u201cLos datos obtenidos en estos censos, realizados tanto en verano como en invierno, han sido vitales para determinar las \u00e1reas prioritarias para la conservaci\u00f3n. Adem\u00e1s, nos permiten entender mejor la relaci\u00f3n entre las poblaciones de flamencos y las condiciones ambientales del humedal\u201d.<\/em><\/p>\n<div id=\"gallery-1\" class=\"gallery galleryid-24140 gallery-columns-2 gallery-size-full\">\n<figure class=\"gallery-item\">\n<div class=\"gallery-icon landscape\"> <a href=\"https:\/\/ambiente.cba.gov.ar\/mediante-sobrevuelos-realizan-el-censo-de-flamencos-en-laguna-de-mar-chiquita\/censo-de-flamencos-2\/\"><img width=\"1200\" height=\"600\" src=\"http:\/\/hoycordobaweb.com\/wp-content\/uploads\/2024\/08\/mediante-sobrevuelos-realizan-el-censo-de-flamencos-en-laguna-de-mar-chiquita.jpg\" class=\"attachment-full size-full\" alt loading=\"lazy\"><\/a> <\/div>\n<\/figure>\n<figure class=\"gallery-item\">\n<div class=\"gallery-icon landscape\"> <a href=\"https:\/\/ambiente.cba.gov.ar\/mediante-sobrevuelos-realizan-el-censo-de-flamencos-en-laguna-de-mar-chiquita\/censo-de-flamencos3\/\"><img width=\"1200\" height=\"600\" src=\"http:\/\/hoycordobaweb.com\/wp-content\/uploads\/2024\/08\/mediante-sobrevuelos-realizan-el-censo-de-flamencos-en-laguna-de-mar-chiquita-1.jpg\" class=\"attachment-full size-full\" alt loading=\"lazy\"><\/a> <\/div>\n<\/figure><\/div>\n<p class=\" eplus-wrapper\">Esta es una iniciativa crucial para la protecci\u00f3n de las aves emblem\u00e1ticas de la regi\u00f3n, y su realizaci\u00f3n es una tarea conjunta entre el Ministerio de Ambiente y Econom\u00eda Circular de la provincia de C\u00f3rdoba, la APN, Natura Argentina, el GCFA y cuenta con el apoyo del municipio de Miramar de Ansenuza.<\/p>\n<p class=\" eplus-wrapper\">La Ministra de Ambiente y Econom\u00eda Circular de C\u00f3rdoba, Victoria Flores, destac\u00f3 la importancia de estos esfuerzos:&nbsp;<em>\u201cEstamos comprometidos en preservar y conservar las aves de nuestra provincia, especialmente en la reserva de Ansenuza, un lugar clave para nuestra biodiversidad. Estos censos son una herramienta esencial para fortalecer las acciones de conservaci\u00f3n. Por ello, desde el Ministerio de Ambiente y Econom\u00eda Circular trabajamos en colaboraci\u00f3n con Natura Argentina y sus expertos para obtener una estimaci\u00f3n precisa de la poblaci\u00f3n de flamencos y evaluar el estado del humedal\u201d.<\/em><\/p>\n<p class=\" eplus-wrapper\">De las seis especies de flamencos que existen en el mundo, tres se encuentran en el cono sur de Sudam\u00e9rica: el flamenco austral (<em>Phoenicopterus chilensis<\/em>), el flamenco andino o parina grande (<em>Phoenicoparrus andinus<\/em>) y el flamenco de James o parina chica (<em>Phoenicoparrus jamesi<\/em>).<\/p>\n<p class=\" eplus-wrapper\">Las especies altoandinas de flamencos son migratorias y utilizan lagunas de alta monta\u00f1a durante el verano para anidar, alimentarse y refugiarse. En invierno, migran a humedales salinos de menor altitud, como la laguna de Mar Chiquita.<\/p>\n<p class=\" eplus-wrapper\">Como era de esperarse, durante este censo de invierno pudieron divisarse estas dos especies en el humedal, destacan los profesionales que realizaron el sobrevuelo. El flamenco austral, por su parte, habita la laguna durante todo el a\u00f1o siendo la especie m\u00e1s abundante.<\/p>\n<p class=\" eplus-wrapper\">Los censos de flamencos se llevan a cabo dos veces al a\u00f1o para monitorear el estado de las poblaciones de las tres especies. En verano, se centran en determinar si los flamencos est\u00e1n nidificando, y en invierno, en determinar la presencia de las especies migratorias.<\/p>\n<p class=\" eplus-wrapper\">Para Castro, la protecci\u00f3n de estos flamencos y sus h\u00e1bitats&nbsp;<em>\u201cno solo asegura la supervivencia de estas especies ic\u00f3nicas, sino que tambi\u00e9n beneficia a otras especies que comparten su entorno\u201d.<\/em><\/p>\n","protected":false},"excerpt":{"rendered":"<p>La evaluaci\u00f3n se efect\u00faa dos veces al a\u00f1o.&nbsp; Es un trabajo coordinado entre el Ministerio de Ambiente y Econom\u00eda Circular de la provincia de C\u00f3rdoba, la Administraci\u00f3n de Parques Nacionales (APN), el Grupo de Conservaci\u00f3n Flamencos Altoandinos (GCFA) y la fundaci\u00f3n Natura Argentina. En un mes se conocer\u00e1n los resultados de la iniciativa. En la [&hellip;]<\/p>\n","protected":false},"author":1,"featured_media":81945,"comment_status":"closed","ping_status":"closed","sticky":false,"template":"","format":"standard","meta":[],"categories":[2,19],"tags":[],"_links":{"self":[{"href":"http:\/\/hoycordobaweb.com\/index.php\/wp-json\/wp\/v2\/posts\/81944"}],"collection":[{"href":"http:\/\/hoycordobaweb.com\/index.php\/wp-json\/wp\/v2\/posts"}],"about":[{"href":"http:\/\/hoycordobaweb.com\/index.php\/wp-json\/wp\/v2\/types\/post"}],"author":[{"embeddable":true,"href":"http:\/\/hoycordobaweb.com\/index.php\/wp-json\/wp\/v2\/users\/1"}],"replies":[{"embeddable":true,"href":"http:\/\/hoycordobaweb.com\/index.php\/wp-json\/wp\/v2\/comments?post=81944"}],"version-history":[{"count":0,"href":"http:\/\/hoycordobaweb.com\/index.php\/wp-json\/wp\/v2\/posts\/81944\/revisions"}],"wp:featuredmedia":[{"embeddable":true,"href":"http:\/\/hoycordobaweb.com\/index.php\/wp-json\/wp\/v2\/media\/81945"}],"wp:attachment":[{"href":"http:\/\/hoycordobaweb.com\/index.php\/wp-json\/wp\/v2\/media?parent=81944"}],"wp:term":[{"taxonomy":"category","embeddable":true,"href":"http:\/\/hoycordobaweb.com\/index.php\/wp-json\/wp\/v2\/categories?post=81944"},{"taxonomy":"post_tag","embeddable":true,"href":"http:\/\/hoycordobaweb.com\/index.php\/wp-json\/wp\/v2\/tags?post=81944"}],"curies":[{"name":"wp","href":"https:\/\/api.w.org\/{rel}","templated":true}]}}