{"id":81940,"date":"2024-08-21T07:01:05","date_gmt":"2024-08-21T07:01:05","guid":{"rendered":"https:\/\/www.trendencias.com\/shopping\/como-combinar-falda-vaquera-larga-colores-zapatos-accesorios"},"modified":"2024-08-21T07:01:05","modified_gmt":"2024-08-21T07:01:05","slug":"como-combinar-una-falda-vaquera-larga-colores-zapatos-y-accesorios","status":"publish","type":"post","link":"http:\/\/hoycordobaweb.com\/index.php\/2024\/08\/21\/como-combinar-una-falda-vaquera-larga-colores-zapatos-y-accesorios\/","title":{"rendered":"C\u00f3mo combinar una falda vaquera larga: colores, zapatos y accesorios"},"content":{"rendered":"<p>Al igual que los pantalones vaqueros <a href=\"https:\/\/www.trendencias.com\/propuestas-y-consejos\/nuestro-flechazo-vaqueros-wide-leg-tiro-alto-como-llevarlos-cuatro-modelos-favorecedores\">wide leg<\/a>, <strong>las faldas vaqueras largas viven momentos de esplendor<\/strong>, y parece que cu\u00e1nta m\u00e1s calor hace mayor es el largo requerido. Una prenda con cierto regusto retro noventero que es tan vers\u00e1til como favorecedora para todo tipo de siluetas, y que bien sea midi o maxi podemos usar en multitud de ocasiones combinada con el <a href=\"https:\/\/www.trendencias.com\/propuestas-y-consejos\/tendencias-zapatos-que-tienen-todo-para-triunfar-esta-primavera-verano-2023\">calzado en tendencia<\/a> adecuado. Aqu\u00ed te dejamos tres <em>looks <\/em>para citas formales o informales con los que no fallar\u00e1s nunca, as\u00ed que si a\u00fan no tienes una en tu armario c\u00e1psula es hora de subsanar ese error.<\/p>\n<p><!-- BREAK 1 --> <\/p>\n<h2 id=\"falda-vaquera-larga-evase-1\" class=\"toc-enabled\"><span class=\"toc-shortcut-icon\" title=\"Ver \u00cdndice de contenido\"><\/span>Falda vaquera larga evas\u00e9<\/h2>\n<div class=\"article-asset-image article-asset-normal article-asset-center\">\n<div class=\"asset-content\"> <a rel=\"nofollow, sponsored, noopener, noreferrer noopener\" target=\"_blank\" class=\"js-ecommerce\" href=\"https:\/\/www.trendencias.com\/redirect?url=https%3A%2F%2Fwww2.hm.com%2Fes_es%2Fproductpage.1239411002.html&amp;category=shopping&amp;ecomPostExpiration=everlasting&amp;postId=631521\" data-vars-affiliate-url=\"https:\/\/www2.hm.com\/es_es\/productpage.1239411002.html\"> <img class=\"centro_sinmarco\" height=\"7501\" width=\"5000\" loading=\"lazy\" decoding=\"async\" sizes=\"100vw\" fetchpriority=\"high\" srcset=\"http:\/\/hoycordobaweb.com\/wp-content\/uploads\/2024\/08\/como-combinar-una-falda-vaquera-larga-colores-zapatos-y-accesorios.jpg 450w, http:\/\/hoycordobaweb.com\/wp-content\/uploads\/2024\/08\/como-combinar-una-falda-vaquera-larga-colores-zapatos-y-accesorios-19.jpg 681w, http:\/\/hoycordobaweb.com\/wp-content\/uploads\/2024\/08\/como-combinar-una-falda-vaquera-larga-colores-zapatos-y-accesorios-20.jpg 1024w, http:\/\/hoycordobaweb.com\/wp-content\/uploads\/2024\/08\/como-combinar-una-falda-vaquera-larga-colores-zapatos-y-accesorios-21.jpg 1366w\" src=\"http:\/\/hoycordobaweb.com\/wp-content\/uploads\/2024\/08\/como-combinar-una-falda-vaquera-larga-colores-zapatos-y-accesorios.jpg\" alt=\"falda vaquera larga evas\u00e9\"> <noscript><img alt=\"falda vaquera larga evas\u00e9\" class=\"centro_sinmarco\" src=\"http:\/\/hoycordobaweb.com\/wp-content\/uploads\/2024\/08\/como-combinar-una-falda-vaquera-larga-colores-zapatos-y-accesorios.jpg\"><\/noscript> <\/a> <\/div>\n<\/div>\n<p>M\u00e1s all\u00e1 de las faldas vaqueras largas tan vistas con abertura frontal o lateral, est\u00e1n las de corte evas\u00e9 que sientan estupendamente a todas las siluetas. Como esta de <a rel=\"nofollow, sponsored, noopener, noreferrer noopener\" target=\"_blank\" class=\"js-ecommerce\" href=\"https:\/\/www.trendencias.com\/redirect?url=https%3A%2F%2Fwww2.hm.com%2Fes_es&amp;category=shopping&amp;ecomPostExpiration=everlasting&amp;postId=631521\" data-vars-affiliate-url=\"https:\/\/www2.hm.com\/es_es\">H&amp;M<\/a> disponible <strong>en color azul denim claro o en oscuro<\/strong>, con cintura est\u00e1ndar y bolsillos al bi\u00e9s. Ideal para ir c\u00f3moda pero con estilo en el d\u00eda a d\u00eda. \u00bfSu precio? <a rel=\"nofollow, sponsored, noopener, noreferrer noopener\" target=\"_blank\" class=\"js-ecommerce\" href=\"https:\/\/www.trendencias.com\/redirect?url=https%3A%2F%2Fwww2.hm.com%2Fes_es%2Fproductpage.1239411002.html&amp;category=shopping&amp;ecomPostExpiration=everlasting&amp;postId=631521\" data-vars-affiliate-url=\"https:\/\/www2.hm.com\/es_es\/productpage.1239411002.html\">39,99 euros<\/a>.<\/p>\n<p><!-- BREAK 2 --><!-- PIVOT START --><\/p>\n<div class=\"pivot-ecommerce-container m-pivot-ecommerce-redesign article-asset-normal article-asset-center\" readability=\"25.379310344828\">\n<div class=\"pivot-ecommerce\" readability=\"3.2307692307692\">\n<div class=\"pivot-ecommerce-figure\"> <a rel=\"nofollow, sponsored, noopener, noreferrer noopener\" target=\"_blank\" href=\"https:\/\/www.trendencias.com\/redirect?url=https%3A%2F%2Fwww2.hm.com%2Fes_es%2Fproductpage.1239411002.html&amp;category=shopping&amp;pivot=1&amp;ecomPostExpiration=everlasting&amp;postId=631521\"> <img loading=\"lazy\" alt=\"Falda denim de corte evas\u00e9\" width=\"5000\" height=\"5000\" src=\"http:\/\/hoycordobaweb.com\/wp-content\/uploads\/2024\/08\/como-combinar-una-falda-vaquera-larga-colores-zapatos-y-accesorios-1.jpg\"> <\/a> <\/div>\n<div class=\"pivot-ecommerce-summary\" readability=\"3.7692307692308\">\n<p class=\"pivot-ecommerce-desc\">Falda denim de corte evas\u00e9<\/p>\n<\/p><\/div><\/div>\n<p>* Alg\u00fan precio puede haber cambiado desde la \u00faltima revisi\u00f3n<\/p>\n<\/p><\/div>\n<p><!-- PIVOT END --><\/p>\n<h3>C\u00f3mo combinar una falda vaquera larga evas\u00e9<\/h3>\n<p><strong>Camisa cropped<\/strong><\/p>\n<div class=\"article-asset-image article-asset-normal article-asset-center\">\n<div class=\"asset-content\"> <a rel=\"nofollow, sponsored, noopener, noreferrer noopener\" target=\"_blank\" class=\"js-ecommerce\" href=\"https:\/\/www.trendencias.com\/redirect?url=https%3A%2F%2Fwww2.hm.com%2Fes_es%2Fproductpage.1244807001.html&amp;category=shopping&amp;ecomPostExpiration=everlasting&amp;postId=631521\" data-vars-affiliate-url=\"https:\/\/www2.hm.com\/es_es\/productpage.1244807001.html\"> <img class=\"centro_sinmarco\" height=\"7501\" width=\"5000\" loading=\"lazy\" decoding=\"async\" sizes=\"100vw\" fetchpriority=\"high\" srcset=\"http:\/\/hoycordobaweb.com\/wp-content\/uploads\/2024\/08\/como-combinar-una-falda-vaquera-larga-colores-zapatos-y-accesorios-2.jpg 450w, http:\/\/hoycordobaweb.com\/wp-content\/uploads\/2024\/08\/como-combinar-una-falda-vaquera-larga-colores-zapatos-y-accesorios-22.jpg 681w, http:\/\/hoycordobaweb.com\/wp-content\/uploads\/2024\/08\/como-combinar-una-falda-vaquera-larga-colores-zapatos-y-accesorios-23.jpg 1024w, http:\/\/hoycordobaweb.com\/wp-content\/uploads\/2024\/08\/como-combinar-una-falda-vaquera-larga-colores-zapatos-y-accesorios-24.jpg 1366w\" src=\"http:\/\/hoycordobaweb.com\/wp-content\/uploads\/2024\/08\/como-combinar-una-falda-vaquera-larga-colores-zapatos-y-accesorios-2.jpg\" alt=\"camisa cropped\"> <noscript><img alt=\"camisa cropped\" class=\"centro_sinmarco\" src=\"http:\/\/hoycordobaweb.com\/wp-content\/uploads\/2024\/08\/como-combinar-una-falda-vaquera-larga-colores-zapatos-y-accesorios-2.jpg\"><\/noscript> <\/a> <\/div>\n<\/div>\n<p>Combinada con una camiseta blanca b\u00e1sica el estilismo ser\u00e1 un diez, pero si queremos seguir las tendencias del momento mejor apostar por una camisa de corte <em>cropped <\/em>por encima de la cintura. Como esta tambi\u00e9n de <a rel=\"nofollow, sponsored, noopener, noreferrer noopener\" target=\"_blank\" class=\"js-ecommerce\" href=\"https:\/\/www.trendencias.com\/redirect?url=https%3A%2F%2Fwww2.hm.com%2Fes_es&amp;category=shopping&amp;ecomPostExpiration=everlasting&amp;postId=631521\" data-vars-affiliate-url=\"https:\/\/www2.hm.com\/es_es\">H&amp;M<\/a> hecha <strong>en popelina de algod\u00f3n y con efecto frufr\u00fa<\/strong> gracias al cord\u00f3n de ajuste que lleva integrado. Cuesta <a rel=\"nofollow, sponsored, noopener, noreferrer noopener\" target=\"_blank\" class=\"js-ecommerce\" href=\"https:\/\/www.trendencias.com\/redirect?url=https%3A%2F%2Fwww2.hm.com%2Fes_es%2Fproductpage.1244807001.html&amp;category=shopping&amp;ecomPostExpiration=everlasting&amp;postId=631521\" data-vars-affiliate-url=\"https:\/\/www2.hm.com\/es_es\/productpage.1244807001.html\">15,99 euros<\/a> y est\u00e1 disponible en blanco, negro y beige.<\/p>\n<p><!-- BREAK 3 --> <!-- PIVOT START --><\/p>\n<div class=\"pivot-ecommerce-container m-pivot-ecommerce-redesign article-asset-normal article-asset-center\" readability=\"25.856\">\n<div class=\"pivot-ecommerce\" readability=\"3.6393442622951\">\n<div class=\"pivot-ecommerce-figure\"> <a rel=\"nofollow, sponsored, noopener, noreferrer noopener\" target=\"_blank\" href=\"https:\/\/www.trendencias.com\/redirect?url=https%3A%2F%2Fwww2.hm.com%2Fes_es%2Fproductpage.1244807001.html&amp;category=shopping&amp;pivot=1&amp;ecomPostExpiration=everlasting&amp;postId=631521\"> <img loading=\"lazy\" alt=\"Camisa cropped con cord\u00f3n de ajuste\" width=\"5000\" height=\"5000\" src=\"http:\/\/hoycordobaweb.com\/wp-content\/uploads\/2024\/08\/como-combinar-una-falda-vaquera-larga-colores-zapatos-y-accesorios-3.jpg\"> <\/a> <\/div>\n<div class=\"pivot-ecommerce-summary\" readability=\"4.2459016393443\">\n<p class=\"pivot-ecommerce-desc\">Camisa cropped con cord\u00f3n de ajuste<\/p>\n<\/p><\/div><\/div>\n<p>* Alg\u00fan precio puede haber cambiado desde la \u00faltima revisi\u00f3n<\/p>\n<\/p><\/div>\n<p><!-- PIVOT END --><\/p>\n<p><strong>Tacones destalonados<\/strong><\/p>\n<div class=\"article-asset-image article-asset-normal article-asset-center\">\n<div class=\"asset-content\"> <a rel=\"nofollow, sponsored, noopener, noreferrer noopener\" target=\"_blank\" class=\"js-ecommerce\" href=\"https:\/\/www.trendencias.com\/redirect?url=https%3A%2F%2Fwww.elcorteingles.es%2Fmoda-mujer%2FMP_0167163_023894BLANCO-zapatos-de-salon-de-mujer-destalonados-y-detalle-de-cadena-en-el-empeine%2F%3FparentCategoryId%3D999.39073052013%26color%3DBlanco&amp;category=shopping&amp;ecomPostExpiration=everlasting&amp;postId=631521\" data-vars-affiliate-url=\"https:\/\/www.elcorteingles.es\/moda-mujer\/MP_0167163_023894BLANCO-zapatos-de-salon-de-mujer-destalonados-y-detalle-de-cadena-en-el-empeine\/?parentCategoryId=999.39073052013&amp;color=Blanco\"> <img class=\"centro_sinmarco\" height=\"666\" width=\"966\" loading=\"lazy\" decoding=\"async\" sizes=\"100vw\" fetchpriority=\"high\" srcset=\"http:\/\/hoycordobaweb.com\/wp-content\/uploads\/2024\/08\/como-combinar-una-falda-vaquera-larga-colores-zapatos-y-accesorios-4.jpg 450w, http:\/\/hoycordobaweb.com\/wp-content\/uploads\/2024\/08\/como-combinar-una-falda-vaquera-larga-colores-zapatos-y-accesorios-25.jpg 681w, http:\/\/hoycordobaweb.com\/wp-content\/uploads\/2024\/08\/como-combinar-una-falda-vaquera-larga-colores-zapatos-y-accesorios-26.jpg 1024w, http:\/\/hoycordobaweb.com\/wp-content\/uploads\/2024\/08\/como-combinar-una-falda-vaquera-larga-colores-zapatos-y-accesorios-27.jpg 1366w\" src=\"http:\/\/hoycordobaweb.com\/wp-content\/uploads\/2024\/08\/como-combinar-una-falda-vaquera-larga-colores-zapatos-y-accesorios-4.jpg\" alt=\"Tacones Destalonados\"> <noscript><img alt=\"Tacones Destalonados\" class=\"centro_sinmarco\" src=\"http:\/\/hoycordobaweb.com\/wp-content\/uploads\/2024\/08\/como-combinar-una-falda-vaquera-larga-colores-zapatos-y-accesorios-4.jpg\"><\/noscript> <\/a> <\/div>\n<\/div>\n<p>Por supuesto que nuestro <em>outfit <\/em>funcionar\u00eda con unas <a href=\"https:\/\/www.trendencias.com\/shopping\/como-combinar-unas-sandalias-planas-look-elegante-casual-sport\">sandalias planas<\/a>, pero para elevar su sofisticaci\u00f3n apostamos por unos zapatos de sal\u00f3n destalonados de la marca Membur. Con puntera redondeada y un chul\u00edsimo adorno de cadena en el empeine, llevan <strong>cierre de hebilla en el tobillo y un tac\u00f3n cuadrado de seis cent\u00edmetros<\/strong> muy c\u00f3modo en color a contraste. Los encontramos rebajados en <a rel=\"nofollow, sponsored, noopener, noreferrer noopener\" target=\"_blank\" class=\"js-ecommerce\" href=\"https:\/\/www.trendencias.com\/redirect?url=https%3A%2F%2Fwww.elcorteingles.es%2F&amp;category=shopping&amp;ecomPostExpiration=everlasting&amp;postId=631521\" data-vars-affiliate-url=\"https:\/\/www.elcorteingles.es\/\">El Corte Ingl\u00e9s<\/a> por <a rel=\"nofollow, sponsored, noopener, noreferrer noopener\" target=\"_blank\" class=\"js-ecommerce\" href=\"https:\/\/www.trendencias.com\/redirect?url=https%3A%2F%2Fwww.elcorteingles.es%2Fmoda-mujer%2FMP_0167163_023894BLANCO-zapatos-de-salon-de-mujer-destalonados-y-detalle-de-cadena-en-el-empeine%2F%3FparentCategoryId%3D999.39073052013%26color%3DBlanco&amp;category=shopping&amp;ecomPostExpiration=everlasting&amp;postId=631521\" data-vars-affiliate-url=\"https:\/\/www.elcorteingles.es\/moda-mujer\/MP_0167163_023894BLANCO-zapatos-de-salon-de-mujer-destalonados-y-detalle-de-cadena-en-el-empeine\/?parentCategoryId=999.39073052013&amp;color=Blanco\">35,95 euros<\/a> (antes 65,95 euros).<\/p>\n<p><!-- BREAK 4 --><!-- PIVOT START --><\/p>\n<div class=\"pivot-ecommerce-container m-pivot-ecommerce-redesign article-asset-normal article-asset-center\" readability=\"25.494505494505\">\n<div class=\"pivot-ecommerce\" readability=\"4.1186440677966\">\n<div class=\"pivot-ecommerce-figure\"> <a rel=\"nofollow, sponsored, noopener, noreferrer noopener\" target=\"_blank\" href=\"https:\/\/www.trendencias.com\/redirect?url=https%3A%2F%2Fwww.elcorteingles.es%2Fmoda-mujer%2FMP_0167163_023894BLANCO-zapatos-de-salon-de-mujer-destalonados-y-detalle-de-cadena-en-el-empeine%2F%3FparentCategoryId%3D999.39073052013%26color%3DBlanco&amp;category=shopping&amp;pivot=1&amp;ecomPostExpiration=everlasting&amp;postId=631521\"> <img loading=\"lazy\" alt=\"Zapatos de sal\u00f3n de mujer destalonados y detalle de cadena en el empeine Membur\" width=\"665\" height=\"666\" src=\"http:\/\/hoycordobaweb.com\/wp-content\/uploads\/2024\/08\/como-combinar-una-falda-vaquera-larga-colores-zapatos-y-accesorios-5.jpg\"> <\/a> <\/div>\n<div class=\"pivot-ecommerce-summary\" readability=\"4.8050847457627\">\n<p class=\"pivot-ecommerce-desc\">Zapatos de sal\u00f3n de mujer destalonados y detalle de cadena en el empeine Membur<\/p>\n<\/p><\/div><\/div>\n<p>* Alg\u00fan precio puede haber cambiado desde la \u00faltima revisi\u00f3n<\/p>\n<\/p><\/div>\n<p><!-- PIVOT END --><\/p>\n<h2 id=\"falda-vaquera-larga-recta-abertura-2\" class=\"toc-enabled\"><span class=\"toc-shortcut-icon\" title=\"Ver \u00cdndice de contenido\"><\/span>Falda vaquera larga recta con abertura<\/h2>\n<div class=\"article-asset-image article-asset-normal article-asset-center\">\n<div class=\"asset-content\"> <a rel=\"nofollow, sponsored, noopener, noreferrer noopener\" target=\"_blank\" class=\"js-ecommerce\" href=\"https:\/\/www.trendencias.com\/redirect?url=https%3A%2F%2Fwww.lefties.com%2Fes%2Fmujer%2Fropa%2Ffaldas%2Ffalda-denim-midi-c1030267530p624508406.html%3FcolorId%3D427&amp;category=shopping&amp;ecomPostExpiration=everlasting&amp;postId=631521\" data-vars-affiliate-url=\"https:\/\/www.lefties.com\/es\/mujer\/ropa\/faldas\/falda-denim-midi-c1030267530p624508406.html?colorId=427\"> <img class=\"centro_sinmarco\" height=\"2676\" width=\"1784\" loading=\"lazy\" decoding=\"async\" sizes=\"100vw\" fetchpriority=\"high\" srcset=\"http:\/\/hoycordobaweb.com\/wp-content\/uploads\/2024\/08\/como-combinar-una-falda-vaquera-larga-colores-zapatos-y-accesorios-6.jpg 450w, http:\/\/hoycordobaweb.com\/wp-content\/uploads\/2024\/08\/como-combinar-una-falda-vaquera-larga-colores-zapatos-y-accesorios-28.jpg 681w, http:\/\/hoycordobaweb.com\/wp-content\/uploads\/2024\/08\/como-combinar-una-falda-vaquera-larga-colores-zapatos-y-accesorios-29.jpg 1024w, http:\/\/hoycordobaweb.com\/wp-content\/uploads\/2024\/08\/como-combinar-una-falda-vaquera-larga-colores-zapatos-y-accesorios-30.jpg 1366w\" src=\"http:\/\/hoycordobaweb.com\/wp-content\/uploads\/2024\/08\/como-combinar-una-falda-vaquera-larga-colores-zapatos-y-accesorios-6.jpg\" alt=\"Falda denim midi\"> <noscript><img alt=\"Falda denim midi\" class=\"centro_sinmarco\" src=\"http:\/\/hoycordobaweb.com\/wp-content\/uploads\/2024\/08\/como-combinar-una-falda-vaquera-larga-colores-zapatos-y-accesorios-6.jpg\"><\/noscript> <\/a> <\/div>\n<\/div>\n<p>Sin duda alguna las <strong>faldas vaqueras con abertura frontal<\/strong> son las ganadoras en esta tendencia y las m\u00e1s vistas en el <em>street style<\/em>. Esta de <a rel=\"nofollow, sponsored, noopener, noreferrer noopener\" target=\"_blank\" class=\"js-ecommerce\" href=\"https:\/\/www.trendencias.com\/redirect?url=https%3A%2F%2Fwww.lefties.com%2Fes&amp;category=shopping&amp;ecomPostExpiration=everlasting&amp;postId=631521\" data-vars-affiliate-url=\"https:\/\/www.lefties.com\/es\">Lefties<\/a> de largo midi resulta muy c\u00f3moda porque est\u00e1 confeccionada en <em>denim <\/em>el\u00e1stico, tiene cinco bolsillos y cierre frontal de botones met\u00e1licos que le dan un aire retro. \u00bfSu precio? <a rel=\"nofollow, sponsored, noopener, noreferrer noopener\" target=\"_blank\" class=\"js-ecommerce\" href=\"https:\/\/www.trendencias.com\/redirect?url=https%3A%2F%2Fwww.lefties.com%2Fes%2Fmujer%2Fropa%2Ffaldas%2Ffalda-denim-midi-c1030267530p624508406.html%3FcolorId%3D427%26parentId%3D624514886&amp;category=shopping&amp;ecomPostExpiration=everlasting&amp;postId=631521\" data-vars-affiliate-url=\"https:\/\/www.lefties.com\/es\/mujer\/ropa\/faldas\/falda-denim-midi-c1030267530p624508406.html?colorId=427&amp;parentId=624514886\">19,99 euros<\/a>.<\/p>\n<p><!-- BREAK 5 --><!-- PIVOT START --><\/p>\n<div class=\"pivot-ecommerce-container m-pivot-ecommerce-redesign article-asset-normal article-asset-center\" readability=\"23.779816513761\">\n<div class=\"pivot-ecommerce\">\n<div class=\"pivot-ecommerce-figure\"> <a rel=\"nofollow, sponsored, noopener, noreferrer noopener\" target=\"_blank\" href=\"https:\/\/www.trendencias.com\/redirect?url=https%3A%2F%2Fwww.lefties.com%2Fes%2Fmujer%2Fropa%2Ffaldas%2Ffalda-denim-midi-c1030267530p624508406.html%3FcolorId%3D427%26parentId%3D624514886&amp;category=shopping&amp;pivot=1&amp;ecomPostExpiration=everlasting&amp;postId=631521\"> <img loading=\"lazy\" alt=\"Falda denim midi\" width=\"1784\" height=\"1783\" src=\"http:\/\/hoycordobaweb.com\/wp-content\/uploads\/2024\/08\/como-combinar-una-falda-vaquera-larga-colores-zapatos-y-accesorios-7.jpg\"> <\/a> <\/div>\n<div class=\"pivot-ecommerce-summary\">\n<p class=\"pivot-ecommerce-desc\">Falda denim midi<\/p>\n<\/p><\/div><\/div>\n<p>* Alg\u00fan precio puede haber cambiado desde la \u00faltima revisi\u00f3n<\/p>\n<\/p><\/div>\n<p><!-- PIVOT END --><\/p>\n<h3>C\u00f3mo combinar una falda vaquera larga recta con abertura<\/h3>\n<p><strong>Bailarinas de punta afilada<\/strong><\/p>\n<div class=\"article-asset-image article-asset-normal article-asset-center\">\n<div class=\"asset-content\"> <a rel=\"nofollow, sponsored, noopener, noreferrer noopener\" target=\"_blank\" class=\"js-ecommerce\" href=\"https:\/\/www.trendencias.com\/redirect?url=https%3A%2F%2Fwww.amazon.es%2FGIOSEPPO-LAMLASH-Zapatos-Ballet-Mujer%2Fdp%2FB0BV781CPJ&amp;category=shopping&amp;ecomPostExpiration=everlasting&amp;postId=631521\" data-vars-affiliate-url=\"https:\/\/www.amazon.es\/GIOSEPPO-LAMLASH-Zapatos-Ballet-Mujer\/dp\/B0BV781CPJ\"> <img class=\"centro_sinmarco\" height=\"367\" width=\"968\" loading=\"lazy\" decoding=\"async\" sizes=\"100vw\" fetchpriority=\"high\" srcset=\"http:\/\/hoycordobaweb.com\/wp-content\/uploads\/2024\/08\/como-combinar-una-falda-vaquera-larga-colores-zapatos-y-accesorios-8.jpg 450w, http:\/\/hoycordobaweb.com\/wp-content\/uploads\/2024\/08\/como-combinar-una-falda-vaquera-larga-colores-zapatos-y-accesorios-31.jpg 681w, http:\/\/hoycordobaweb.com\/wp-content\/uploads\/2024\/08\/como-combinar-una-falda-vaquera-larga-colores-zapatos-y-accesorios-32.jpg 1024w, http:\/\/hoycordobaweb.com\/wp-content\/uploads\/2024\/08\/como-combinar-una-falda-vaquera-larga-colores-zapatos-y-accesorios-33.jpg 1366w\" src=\"http:\/\/hoycordobaweb.com\/wp-content\/uploads\/2024\/08\/como-combinar-una-falda-vaquera-larga-colores-zapatos-y-accesorios-8.jpg\" alt=\"GIOSEPPO Bailarinas Negras de Piel con Detalle de Tira con Strass para Mujer lamlash\"> <noscript><img alt=\"GIOSEPPO Bailarinas Negras de Piel con Detalle de Tira con Strass para Mujer lamlash\" class=\"centro_sinmarco\" src=\"http:\/\/hoycordobaweb.com\/wp-content\/uploads\/2024\/08\/como-combinar-una-falda-vaquera-larga-colores-zapatos-y-accesorios-8.jpg\"><\/noscript> <\/a> <\/div>\n<\/div>\n<p>Para que nuestras piernas parezcan m\u00e1s largas, nada mejor que unas bailarinas de punta afilada. Y si las escogemos en color negro como estas<strong> bailarinas de piel de Gioseppo<\/strong> nos aseguraremos de poder combinarlas f\u00e1cilmente en muchos estilismos m\u00e1s. Llevan una tira de <em>strass <\/em>en el empeine para un efecto <em>glow up<\/em> inmediato. Las encontramos rebajadas en <a rel=\"nofollow, sponsored, noopener, noreferrer noopener\" target=\"_blank\" class=\"js-ecommerce\" href=\"https:\/\/www.trendencias.com\/redirect?url=https%3A%2F%2Fwww.amazon.es%2F&amp;category=shopping&amp;ecomPostExpiration=everlasting&amp;postId=631521\" data-vars-affiliate-url=\"https:\/\/www.amazon.es\/\">Amazon<\/a> por <a rel=\"nofollow, sponsored, noopener, noreferrer noopener\" target=\"_blank\" class=\"js-ecommerce\" href=\"https:\/\/www.trendencias.com\/redirect?url=https%3A%2F%2Fwww.amazon.es%2FGIOSEPPO-LAMLASH-Zapatos-Ballet-Mujer%2Fdp%2FB0BV781CPJ&amp;category=shopping&amp;ecomPostExpiration=everlasting&amp;postId=631521\" data-vars-affiliate-url=\"https:\/\/www.amazon.es\/GIOSEPPO-LAMLASH-Zapatos-Ballet-Mujer\/dp\/B0BV781CPJ\">39,95 euros<\/a> (antes 64,95 euros).<\/p>\n<p><!-- BREAK 6 --> <!-- PIVOT START --><\/p>\n<div class=\"pivot-ecommerce-container m-pivot-ecommerce-redesign article-asset-normal article-asset-center\" readability=\"19.692307692308\">\n<div class=\"pivot-ecommerce\" readability=\"2.8852459016393\">\n<div class=\"pivot-ecommerce-figure\"> <a rel=\"nofollow, sponsored, noopener, noreferrer noopener\" target=\"_blank\" href=\"https:\/\/www.trendencias.com\/redirect?url=https%3A%2F%2Fwww.amazon.es%2Fdp%2FB0BV781CPJ%3Ftag%3Dtrendencias-21%26linkCode%3Dogi%26th%3D1%26psc%3D1&amp;category=shopping&amp;pivot=1&amp;ecomPostExpiration=everlasting&amp;postId=631521\"> <img loading=\"lazy\" alt=\"GIOSEPPO Bailarinas Negras de Piel con Detalle de Tira con Strass para Mujer lamlash\" width=\"500\" height=\"500\" src=\"http:\/\/hoycordobaweb.com\/wp-content\/uploads\/2024\/08\/como-combinar-una-falda-vaquera-larga-colores-zapatos-y-accesorios-9.jpg\"> <\/a> <\/div>\n<div class=\"pivot-ecommerce-summary\" readability=\"3.3661202185792\">\n<p class=\"pivot-ecommerce-desc\">GIOSEPPO Bailarinas Negras de Piel con Detalle de Tira con Strass para Mujer lamlash<\/p>\n<\/p><\/div><\/div>\n<p>* Alg\u00fan precio puede haber cambiado desde la \u00faltima revisi\u00f3n<\/p>\n<\/p><\/div>\n<p><!-- PIVOT END --><\/p>\n<p><strong>Camiseta a rayas<\/strong><\/p>\n<div class=\"article-asset-image article-asset-normal article-asset-center\">\n<div class=\"asset-content\"> <a rel=\"nofollow, sponsored, noopener, noreferrer noopener\" target=\"_blank\" class=\"js-ecommerce\" href=\"https:\/\/www.trendencias.com\/redirect?url=https%3A%2F%2Fwww.uniqlo.com%2Fes%2Fes%2Fproduct%2Fcamiseta-corta-rayas-476248.html&amp;category=shopping&amp;ecomPostExpiration=everlasting&amp;postId=631521\" data-vars-affiliate-url=\"https:\/\/www.uniqlo.com\/es\/es\/product\/camiseta-corta-rayas-476248.html\"> <img class=\"centro_sinmarco\" height=\"2000\" width=\"2000\" loading=\"lazy\" decoding=\"async\" sizes=\"100vw\" fetchpriority=\"high\" srcset=\"http:\/\/hoycordobaweb.com\/wp-content\/uploads\/2024\/08\/como-combinar-una-falda-vaquera-larga-colores-zapatos-y-accesorios-10.jpg 450w, http:\/\/hoycordobaweb.com\/wp-content\/uploads\/2024\/08\/como-combinar-una-falda-vaquera-larga-colores-zapatos-y-accesorios-34.jpg 681w, http:\/\/hoycordobaweb.com\/wp-content\/uploads\/2024\/08\/como-combinar-una-falda-vaquera-larga-colores-zapatos-y-accesorios-35.jpg 1024w, http:\/\/hoycordobaweb.com\/wp-content\/uploads\/2024\/08\/como-combinar-una-falda-vaquera-larga-colores-zapatos-y-accesorios-36.jpg 1366w\" src=\"http:\/\/hoycordobaweb.com\/wp-content\/uploads\/2024\/08\/como-combinar-una-falda-vaquera-larga-colores-zapatos-y-accesorios-10.jpg\" alt=\"Eugoods 69 476248\"> <noscript><img alt=\"Eugoods 69 476248\" class=\"centro_sinmarco\" src=\"http:\/\/hoycordobaweb.com\/wp-content\/uploads\/2024\/08\/como-combinar-una-falda-vaquera-larga-colores-zapatos-y-accesorios-10.jpg\"><\/noscript> <\/a> <\/div>\n<\/div>\n<p>El combo camiseta con vaqueros no falla nunca, pero si cambiamos la camiseta en color liso por una de estampado a rayas aumentaremos el rollazo de nuestro <em>outfit <\/em>notablemente. Adoramos esta de manga corta de <a rel=\"nofollow, sponsored, noopener, noreferrer noopener\" target=\"_blank\" class=\"js-ecommerce\" href=\"https:\/\/www.trendencias.com\/redirect?url=https%3A%2F%2Fwww.uniqlo.com%2Fes%2Fes%2F&amp;category=shopping&amp;ecomPostExpiration=everlasting&amp;postId=631521\" data-vars-affiliate-url=\"https:\/\/www.uniqlo.com\/es\/es\/\">Uniqlo<\/a> <strong>con corte ajustado y hecha en tejido de algod\u00f3n muy suave<\/strong>. Cuesta <a rel=\"nofollow, sponsored, noopener, noreferrer noopener\" target=\"_blank\" class=\"js-ecommerce\" href=\"https:\/\/www.trendencias.com\/redirect?url=https%3A%2F%2Fwww.uniqlo.com%2Fes%2Fes%2Fproduct%2Fcamiseta-corta-rayas-476248.html&amp;category=shopping&amp;ecomPostExpiration=everlasting&amp;postId=631521\" data-vars-affiliate-url=\"https:\/\/www.uniqlo.com\/es\/es\/product\/camiseta-corta-rayas-476248.html\">14,90 euros<\/a>.<\/p>\n<p><!-- BREAK 7 --><!-- PIVOT START --><\/p>\n<div class=\"pivot-ecommerce-container m-pivot-ecommerce-redesign article-asset-normal article-asset-center\" readability=\"24.421052631579\">\n<div class=\"pivot-ecommerce\">\n<div class=\"pivot-ecommerce-figure\"> <a rel=\"nofollow, sponsored, noopener, noreferrer noopener\" target=\"_blank\" href=\"https:\/\/www.trendencias.com\/redirect?url=https%3A%2F%2Fwww.uniqlo.com%2Fes%2Fes%2Fproduct%2Fcamiseta-corta-rayas-476248.html&amp;category=shopping&amp;pivot=1&amp;ecomPostExpiration=everlasting&amp;postId=631521\"> <img loading=\"lazy\" alt=\"Camiseta corta (rayas)\" width=\"1999\" height=\"1999\" src=\"http:\/\/hoycordobaweb.com\/wp-content\/uploads\/2024\/08\/como-combinar-una-falda-vaquera-larga-colores-zapatos-y-accesorios-11.jpg\"> <\/a> <\/div>\n<div class=\"pivot-ecommerce-summary\">\n<p class=\"pivot-ecommerce-desc\">Camiseta corta (rayas)<\/p>\n<\/p><\/div><\/div>\n<p>* Alg\u00fan precio puede haber cambiado desde la \u00faltima revisi\u00f3n<\/p>\n<\/p><\/div>\n<p><!-- PIVOT END --><\/p>\n<h2 id=\"falda-vaquera-larga-cruzada-3\" class=\"toc-enabled\"><span class=\"toc-shortcut-icon\" title=\"Ver \u00cdndice de contenido\"><\/span><strong>Falda vaquera larga cruzada<\/strong><\/h2>\n<div class=\"article-asset-image article-asset-normal article-asset-center\">\n<div class=\"asset-content\"> <a rel=\"nofollow, sponsored, noopener, noreferrer noopener\" target=\"_blank\" class=\"js-ecommerce\" href=\"https:\/\/www.trendencias.com\/redirect?url=https%3A%2F%2Fwww.arket.com%2Fen_eur%2Fwomen%2Fskirts%2Fmidi-skirts%2Fproduct.denim-wrap-skirt-blue.1243921001.html&amp;category=shopping&amp;ecomPostExpiration=everlasting&amp;postId=631521\" data-vars-affiliate-url=\"https:\/\/www.arket.com\/en_eur\/women\/skirts\/midi-skirts\/product.denim-wrap-skirt-blue.1243921001.html\"> <img class=\"centro_sinmarco\" height=\"900\" width=\"675\" loading=\"lazy\" decoding=\"async\" sizes=\"100vw\" fetchpriority=\"high\" srcset=\"http:\/\/hoycordobaweb.com\/wp-content\/uploads\/2024\/08\/como-combinar-una-falda-vaquera-larga-colores-zapatos-y-accesorios-12.jpg 450w, http:\/\/hoycordobaweb.com\/wp-content\/uploads\/2024\/08\/como-combinar-una-falda-vaquera-larga-colores-zapatos-y-accesorios-37.jpg 681w, http:\/\/hoycordobaweb.com\/wp-content\/uploads\/2024\/08\/como-combinar-una-falda-vaquera-larga-colores-zapatos-y-accesorios-38.jpg 1024w, http:\/\/hoycordobaweb.com\/wp-content\/uploads\/2024\/08\/como-combinar-una-falda-vaquera-larga-colores-zapatos-y-accesorios-39.jpg 1366w\" src=\"http:\/\/hoycordobaweb.com\/wp-content\/uploads\/2024\/08\/como-combinar-una-falda-vaquera-larga-colores-zapatos-y-accesorios-12.jpg\" alt=\"App006prod Imagen Jpeg 675 X 900 Pixeles Escalado\"> <noscript><img alt=\"App006prod Imagen Jpeg 675 X 900 Pixeles Escalado\" class=\"centro_sinmarco\" src=\"http:\/\/hoycordobaweb.com\/wp-content\/uploads\/2024\/08\/como-combinar-una-falda-vaquera-larga-colores-zapatos-y-accesorios-12.jpg\"><\/noscript> <\/a> <\/div>\n<\/div>\n<p>Una <strong>falda vaquera cruzada de largo midi y talle alto con capas<\/strong> que lleva bajo asim\u00e9trico y cierre de botones. Est\u00e1 confeccionada con un denim de peso medio hecho de algod\u00f3n y su dise\u00f1o nos permite diferenciarnos del resto con m\u00e1ximo estilo. Perfecta para ir a la oficina con <a href=\"https:\/\/www.trendencias.com\/shopping\/como-combinar-blazer-negra-colores-zapatos-accesorios\">blazer negra<\/a> y tac\u00f3n sensato, o en looks m\u00e1s casual con camisa masculina o camiseta b\u00e1sica. La encontramos en <a rel=\"nofollow, sponsored, noopener, noreferrer noopener\" target=\"_blank\" class=\"js-ecommerce\" href=\"https:\/\/www.trendencias.com\/redirect?url=https%3A%2F%2Fwww.arket.com%2Fen_eur%2Findex.html&amp;category=shopping&amp;ecomPostExpiration=everlasting&amp;postId=631521\" data-vars-affiliate-url=\"https:\/\/www.arket.com\/en_eur\/index.html\">Arket<\/a> por <a rel=\"nofollow, sponsored, noopener, noreferrer noopener\" target=\"_blank\" class=\"js-ecommerce\" href=\"https:\/\/www.trendencias.com\/redirect?url=https%3A%2F%2Fwww.arket.com%2Fen_eur%2Fwomen%2Fskirts%2Fmidi-skirts%2Fproduct.denim-wrap-skirt-blue.1243921001.html&amp;category=shopping&amp;ecomPostExpiration=everlasting&amp;postId=631521\" data-vars-affiliate-url=\"https:\/\/www.arket.com\/en_eur\/women\/skirts\/midi-skirts\/product.denim-wrap-skirt-blue.1243921001.html\">79 euros<\/a>.<\/p>\n<p><!-- BREAK 8 --><!-- PIVOT START --><\/p>\n<div class=\"pivot-ecommerce-container m-pivot-ecommerce-redesign article-asset-normal article-asset-center\" readability=\"24.224299065421\">\n<div class=\"pivot-ecommerce\">\n<div class=\"pivot-ecommerce-figure\"> <a rel=\"nofollow, sponsored, noopener, noreferrer noopener\" target=\"_blank\" href=\"https:\/\/www.trendencias.com\/redirect?url=https%3A%2F%2Fwww.arket.com%2Fen_eur%2Fwomen%2Fskirts%2Fmidi-skirts%2Fproduct.denim-wrap-skirt-blue.1243921001.html&amp;category=shopping&amp;pivot=1&amp;ecomPostExpiration=everlasting&amp;postId=631521\"> <img loading=\"lazy\" alt=\"Denim Wrap Skirt\" width=\"675\" height=\"675\" src=\"http:\/\/hoycordobaweb.com\/wp-content\/uploads\/2024\/08\/como-combinar-una-falda-vaquera-larga-colores-zapatos-y-accesorios-13.jpg\"> <\/a> <\/div>\n<div class=\"pivot-ecommerce-summary\">\n<p class=\"pivot-ecommerce-desc\">Denim Wrap Skirt<\/p>\n<\/p><\/div><\/div>\n<p>* Alg\u00fan precio puede haber cambiado desde la \u00faltima revisi\u00f3n<\/p>\n<\/p><\/div>\n<p><!-- PIVOT END --><\/p>\n<h3>C\u00f3mo combinar una falda vaquera larga cruzada<\/h3>\n<p><strong>Escote Bardot<\/strong><\/p>\n<div class=\"article-asset-image article-asset-normal article-asset-center\">\n<div class=\"asset-content\"> <a rel=\"nofollow, sponsored, noopener, noreferrer noopener\" target=\"_blank\" class=\"js-ecommerce\" href=\"https:\/\/www.trendencias.com\/redirect?url=https%3A%2F%2Fwww.elcorteingles.es%2Fmoda-mujer%2FMP_0015298_W250667001100-top-de-mujer-smock-escote-bardot%2F&amp;category=shopping&amp;ecomPostExpiration=everlasting&amp;postId=631521\" data-vars-affiliate-url=\"https:\/\/www.elcorteingles.es\/moda-mujer\/MP_0015298_W250667001100-top-de-mujer-smock-escote-bardot\/\"> <img class=\"centro_sinmarco\" height=\"1200\" width=\"967\" loading=\"lazy\" decoding=\"async\" sizes=\"100vw\" fetchpriority=\"high\" srcset=\"http:\/\/hoycordobaweb.com\/wp-content\/uploads\/2024\/08\/como-combinar-una-falda-vaquera-larga-colores-zapatos-y-accesorios-14.jpg 450w, http:\/\/hoycordobaweb.com\/wp-content\/uploads\/2024\/08\/como-combinar-una-falda-vaquera-larga-colores-zapatos-y-accesorios-40.jpg 681w, http:\/\/hoycordobaweb.com\/wp-content\/uploads\/2024\/08\/como-combinar-una-falda-vaquera-larga-colores-zapatos-y-accesorios-41.jpg 1024w, http:\/\/hoycordobaweb.com\/wp-content\/uploads\/2024\/08\/como-combinar-una-falda-vaquera-larga-colores-zapatos-y-accesorios-42.jpg 1366w\" src=\"http:\/\/hoycordobaweb.com\/wp-content\/uploads\/2024\/08\/como-combinar-una-falda-vaquera-larga-colores-zapatos-y-accesorios-14.jpg\" alt=\"Www 8434355474391 00 Jpg Imagen Avif 967 X 1200 Pixeles Escalado\"> <noscript><img alt=\"Www 8434355474391 00 Jpg Imagen Avif 967 X 1200 Pixeles Escalado\" class=\"centro_sinmarco\" src=\"http:\/\/hoycordobaweb.com\/wp-content\/uploads\/2024\/08\/como-combinar-una-falda-vaquera-larga-colores-zapatos-y-accesorios-14.jpg\"><\/noscript> <\/a> <\/div>\n<\/div>\n<p>Los escotes Bardot son cl\u00e1sicos tan atemporales del verano como el <em>crochet <\/em>o los estampados de flores, y ahora <strong>vuelven a estar en tendencia<\/strong>. Nos quedamos con este top en color crudo y <em>smock <\/em>de largo <em>cropped<\/em>, que a\u00f1adir\u00e1 un toque <em>coquette <\/em>a nuestro estilismo. En <a rel=\"nofollow, sponsored, noopener, noreferrer noopener\" target=\"_blank\" class=\"js-ecommerce\" href=\"https:\/\/www.trendencias.com\/redirect?url=https%3A%2F%2Fwww.elcorteingles.es%2F&amp;category=shopping&amp;ecomPostExpiration=everlasting&amp;postId=631521\" data-vars-affiliate-url=\"https:\/\/www.elcorteingles.es\/\">El Corte Ingl\u00e9s<\/a> por <a rel=\"nofollow, sponsored, noopener, noreferrer noopener\" target=\"_blank\" class=\"js-ecommerce\" href=\"https:\/\/www.trendencias.com\/redirect?url=https%3A%2F%2Fwww.elcorteingles.es%2Fmoda-mujer%2FMP_0015298_W250667001100-top-de-mujer-smock-escote-bardot%2F&amp;category=shopping&amp;ecomPostExpiration=everlasting&amp;postId=631521\" data-vars-affiliate-url=\"https:\/\/www.elcorteingles.es\/moda-mujer\/MP_0015298_W250667001100-top-de-mujer-smock-escote-bardot\/\">29,90 euros<\/a>.<\/p>\n<p><!-- BREAK 9 --><!-- PIVOT START --><\/p>\n<div class=\"pivot-ecommerce-container m-pivot-ecommerce-redesign article-asset-normal article-asset-center\" readability=\"23.661971830986\">\n<div class=\"pivot-ecommerce\" readability=\"3.1538461538462\">\n<div class=\"pivot-ecommerce-figure\"> <a rel=\"nofollow, sponsored, noopener, noreferrer noopener\" target=\"_blank\" href=\"https:\/\/www.trendencias.com\/redirect?url=https%3A%2F%2Fwww.elcorteingles.es%2Fmoda-mujer%2FMP_0015298_W250667001100-top-de-mujer-smock-escote-bardot%2F&amp;category=shopping&amp;pivot=1&amp;ecomPostExpiration=everlasting&amp;postId=631521\"> <img loading=\"lazy\" alt=\"Brownie\nTop de mujer smock escote bardot \" width=\"967\" height=\"966\" src=\"http:\/\/hoycordobaweb.com\/wp-content\/uploads\/2024\/08\/como-combinar-una-falda-vaquera-larga-colores-zapatos-y-accesorios-15.jpg\"> <\/a> <\/div>\n<div class=\"pivot-ecommerce-summary\" readability=\"3.6794871794872\">\n<p class=\"pivot-ecommerce-desc\">Brownie<br \/>\nTop de mujer smock escote bardot\n<\/p>\n<\/p><\/div><\/div>\n<p>* Alg\u00fan precio puede haber cambiado desde la \u00faltima revisi\u00f3n<\/p>\n<\/p><\/div>\n<p><!-- PIVOT END --><\/p>\n<p><strong>Zapatillas<\/strong><\/p>\n<div class=\"article-asset-image article-asset-normal article-asset-center\">\n<div class=\"asset-content\"> <a rel=\"nofollow, sponsored, noopener, noreferrer noopener\" target=\"_blank\" class=\"js-ecommerce\" href=\"https:\/\/www.trendencias.com\/redirect?url=https%3A%2F%2Fwww.adidas.es%2Fzapatilla-samba-og%2FID1479.html%3Fpr%3Doos_rr%26slot%3D7%26rec%3Dmt&amp;category=shopping&amp;ecomPostExpiration=everlasting&amp;postId=631521\" data-vars-affiliate-url=\"https:\/\/www.adidas.es\/zapatilla-samba-og\/ID1479.html?pr=oos_rr&amp;slot=7&amp;rec=mt\"> <img class=\"centro_sinmarco\" height=\"455\" width=\"840\" loading=\"lazy\" decoding=\"async\" sizes=\"100vw\" fetchpriority=\"high\" srcset=\"http:\/\/hoycordobaweb.com\/wp-content\/uploads\/2024\/08\/como-combinar-una-falda-vaquera-larga-colores-zapatos-y-accesorios-16.jpg 450w, http:\/\/hoycordobaweb.com\/wp-content\/uploads\/2024\/08\/como-combinar-una-falda-vaquera-larga-colores-zapatos-y-accesorios-43.jpg 681w, http:\/\/hoycordobaweb.com\/wp-content\/uploads\/2024\/08\/como-combinar-una-falda-vaquera-larga-colores-zapatos-y-accesorios-44.jpg 1024w, http:\/\/hoycordobaweb.com\/wp-content\/uploads\/2024\/08\/como-combinar-una-falda-vaquera-larga-colores-zapatos-y-accesorios-45.jpg 1366w\" src=\"http:\/\/hoycordobaweb.com\/wp-content\/uploads\/2024\/08\/como-combinar-una-falda-vaquera-larga-colores-zapatos-y-accesorios-16.jpg\" alt=\"Adidas Samba\"> <noscript><img alt=\"Adidas Samba\" class=\"centro_sinmarco\" src=\"http:\/\/hoycordobaweb.com\/wp-content\/uploads\/2024\/08\/como-combinar-una-falda-vaquera-larga-colores-zapatos-y-accesorios-16.jpg\"><\/noscript> <\/a> <\/div>\n<\/div>\n<p>Con unas <a href=\"https:\/\/www.trendencias.com\/propuestas-y-consejos\/zapatillas-que-seran-tendencia-2023-nike-new-balance-converse-marcaran-pauta\">zapatillas en tendencia<\/a> de estilo retro y dise\u00f1o atemporal no podemos equivocarnos jam\u00e1s, como con <strong>estas Adidas Samba con detalles en color amarillo y suela en color caramelo<\/strong>. Ideales en cualquier <em>outfit <\/em>casual, y tambi\u00e9n <a href=\"https:\/\/www.trendencias.com\/shopping\/como-combinar-adidas-samba-look-elegante-casual-sport\">f\u00e1ciles de combinar en looks elegantes<\/a>. Su precio en la tienda oficial de la marca es de <a rel=\"nofollow, sponsored, noopener, noreferrer noopener\" target=\"_blank\" class=\"js-ecommerce\" href=\"https:\/\/www.trendencias.com\/redirect?url=https%3A%2F%2Fwww.adidas.es%2Fzapatilla-samba-og%2FID1479.html%3Fpr%3Doos_rr%26slot%3D7%26rec%3Dmt&amp;category=shopping&amp;ecomPostExpiration=everlasting&amp;postId=631521\" data-vars-affiliate-url=\"https:\/\/www.adidas.es\/zapatilla-samba-og\/ID1479.html?pr=oos_rr&amp;slot=7&amp;rec=mt\">120 euros<\/a>.<\/p>\n<p><!-- BREAK 10 --> <!-- PIVOT START --><\/p>\n<div class=\"pivot-ecommerce-container m-pivot-ecommerce-redesign article-asset-normal article-asset-center\" readability=\"19.764705882353\">\n<div class=\"pivot-ecommerce\">\n<div class=\"pivot-ecommerce-figure\"> <a rel=\"nofollow, sponsored, noopener, noreferrer noopener\" target=\"_blank\" href=\"https:\/\/www.trendencias.com\/redirect?url=https%3A%2F%2Fwww.adidas.es%2Fzapatilla-samba-og%2FID1479.html%3Fpr%3Doos_rr%26slot%3D7%26rec%3Dmt&amp;category=shopping&amp;pivot=1&amp;ecomPostExpiration=everlasting&amp;postId=631521\"> <img loading=\"lazy\" alt=\"Zapatilla Samba OG \" width=\"840\" height=\"840\" src=\"http:\/\/hoycordobaweb.com\/wp-content\/uploads\/2024\/08\/como-combinar-una-falda-vaquera-larga-colores-zapatos-y-accesorios-17.jpg\"> <\/a> <\/div>\n<div class=\"pivot-ecommerce-summary\">\n<p class=\"pivot-ecommerce-desc\">Zapatilla Samba OG\n<\/p>\n<\/p><\/div><\/div>\n<p>* Alg\u00fan precio puede haber cambiado desde la \u00faltima revisi\u00f3n<\/p>\n<\/p><\/div>\n<p><!-- PIVOT END --><\/p>\n<div class=\"article-asset-image article-asset-small article-asset-center\">\n<div class=\"asset-content\"> <a rel=\"noopener, noreferrer\" href=\"https:\/\/t.me\/trendenciasshop\"> <img class=\"centro_sinmarco\" height=\"402\" width=\"375\" loading=\"lazy\" decoding=\"async\" sizes=\"100vw\" fetchpriority=\"high\" srcset=\"http:\/\/hoycordobaweb.com\/wp-content\/uploads\/2024\/08\/como-combinar-una-falda-vaquera-larga-colores-zapatos-y-accesorios.png 450w, http:\/\/hoycordobaweb.com\/wp-content\/uploads\/2024\/08\/como-combinar-una-falda-vaquera-larga-colores-zapatos-y-accesorios.png 681w, http:\/\/hoycordobaweb.com\/wp-content\/uploads\/2024\/08\/como-combinar-una-falda-vaquera-larga-colores-zapatos-y-accesorios.png 1024w, http:\/\/hoycordobaweb.com\/wp-content\/uploads\/2024\/08\/como-combinar-una-falda-vaquera-larga-colores-zapatos-y-accesorios.png 1366w\" src=\"http:\/\/hoycordobaweb.com\/wp-content\/uploads\/2024\/08\/como-combinar-una-falda-vaquera-larga-colores-zapatos-y-accesorios.png\" alt=\"Telegram de Trendencias\"> <noscript><img alt=\"Telegram de Trendencias\" class=\"centro_sinmarco\" src=\"http:\/\/hoycordobaweb.com\/wp-content\/uploads\/2024\/08\/como-combinar-una-falda-vaquera-larga-colores-zapatos-y-accesorios.png\"><\/noscript> <\/a> <\/div>\n<\/div>\n<blockquote><p><em>Nota: a<\/em>lgunos de los enlaces de este art\u00edculo son afiliados y pueden reportar un beneficio a Trendencias. En caso de no disponibilidad, las ofertas pueden variar.<\/p><\/blockquote>\n<p>Fotos |<a rel=\"noopener, noreferrer\" href=\"https:\/\/www.instagram.com\/bartabacmode\">@bartabacmode<\/a> | H&amp;M, El Corte Ingl\u00e9s, Uniqlo, Lefties, Amazon, Arket, Adidas<\/p>\n<p>En Trendencias | <a href=\"https:\/\/www.trendencias.com\/shopping\/mejor-secador-difusor-para-pelo-rizado-cual-comprar-consejos-recomendaciones\">El mejor secador con difusor para pelo rizado: \u00bfcu\u00e1l comprar? Consejos y recomendaciones<\/a><\/p>\n<p>En Trendencias | <a href=\"https:\/\/www.trendencias.com\/shopping\/como-combinar-falda-rosa-colores-zapatos-accesorios\">C\u00f3mo combinar una falda rosa: colores, zapatos y accesorios<\/a><\/p>\n<p>En Trendencias | <a href=\"https:\/\/www.trendencias.com\/gourmet\/23-aperitivos-faciles-rapidos-para-tus-proximas-sonadas-reuniones-familia-amigos\">30 aperitivos f\u00e1ciles y r\u00e1pidos para tus pr\u00f3ximas y so\u00f1adas reuniones con familia y amigos<\/a>.<\/p>\n","protected":false},"excerpt":{"rendered":"<p>Al igual que los pantalones vaqueros wide leg, las faldas vaqueras largas viven momentos de esplendor, y parece que cu\u00e1nta m\u00e1s calor hace mayor es el largo requerido. Una prenda con cierto regusto retro noventero que es tan vers\u00e1til como favorecedora para todo tipo de siluetas, y que bien sea midi o maxi podemos usar [&hellip;]<\/p>\n","protected":false},"author":1,"featured_media":81941,"comment_status":"closed","ping_status":"closed","sticky":false,"template":"","format":"standard","meta":[],"categories":[],"tags":[],"_links":{"self":[{"href":"http:\/\/hoycordobaweb.com\/index.php\/wp-json\/wp\/v2\/posts\/81940"}],"collection":[{"href":"http:\/\/hoycordobaweb.com\/index.php\/wp-json\/wp\/v2\/posts"}],"about":[{"href":"http:\/\/hoycordobaweb.com\/index.php\/wp-json\/wp\/v2\/types\/post"}],"author":[{"embeddable":true,"href":"http:\/\/hoycordobaweb.com\/index.php\/wp-json\/wp\/v2\/users\/1"}],"replies":[{"embeddable":true,"href":"http:\/\/hoycordobaweb.com\/index.php\/wp-json\/wp\/v2\/comments?post=81940"}],"version-history":[{"count":0,"href":"http:\/\/hoycordobaweb.com\/index.php\/wp-json\/wp\/v2\/posts\/81940\/revisions"}],"wp:featuredmedia":[{"embeddable":true,"href":"http:\/\/hoycordobaweb.com\/index.php\/wp-json\/wp\/v2\/media\/81941"}],"wp:attachment":[{"href":"http:\/\/hoycordobaweb.com\/index.php\/wp-json\/wp\/v2\/media?parent=81940"}],"wp:term":[{"taxonomy":"category","embeddable":true,"href":"http:\/\/hoycordobaweb.com\/index.php\/wp-json\/wp\/v2\/categories?post=81940"},{"taxonomy":"post_tag","embeddable":true,"href":"http:\/\/hoycordobaweb.com\/index.php\/wp-json\/wp\/v2\/tags?post=81940"}],"curies":[{"name":"wp","href":"https:\/\/api.w.org\/{rel}","templated":true}]}}