{"id":81936,"date":"2024-08-20T11:59:25","date_gmt":"2024-08-20T11:59:25","guid":{"rendered":"https:\/\/www.mujerhoy.com\/moda\/no-te-pierdas\/isabel-preysler-looks-bohemios-alpargatas-entretiempo-20240820135843-nt.html"},"modified":"2024-08-20T11:59:25","modified_gmt":"2024-08-20T11:59:25","slug":"isabel-preysler-mas-alla-de-la-alfombra-roja-sus-mejores-looks-bohemios-con-alpargatas-para-entretiempo","status":"publish","type":"post","link":"http:\/\/hoycordobaweb.com\/index.php\/2024\/08\/20\/isabel-preysler-mas-alla-de-la-alfombra-roja-sus-mejores-looks-bohemios-con-alpargatas-para-entretiempo\/","title":{"rendered":"Isabel Preysler, m\u00e1s all\u00e1 de la alfombra roja: sus mejores looks bohemios con alpargatas para entretiempo"},"content":{"rendered":"<p><!-- AUTHOR --> <\/p>\n<div class=\"voc-author-timesocial \"> <!-- AUTHOR --> <\/p>\n<div class=\"voc-author-timesocial__signature \">\n<div class=\"voc-author-timesocial__img-c\"> <!-- IMAGE AUTHOR --> <picture class=\"voc-image-signature\"> <img class=\"voc-image-signature__img\" src=\"http:\/\/hoycordobaweb.com\/wp-content\/uploads\/2024\/08\/isabel-preysler-mas-alla-de-la-alfombra-roja-sus-mejores-looks-bohemios-con-alpargatas-para-entretiempo.png\" alt=\"Lidia A. Costa\"> <\/picture> <\/div>\n<p> <!-- INFO AUTHOR --> <\/div><\/div>\n<p> <!-- COMPONENTS --> <\/p>\n<p class=\"voc-paragraph\">Conocida como <strong>\u00abla reina de corazones\u00bb<\/strong>, <a data-voc-vtm-id=\"in-text-traffic\" href=\"https:\/\/www.mujerhoy.com\/moda\/no-te-pierdas\/isabel-preysler-sorprende-total-look-negro-restaurante-inigo-onieva-20240515102720-nt.html\" target=\"_self\" rel=\"noopener noreferrer\">Isabel Preysler<\/a> mantiene a sus 73 a\u00f1os la elegancia y belleza que la hicieron famosa all\u00e1 por los a\u00f1os 70 tras su boda con <a data-voc-vtm-id=\"in-text-traffic\" href=\"https:\/\/www.mujerhoy.com\/celebrities\/julio-iglesias-entrevista-biografo-chabeli-favorita-20240623173602-nt.html\" target=\"_self\" rel=\"noopener noreferrer\">Julio Iglesias<\/a>. Consolidada como una de las caras m\u00e1s habituales en la prensa del coraz\u00f3n, un papel que comparte con la mayor\u00eda de sus hijos, la filipina inspira con su elegancia a miles de mujeres.\n<\/p>\n<p class=\"voc-paragraph\">Y si tuvi\u00e9ramos que escoger las prendas principales de su armario, no hay duda: la madre de <a data-voc-vtm-id=\"in-text-traffic\" href=\"https:\/\/www.mujerhoy.com\/celebrities\/tamara-falco-inigo-onieva-aniversario-boda-balance-embarazo-tratamiento-fertilidad-20240708074252-nt.html\" target=\"_self\" rel=\"noopener noreferrer\">Tamara Falc\u00f3<\/a><strong>adora las blusas y camisas, los pantalones con estampados<\/strong> tipo pa\u00f1uelo y, sobre todo en verano, <a data-voc-vtm-id=\"in-text-traffic\" href=\"https:\/\/www.mujerhoy.com\/moda\/no-te-pierdas\/alpargatas-verano-modelos-comodos-elegantes-baratos-zapato-tendencia-20240705073310-nt.html\" target=\"_self\" rel=\"noopener noreferrer\">las alpargatas<\/a>, su calzado preferido.\n<\/p>\n<p class=\"voc-paragraph\">Y es que \u00abla Preysler\u00bb conserva intacto un <strong>sentido innato de la elegancia<\/strong> y el glamour que no ha heredado ninguna de sus tres hijas. Tamara y Ana Boyer, quiz\u00e1s algo, pero Ch\u00e1beli Iglesias no se parece en nada a su madre a la hora de vestir. <\/p>\n<p><h3 class=\"voc-detail__title\"> Isabel Preysler y su estilo innato y atemporal de reina de la elegancia<br \/>\n<\/h3>\n<\/p>\n<p class=\"voc-paragraph\">La viuda de Miguel Boyer y exnovia del escritor Mario Vargas Llosa, adem\u00e1s de exmujer de Julio Iglesias y del marqu\u00e9s de Gri\u00f1\u00f3n, ha tenido una vida llena de cambios a todos los niveles. Pero <strong>lo que nunca ha cambiado es su elegancia innata<\/strong>, heredada sin duda de su madre Beatriz Arrastia, quien tambi\u00e9n fue una mujer muy elegante y glamurosa en su \u00e9poca. No sin la ayuda de sacrificios de todo tipo \u2013dieta, ejercicio y tratamientos est\u00e9ticos\u2013, Preysler ha conservado a lo largo de los a\u00f1os esa elegancia y sofisticaci\u00f3n de la que siempre ha hecho gala. <\/p>\n<div class=\"voc-detail-photo-zoom\"> <picture data-toggle=\"modal\" data-target=\"#photoZoomModal-449\" target=\"modal\">\n<div class=\"voc-img-icon-link\"> <img loading=\"lazy\" src=\"http:\/\/hoycordobaweb.com\/wp-content\/uploads\/2024\/08\/isabel-preysler-mas-alla-de-la-alfombra-roja-sus-mejores-looks-bohemios-con-alpargatas-para-entretiempo.jpg\" width=\"650\" height=\"900\" alt=\"Isabel Preysler con uno de sus looks preferidos formado por pantal\u00f3n estampado y blusa. \"> <noscript> <img src=\"http:\/\/hoycordobaweb.com\/wp-content\/uploads\/2024\/08\/isabel-preysler-mas-alla-de-la-alfombra-roja-sus-mejores-looks-bohemios-con-alpargatas-para-entretiempo.jpg\" alt=\"Isabel Preysler con uno de sus looks preferidos formado por pantal\u00f3n estampado y blusa. \"> <\/noscript> <i class=\"voc-icons zoom voc-multimedia-box voc-ico-l\"><\/i> <\/div><figcaption class=\"figure-caption\">Isabel Preysler con uno de sus looks preferidos formado por pantal\u00f3n estampado y blusa. <\/figcaption><\/picture>\n<\/div>\n<div id=\"photoZoomModal-449\" class=\"voc-lightbox modal fade voc-lightbox--photo-zoom\" role=\"dialog\" data-voc-photozoom-lightbox>\n<div class=\"voc-lightbox__dialog\" role=\"document\">\n<div class=\"voc-lightbox__content\"> <!-- Modal header --> <!-- Modal content --> <\/p>\n<div class=\"voc-lightbox__photo-container\"> <picture class> <img loading=\"lazy\" src=\"http:\/\/hoycordobaweb.com\/wp-content\/uploads\/2024\/08\/isabel-preysler-mas-alla-de-la-alfombra-roja-sus-mejores-looks-bohemios-con-alpargatas-para-entretiempo.jpg\" alt=\"Isabel Preysler con uno de sus looks preferidos formado por pantal\u00f3n estampado y blusa. \"> <noscript> <img src=\"http:\/\/hoycordobaweb.com\/wp-content\/uploads\/2024\/08\/isabel-preysler-mas-alla-de-la-alfombra-roja-sus-mejores-looks-bohemios-con-alpargatas-para-entretiempo.jpg\" alt=\"Isabel Preysler con uno de sus looks preferidos formado por pantal\u00f3n estampado y blusa. \"> <\/noscript> <\/picture> <\/div><\/div><\/div>\n<\/div>\n<p class=\"voc-paragraph\">Nunca le ha gustado la ropa sport o deportiva, y mucho menos para sus apariciones p\u00fablicas. Como buena \u00abpija\u00bb, le parece vulgar. Y en los \u00faltimos a\u00f1os conf\u00eda sus looks m\u00e1s importantes \u2013o sea, casi todos\u2013 <strong>a la estilista de las famosas Cristina Reyes<\/strong>, quien tambi\u00e9n trabaja con otros nombres de la alta sociedad como Margarita Vargas, mujer de Luis Alfonso de Borb\u00f3n, o su propia hija Tamara Falc\u00f3. <\/p>\n<p class=\"voc-paragraph\">Como se puede ver en su reality Isabel Preysler: Mi Navidad (Disney +), estrenado el a\u00f1o pasado, Reyes va a su propia mansi\u00f3n en Puerta de Hierro cada vez que tiene que prepararle alg\u00fan outfit a la Reina de Corazones. Y es divertido c\u00f3mo ambas siempre consiguen ponerse de acuerdo. <\/p>\n<div class=\"voc-detail__cmp\">\n<div class=\"voc-article-container\">\n<article class=\"voc-article voc-article--cmp-photo-text\" readability=\"34.5\">\n<div class=\"voc-img-container\" readability=\"24\"> <picture>\n<div class=\"voc-horizontal voc-img-icon-link\"> <img loading=\"lazy\" src=\"http:\/\/hoycordobaweb.com\/wp-content\/uploads\/2024\/08\/isabel-preysler-mas-alla-de-la-alfombra-roja-sus-mejores-looks-bohemios-con-alpargatas-para-entretiempo.webp\" alt=\"Camisa corta con manga larga, de SANDRO (195 \u20ac). Gafas de sol, de D FRANKLIN (59, 99 \u20ac). Camisa rosa con manga carta, de BERSHKA (16 \u20ac). Pantal\u00f3n estampado, de COOSY (89 \u20ac). Sandalias en piel dorada, de PITILLOS (69, 95 \u20ac). Bolso de rafia redondo, de PARFOIS (23, 99 \u20ac). Sandalia trenzada con plataforma, de PONS QUINTANA (250 \u20ac). Pantal\u00f3n estampado con tiro alto, de ALGO BONITO (C.P.V.). Pendientes Pacific, en acero ba\u00f1ado en oro, de SINGULARU (22, 99 \u20ac).\" width=\"624\" height=\"624\"> <\/div>\n<\/picture>\n<p class=\"figure-caption \"> Camisa corta con manga larga, de SANDRO (195 \u20ac). Gafas de sol, de D FRANKLIN (59, 99 \u20ac). Camisa rosa con manga carta, de BERSHKA (16 \u20ac). Pantal\u00f3n estampado, de COOSY (89 \u20ac). Sandalias en piel dorada, de PITILLOS (69, 95 \u20ac). Bolso de rafia redondo, de PARFOIS (23, 99 \u20ac). Sandalia trenzada con plataforma, de PONS QUINTANA (250 \u20ac). Pantal\u00f3n estampado con tiro alto, de ALGO BONITO (C.P.V.). Pendientes Pacific, en acero ba\u00f1ado en oro, de SINGULARU (22, 99 \u20ac). \/ <span class=\"voc-photo-author\"> MUJERHOY. <\/span> <\/p>\n<\/p><\/div>\n<\/article><\/div>\n<\/div>\n<p class=\"voc-paragraph\">Entre las firmas preferidas de Preysler est\u00e1n Tot-Hom, fundada por Marta Rota, y The 2nd Skin Co. Y <strong>tambi\u00e9n ha lucido los fabulosos dise\u00f1os de Redondo Brand<\/strong>, la preciosa firma de Jorge Redondo que en muy poco tiempo se ha convertido en sello fetiche de las arist\u00f3cratas y damas de la alta sociedad m\u00e1s elegantes y glamourosas. <\/p>\n<p class=\"voc-paragraph\">Vemos que en los \u00faltimos a\u00f1os Preysler opta por marcas espa\u00f1olas, tambi\u00e9n en su calzado estrella del verano: las <strong>alpargatas<\/strong>. Pero no siempre fue as\u00ed. Durante su \u00e9poca de mayor protagonismo en al cr\u00f3nica social, era asidua a firmas internacionales como Oscar de la Renta, Giorgio Armani o Zuhair Murad. <\/p>\n<p><h3 class=\"voc-detail__title\"> Isabel Preysler, la inspiraci\u00f3n de miles de mujeres (y no tanto de sus hijas)<br \/>\n<\/h3>\n<\/p>\n<p class=\"voc-paragraph\">La suegra de \u00cd\u00f1igo Onieva, que fue una de las grandes protagonistas de la cr\u00f3nica social de nuestro pa\u00eds durante d\u00e9cadas, ha emparentado con artistas, arist\u00f3cratas, pol\u00edticos y hasta premios Nobel de Literatura. Un curriculum amoroso en el que se entrecruzan perfiles de parejas de muy distinta \u00edndole y que demuestran que Isabel Preysler siempre ha sido <strong>una mujer preparada, actualizada y con un magnetismo muy especial<\/strong>. Y con cinco hijos famosos tanto o m\u00e1s que ella. De sus tres hijas, lo cierto es que no se puede decir que hayan heredado la elegancia de su madre. <\/p>\n<div class=\"voc-detail-photo-zoom\"> <picture data-toggle=\"modal\" data-target=\"#photoZoomModal-305\" target=\"modal\">\n<div class=\"voc-img-icon-link\"> <img loading=\"lazy\" src=\"http:\/\/hoycordobaweb.com\/wp-content\/uploads\/2024\/08\/isabel-preysler-mas-alla-de-la-alfombra-roja-sus-mejores-looks-bohemios-con-alpargatas-para-entretiempo-1.webp\" width=\"650\" height=\"900\" alt=\"La socilait\u00e9 tambi\u00e9n adora los looks bohemios con alpargatas. \"> <noscript> <img src=\"http:\/\/hoycordobaweb.com\/wp-content\/uploads\/2024\/08\/isabel-preysler-mas-alla-de-la-alfombra-roja-sus-mejores-looks-bohemios-con-alpargatas-para-entretiempo-1.webp\" alt=\"La socilait\u00e9 tambi\u00e9n adora los looks bohemios con alpargatas. \"> <\/noscript> <i class=\"voc-icons zoom voc-multimedia-box voc-ico-l\"><\/i> <\/div><figcaption class=\"figure-caption\">La socilait\u00e9 tambi\u00e9n adora los looks bohemios con alpargatas. <\/figcaption><\/picture>\n<\/div>\n<div id=\"photoZoomModal-305\" class=\"voc-lightbox modal fade voc-lightbox--photo-zoom\" role=\"dialog\" data-voc-photozoom-lightbox>\n<div class=\"voc-lightbox__dialog\" role=\"document\">\n<div class=\"voc-lightbox__content\"> <!-- Modal header --> <!-- Modal content --> <\/p>\n<div class=\"voc-lightbox__photo-container\"> <picture class> <img loading=\"lazy\" src=\"http:\/\/hoycordobaweb.com\/wp-content\/uploads\/2024\/08\/isabel-preysler-mas-alla-de-la-alfombra-roja-sus-mejores-looks-bohemios-con-alpargatas-para-entretiempo-1.webp\" alt=\"La socilait\u00e9 tambi\u00e9n adora los looks bohemios con alpargatas. \"> <noscript> <img src=\"http:\/\/hoycordobaweb.com\/wp-content\/uploads\/2024\/08\/isabel-preysler-mas-alla-de-la-alfombra-roja-sus-mejores-looks-bohemios-con-alpargatas-para-entretiempo-1.webp\" alt=\"La socilait\u00e9 tambi\u00e9n adora los looks bohemios con alpargatas. \"> <\/noscript> <\/picture> <\/div><\/div><\/div>\n<\/div>\n<p class=\"voc-paragraph\">Tamara Falc\u00f3 y Ana Boyer son quiz\u00e1s las que mejor lo hacen en eso de seguir el ejemplo de su madre en cuanto a una vestimenta siempre correcta, elegante y glamourosa. Pero en ning\u00fan caso tienen ese sentido de la elegancia innato de su famosa progenitora. Y de Ch\u00e1beli Iglesias, la mayor de las hijas del exmatrimonio Iglesias Preysler, <strong>la diferencia con sus madre es abismal<\/strong>. <\/p>\n<p class=\"voc-paragraph\">Retirada a la vida familiar \u2013\u2013y a la decoraci\u00f3n, como hemos sabido con el programa de TVE en el que redecora casas de famosos mano a mano con su hermano Julio Jos\u00e9\u2013, Ch\u00e1beli siempre ha vestido como una \u00abpija\u00bb sin estilo y cl\u00e1sica de m\u00e1s. Pero fuera de su familia existen miles de mujeres que, d\u00e9cadas despu\u00e9s, siguen admirando el estilo de Isabel Presyler por encima de todas las cosas.\n<\/p>\n<div class=\"voc-detail__cmp\">\n<div class=\"voc-article-container\">\n<article class=\"voc-article voc-article--cmp-photo-text\" readability=\"34.5\">\n<div class=\"voc-img-container\" readability=\"24\"> <picture>\n<div class=\"voc-horizontal voc-img-icon-link\"> <img loading=\"lazy\" src=\"http:\/\/hoycordobaweb.com\/wp-content\/uploads\/2024\/08\/isabel-preysler-mas-alla-de-la-alfombra-roja-sus-mejores-looks-bohemios-con-alpargatas-para-entretiempo-2.webp\" alt=\"Camisa blanca corta, de SANDRO (195 \u20ac). Gafas de sol con silueta geom\u00e9trica, de M\u00d3 DE MULTI\u00d3PTICAS (49 \u20ac). Blusa con detalles calados, de INDI &amp; COLD (53, 90 \u20ac). Falda boho con cinturilla ajustable, de BERSHKA (20 \u20ac). Zueco tipo alpargata Austen, de MUSTANG (49, 95 \u20ac). Bolso de crochet, de PARFOIS (25, 99 \u20ac). Alpargatas Sof\u00eda, en piel dorada, de HISPANITAS (99, 95 \u20ac). Falda Florita, de COOSY (139 \u20ac). Collar con abalorios y pieza de porcelana, de CASHFANA (130 \u20ac).\" width=\"624\" height=\"624\"> <\/div>\n<\/picture>\n<p class=\"figure-caption \"> Camisa blanca corta, de SANDRO (195 \u20ac). Gafas de sol con silueta geom\u00e9trica, de M\u00d3 DE MULTI\u00d3PTICAS (49 \u20ac). Blusa con detalles calados, de INDI &amp; COLD (53, 90 \u20ac). Falda boho con cinturilla ajustable, de BERSHKA (20 \u20ac). Zueco tipo alpargata Austen, de MUSTANG (49, 95 \u20ac). Bolso de crochet, de PARFOIS (25, 99 \u20ac). Alpargatas Sof\u00eda, en piel dorada, de HISPANITAS (99, 95 \u20ac). Falda Florita, de COOSY (139 \u20ac). Collar con abalorios y pieza de porcelana, de CASHFANA (130 \u20ac). \/ <span class=\"voc-photo-author\"> GTRES. <\/span> <\/p>\n<\/p><\/div>\n<\/article><\/div>\n<\/div>\n<p class=\"voc-paragraph\">Imagen y amiga de firmas como los m\u00edticos bombones Ferrero Rocher, los azulejos Porcelanosa, las joyas Su\u00e1rez o las gafas de M\u00f3 de Multi\u00f3pticas, la exnovia del escritor Mario Vagas Llosa <strong>mantiene un f\u00edsico envidiable<\/strong> con el que, si quisiera, podr\u00eda seguir llevando algunos de esos fabulosos vestidos que luci\u00f3 en su \u00e9poca m\u00e1s activa y glamourosa. Y es que Isabel Presyler sigue siendo una reina. De corazones, de estilo y de lo que se le ponga por delante.\n<\/p>\n<p> <!-- TOPICS --> <\/p>\n","protected":false},"excerpt":{"rendered":"<p>Conocida como \u00abla reina de corazones\u00bb, Isabel Preysler mantiene a sus 73 a\u00f1os la elegancia y belleza que la hicieron famosa all\u00e1 por los a\u00f1os 70 tras su boda con Julio Iglesias. Consolidada como una de las caras m\u00e1s habituales en la prensa del coraz\u00f3n, un papel que comparte con la mayor\u00eda de sus hijos, [&hellip;]<\/p>\n","protected":false},"author":1,"featured_media":81937,"comment_status":"closed","ping_status":"closed","sticky":false,"template":"","format":"standard","meta":[],"categories":[],"tags":[],"_links":{"self":[{"href":"http:\/\/hoycordobaweb.com\/index.php\/wp-json\/wp\/v2\/posts\/81936"}],"collection":[{"href":"http:\/\/hoycordobaweb.com\/index.php\/wp-json\/wp\/v2\/posts"}],"about":[{"href":"http:\/\/hoycordobaweb.com\/index.php\/wp-json\/wp\/v2\/types\/post"}],"author":[{"embeddable":true,"href":"http:\/\/hoycordobaweb.com\/index.php\/wp-json\/wp\/v2\/users\/1"}],"replies":[{"embeddable":true,"href":"http:\/\/hoycordobaweb.com\/index.php\/wp-json\/wp\/v2\/comments?post=81936"}],"version-history":[{"count":0,"href":"http:\/\/hoycordobaweb.com\/index.php\/wp-json\/wp\/v2\/posts\/81936\/revisions"}],"wp:featuredmedia":[{"embeddable":true,"href":"http:\/\/hoycordobaweb.com\/index.php\/wp-json\/wp\/v2\/media\/81937"}],"wp:attachment":[{"href":"http:\/\/hoycordobaweb.com\/index.php\/wp-json\/wp\/v2\/media?parent=81936"}],"wp:term":[{"taxonomy":"category","embeddable":true,"href":"http:\/\/hoycordobaweb.com\/index.php\/wp-json\/wp\/v2\/categories?post=81936"},{"taxonomy":"post_tag","embeddable":true,"href":"http:\/\/hoycordobaweb.com\/index.php\/wp-json\/wp\/v2\/tags?post=81936"}],"curies":[{"name":"wp","href":"https:\/\/api.w.org\/{rel}","templated":true}]}}