{"id":81934,"date":"2024-08-21T05:11:38","date_gmt":"2024-08-21T05:11:38","guid":{"rendered":"https:\/\/www.mujerhoy.com\/moda\/no-te-pierdas\/camisa-blanca-nuevo-instagram-basicos-zara-20240821011625-nt.html"},"modified":"2024-08-21T05:11:38","modified_gmt":"2024-08-21T05:11:38","slug":"las-novedades-de-la-semana-de-zara-vestidos-boho-pantalones-que-hacen-tipazo-y-otras-prendas-para-llevar-en-septiembre","status":"publish","type":"post","link":"http:\/\/hoycordobaweb.com\/index.php\/2024\/08\/21\/las-novedades-de-la-semana-de-zara-vestidos-boho-pantalones-que-hacen-tipazo-y-otras-prendas-para-llevar-en-septiembre\/","title":{"rendered":"Las novedades de la semana de Zara: vestidos boho, pantalones que hacen tipazo y otras prendas para llevar en septiembre"},"content":{"rendered":"<p><!-- AUTHOR --> <\/p>\n<div class=\"voc-author-timesocial \"> <!-- AUTHOR --> <\/p>\n<div class=\"voc-author-timesocial__signature \">\n<div class=\"voc-author-timesocial__img-c\"> <!-- IMAGE AUTHOR --> <picture class=\"voc-image-signature\"> <img class=\"voc-image-signature__img\" src=\"http:\/\/hoycordobaweb.com\/wp-content\/uploads\/2024\/08\/las-novedades-de-la-semana-de-zara-vestidos-boho-pantalones-que-hacen-tipazo-y-otras-prendas-para-llevar-en-septiembre.jpg\" alt=\"Gemma Cano\"> <\/picture> <\/div>\n<p> <!-- INFO AUTHOR --> <\/p>\n<div class=\"voc-author-timesocial__info\">\n<div class=\"voc-author-info\"> <author> <a class=\"voc-author\" href=\"https:\/\/www.mujerhoy.com\/autor\/gemma-cano-1220.html\">Gemma Cano<\/a> <\/author> <time datetime=\"2024-08-21T05:11:38Z\" data-timestamp>Publicado \u00b7 <span data-voc-date-modified-short>21 de agosto de 2024, 07:11 h<\/span><\/time> <\/div><\/div><\/div><\/div>\n<p> <!-- COMPONENTS --> <\/p>\n<p class=\"voc-paragraph\">Esta semana la lista de compras sigue llegando cargada de ideas con sabor a entretiempo. Las <a data-voc-vtm-id=\"in-text-traffic\" href=\"https:\/\/www.mujerhoy.com\/moda\/no-te-pierdas\/nuevo-hym-vestidos-midi-basicos-baratos-20240817082239-nt.html\">secciones de novedades<\/a> de nuestras marcas de referencia est\u00e1n repletas de <strong>prendas y accesorios que nos invitan a renovar nuestro armario por completo<\/strong> para disfrutar de los \u00faltimos d\u00edas de verano.\n<\/p>\n<p class=\"voc-paragraph\">\u00bf<br \/>\n<a data-voc-vtm-id=\"in-text-traffic\" href=\"https:\/\/www.mujerhoy.com\/moda\/no-te-pierdas\/nuevo-sfera-semana-vestido-falda-midi-basicos-2024-20240816080749-nt.html?ref=https%3A%2F%2Fwww.mujerhoy.com%2Fautor%2Fgemma-cano-1220.html\">Qu\u00e9 nos propone<\/a> Zara esta semana? Elegantes vestidos con todo tipo de dise\u00f1os, faldas cortas de tipo pareo, bailarinas en tonos metalizados, camisas blancas que se adaptan casi a cualquier situaci\u00f3n, un original bolso de fiesta con flores en relieve y <strong>muchas otras novedades totalmente imprescindibles<\/strong>.\n<\/p>\n<div class=\"voc-detail-photo-zoom\"> <picture data-toggle=\"modal\" data-target=\"#photoZoomModal-778\" target=\"modal\">\n<div class=\"voc-img-icon-link\"> <img loading=\"lazy\" src=\"http:\/\/hoycordobaweb.com\/wp-content\/uploads\/2024\/08\/las-novedades-de-la-semana-de-zara-vestidos-boho-pantalones-que-hacen-tipazo-y-otras-prendas-para-llevar-en-septiembre.webp\" width=\"460\" height=\"637\" alt=\"Camisa blanca de Zara (29,99 euros)\"> <noscript> <img src=\"http:\/\/hoycordobaweb.com\/wp-content\/uploads\/2024\/08\/las-novedades-de-la-semana-de-zara-vestidos-boho-pantalones-que-hacen-tipazo-y-otras-prendas-para-llevar-en-septiembre.webp\" alt=\"Camisa blanca de Zara (29,99 euros)\"> <\/noscript> <i class=\"voc-icons zoom voc-multimedia-box voc-ico-l\"><\/i> <\/div><figcaption class=\"figure-caption\">Camisa blanca de Zara (29,99 euros)<\/figcaption><\/picture>\n<\/div>\n<div id=\"photoZoomModal-778\" class=\"voc-lightbox modal fade voc-lightbox--photo-zoom\" role=\"dialog\" data-voc-photozoom-lightbox>\n<div class=\"voc-lightbox__dialog\" role=\"document\">\n<div class=\"voc-lightbox__content\"> <!-- Modal header --> <!-- Modal content --> <\/p>\n<div class=\"voc-lightbox__photo-container\"> <picture class> <img loading=\"lazy\" src=\"http:\/\/hoycordobaweb.com\/wp-content\/uploads\/2024\/08\/las-novedades-de-la-semana-de-zara-vestidos-boho-pantalones-que-hacen-tipazo-y-otras-prendas-para-llevar-en-septiembre.webp\" alt=\"Camisa blanca de Zara (29,99 euros)\"> <noscript> <img src=\"http:\/\/hoycordobaweb.com\/wp-content\/uploads\/2024\/08\/las-novedades-de-la-semana-de-zara-vestidos-boho-pantalones-que-hacen-tipazo-y-otras-prendas-para-llevar-en-septiembre.webp\" alt=\"Camisa blanca de Zara (29,99 euros)\"> <\/noscript> <\/picture> <\/div><\/div><\/div>\n<\/div>\n<p><h3 class=\"voc-detail__title\"> Camisa blanca de Zara (29,99 euros)<br \/>\n<\/h3>\n<\/p>\n<p class=\"voc-paragraph\">La nueva temporada llega con dise\u00f1os tan bonitos y elegantes como esta blusa de aires rom\u00e1nticos.\n<\/p>\n<div class=\"voc-detail-photo-zoom\"> <picture data-toggle=\"modal\" data-target=\"#photoZoomModal-529\" target=\"modal\">\n<div class=\"voc-img-icon-link\"> <img loading=\"lazy\" src=\"http:\/\/hoycordobaweb.com\/wp-content\/uploads\/2024\/08\/las-novedades-de-la-semana-de-zara-vestidos-boho-pantalones-que-hacen-tipazo-y-otras-prendas-para-llevar-en-septiembre-1.webp\" width=\"460\" height=\"637\" alt=\"Falda pantal\u00f3n estampada de Zara (25,99 euros)\"> <noscript> <img src=\"http:\/\/hoycordobaweb.com\/wp-content\/uploads\/2024\/08\/las-novedades-de-la-semana-de-zara-vestidos-boho-pantalones-que-hacen-tipazo-y-otras-prendas-para-llevar-en-septiembre-1.webp\" alt=\"Falda pantal\u00f3n estampada de Zara (25,99 euros)\"> <\/noscript> <i class=\"voc-icons zoom voc-multimedia-box voc-ico-l\"><\/i> <\/div><figcaption class=\"figure-caption\">Falda pantal\u00f3n estampada de Zara (25,99 euros)<\/figcaption><\/picture>\n<\/div>\n<div id=\"photoZoomModal-529\" class=\"voc-lightbox modal fade voc-lightbox--photo-zoom\" role=\"dialog\" data-voc-photozoom-lightbox>\n<div class=\"voc-lightbox__dialog\" role=\"document\">\n<div class=\"voc-lightbox__content\"> <!-- Modal header --> <!-- Modal content --> <\/p>\n<div class=\"voc-lightbox__photo-container\"> <picture class> <img loading=\"lazy\" src=\"http:\/\/hoycordobaweb.com\/wp-content\/uploads\/2024\/08\/las-novedades-de-la-semana-de-zara-vestidos-boho-pantalones-que-hacen-tipazo-y-otras-prendas-para-llevar-en-septiembre-1.webp\" alt=\"Falda pantal\u00f3n estampada de Zara (25,99 euros)\"> <noscript> <img src=\"http:\/\/hoycordobaweb.com\/wp-content\/uploads\/2024\/08\/las-novedades-de-la-semana-de-zara-vestidos-boho-pantalones-que-hacen-tipazo-y-otras-prendas-para-llevar-en-septiembre-1.webp\" alt=\"Falda pantal\u00f3n estampada de Zara (25,99 euros)\"> <\/noscript> <\/picture> <\/div><\/div><\/div>\n<\/div>\n<p><h3 class=\"voc-detail__title\"> Falda pantal\u00f3n estampada de Zara (25,99 euros)<br \/>\n<\/h3>\n<\/p>\n<p class=\"voc-paragraph\">Este tipo de dise\u00f1os funcionan muy bien con cualquier look de la recta final de verano.\n<\/p>\n<div class=\"voc-detail-photo-zoom\"> <picture data-toggle=\"modal\" data-target=\"#photoZoomModal-386\" target=\"modal\">\n<div class=\"voc-img-icon-link\"> <img loading=\"lazy\" src=\"http:\/\/hoycordobaweb.com\/wp-content\/uploads\/2024\/08\/las-novedades-de-la-semana-de-zara-vestidos-boho-pantalones-que-hacen-tipazo-y-otras-prendas-para-llevar-en-septiembre-2.webp\" width=\"460\" height=\"637\" alt=\"Bolso de fiesta de Zara (49,99 euros)\"> <noscript> <img src=\"http:\/\/hoycordobaweb.com\/wp-content\/uploads\/2024\/08\/las-novedades-de-la-semana-de-zara-vestidos-boho-pantalones-que-hacen-tipazo-y-otras-prendas-para-llevar-en-septiembre-2.webp\" alt=\"Bolso de fiesta de Zara (49,99 euros)\"> <\/noscript> <i class=\"voc-icons zoom voc-multimedia-box voc-ico-l\"><\/i> <\/div><figcaption class=\"figure-caption\">Bolso de fiesta de Zara (49,99 euros)<\/figcaption><\/picture>\n<\/div>\n<div id=\"photoZoomModal-386\" class=\"voc-lightbox modal fade voc-lightbox--photo-zoom\" role=\"dialog\" data-voc-photozoom-lightbox>\n<div class=\"voc-lightbox__dialog\" role=\"document\">\n<div class=\"voc-lightbox__content\"> <!-- Modal header --> <!-- Modal content --> <\/p>\n<div class=\"voc-lightbox__photo-container\"> <picture class> <img loading=\"lazy\" src=\"http:\/\/hoycordobaweb.com\/wp-content\/uploads\/2024\/08\/las-novedades-de-la-semana-de-zara-vestidos-boho-pantalones-que-hacen-tipazo-y-otras-prendas-para-llevar-en-septiembre-2.webp\" alt=\"Bolso de fiesta de Zara (49,99 euros)\"> <noscript> <img src=\"http:\/\/hoycordobaweb.com\/wp-content\/uploads\/2024\/08\/las-novedades-de-la-semana-de-zara-vestidos-boho-pantalones-que-hacen-tipazo-y-otras-prendas-para-llevar-en-septiembre-2.webp\" alt=\"Bolso de fiesta de Zara (49,99 euros)\"> <\/noscript> <\/picture> <\/div><\/div><\/div>\n<\/div>\n<p><h3 class=\"voc-detail__title\"> Bolso de fiesta de Zara (49,99 euros)<br \/>\n<\/h3>\n<\/p>\n<p class=\"voc-paragraph\">Este tipo de accesorios aportan un toque muy especial a cualquier look de noche.\n<\/p>\n<div class=\"voc-detail-photo-zoom\"> <picture data-toggle=\"modal\" data-target=\"#photoZoomModal-671\" target=\"modal\">\n<div class=\"voc-img-icon-link\"> <img loading=\"lazy\" src=\"http:\/\/hoycordobaweb.com\/wp-content\/uploads\/2024\/08\/las-novedades-de-la-semana-de-zara-vestidos-boho-pantalones-que-hacen-tipazo-y-otras-prendas-para-llevar-en-septiembre-3.webp\" width=\"460\" height=\"637\" alt=\"Zapatos dorados de Zara (19,99 euros)\"> <noscript> <img src=\"http:\/\/hoycordobaweb.com\/wp-content\/uploads\/2024\/08\/las-novedades-de-la-semana-de-zara-vestidos-boho-pantalones-que-hacen-tipazo-y-otras-prendas-para-llevar-en-septiembre-3.webp\" alt=\"Zapatos dorados de Zara (19,99 euros)\"> <\/noscript> <i class=\"voc-icons zoom voc-multimedia-box voc-ico-l\"><\/i> <\/div><figcaption class=\"figure-caption\">Zapatos dorados de Zara (19,99 euros)<\/figcaption><\/picture>\n<\/div>\n<div id=\"photoZoomModal-671\" class=\"voc-lightbox modal fade voc-lightbox--photo-zoom\" role=\"dialog\" data-voc-photozoom-lightbox>\n<div class=\"voc-lightbox__dialog\" role=\"document\">\n<div class=\"voc-lightbox__content\"> <!-- Modal header --> <!-- Modal content --> <\/p>\n<div class=\"voc-lightbox__photo-container\"> <picture class> <img loading=\"lazy\" src=\"http:\/\/hoycordobaweb.com\/wp-content\/uploads\/2024\/08\/las-novedades-de-la-semana-de-zara-vestidos-boho-pantalones-que-hacen-tipazo-y-otras-prendas-para-llevar-en-septiembre-3.webp\" alt=\"Zapatos dorados de Zara (19,99 euros)\"> <noscript> <img src=\"http:\/\/hoycordobaweb.com\/wp-content\/uploads\/2024\/08\/las-novedades-de-la-semana-de-zara-vestidos-boho-pantalones-que-hacen-tipazo-y-otras-prendas-para-llevar-en-septiembre-3.webp\" alt=\"Zapatos dorados de Zara (19,99 euros)\"> <\/noscript> <\/picture> <\/div><\/div><\/div>\n<\/div>\n<p><h3 class=\"voc-detail__title\"> Zapatos dorados de Zara (19,99 euros)<br \/>\n<\/h3>\n<\/p>\n<p class=\"voc-paragraph\">Los detalles marcan la diferencia en este tipo de accesorios especiales. Su dise\u00f1o destalonado lo hace perfecto para los d\u00edas de entretiempo.\n<\/p>\n<div class=\"voc-detail-photo-zoom\"> <picture data-toggle=\"modal\" data-target=\"#photoZoomModal-151\" target=\"modal\">\n<div class=\"voc-img-icon-link\"> <img loading=\"lazy\" src=\"http:\/\/hoycordobaweb.com\/wp-content\/uploads\/2024\/08\/las-novedades-de-la-semana-de-zara-vestidos-boho-pantalones-que-hacen-tipazo-y-otras-prendas-para-llevar-en-septiembre-4.webp\" width=\"460\" height=\"637\" alt=\"Vestido con estampado de leopardo de Zara (39,99 euros)\"> <noscript> <img src=\"http:\/\/hoycordobaweb.com\/wp-content\/uploads\/2024\/08\/las-novedades-de-la-semana-de-zara-vestidos-boho-pantalones-que-hacen-tipazo-y-otras-prendas-para-llevar-en-septiembre-4.webp\" alt=\"Vestido con estampado de leopardo de Zara (39,99 euros)\"> <\/noscript> <i class=\"voc-icons zoom voc-multimedia-box voc-ico-l\"><\/i> <\/div><figcaption class=\"figure-caption\">Vestido con estampado de leopardo de Zara (39,99 euros)<\/figcaption><\/picture>\n<\/div>\n<div id=\"photoZoomModal-151\" class=\"voc-lightbox modal fade voc-lightbox--photo-zoom\" role=\"dialog\" data-voc-photozoom-lightbox>\n<div class=\"voc-lightbox__dialog\" role=\"document\">\n<div class=\"voc-lightbox__content\"> <!-- Modal header --> <!-- Modal content --> <\/p>\n<div class=\"voc-lightbox__photo-container\"> <picture class> <img loading=\"lazy\" src=\"http:\/\/hoycordobaweb.com\/wp-content\/uploads\/2024\/08\/las-novedades-de-la-semana-de-zara-vestidos-boho-pantalones-que-hacen-tipazo-y-otras-prendas-para-llevar-en-septiembre-4.webp\" alt=\"Vestido con estampado de leopardo de Zara (39,99 euros)\"> <noscript> <img src=\"http:\/\/hoycordobaweb.com\/wp-content\/uploads\/2024\/08\/las-novedades-de-la-semana-de-zara-vestidos-boho-pantalones-que-hacen-tipazo-y-otras-prendas-para-llevar-en-septiembre-4.webp\" alt=\"Vestido con estampado de leopardo de Zara (39,99 euros)\"> <\/noscript> <\/picture> <\/div><\/div><\/div>\n<\/div>\n<p><h3 class=\"voc-detail__title\"> Vestido con estampado de leopardo de Zara (39,99 euros)<br \/>\n<\/h3>\n<\/p>\n<p class=\"voc-paragraph\">Siempre hay hueco en el armario de entretiempo para un nuevo dise\u00f1o de corte midi.\n<\/p>\n<div class=\"voc-detail-photo-zoom\"> <picture data-toggle=\"modal\" data-target=\"#photoZoomModal-677\" target=\"modal\">\n<div class=\"voc-img-icon-link\"> <img loading=\"lazy\" src=\"http:\/\/hoycordobaweb.com\/wp-content\/uploads\/2024\/08\/las-novedades-de-la-semana-de-zara-vestidos-boho-pantalones-que-hacen-tipazo-y-otras-prendas-para-llevar-en-septiembre-1.jpg\" width=\"460\" height=\"637\" alt=\"Pantal\u00f3n estampado de Zara (35,99 euros)\"> <noscript> <img src=\"http:\/\/hoycordobaweb.com\/wp-content\/uploads\/2024\/08\/las-novedades-de-la-semana-de-zara-vestidos-boho-pantalones-que-hacen-tipazo-y-otras-prendas-para-llevar-en-septiembre-1.jpg\" alt=\"Pantal\u00f3n estampado de Zara (35,99 euros)\"> <\/noscript> <i class=\"voc-icons zoom voc-multimedia-box voc-ico-l\"><\/i> <\/div><figcaption class=\"figure-caption\">Pantal\u00f3n estampado de Zara (35,99 euros)<\/figcaption><\/picture>\n<\/div>\n<div id=\"photoZoomModal-677\" class=\"voc-lightbox modal fade voc-lightbox--photo-zoom\" role=\"dialog\" data-voc-photozoom-lightbox>\n<div class=\"voc-lightbox__dialog\" role=\"document\">\n<div class=\"voc-lightbox__content\"> <!-- Modal header --> <!-- Modal content --> <\/p>\n<div class=\"voc-lightbox__photo-container\"> <picture class> <img loading=\"lazy\" src=\"http:\/\/hoycordobaweb.com\/wp-content\/uploads\/2024\/08\/las-novedades-de-la-semana-de-zara-vestidos-boho-pantalones-que-hacen-tipazo-y-otras-prendas-para-llevar-en-septiembre-1.jpg\" alt=\"Pantal\u00f3n estampado de Zara (35,99 euros)\"> <noscript> <img src=\"http:\/\/hoycordobaweb.com\/wp-content\/uploads\/2024\/08\/las-novedades-de-la-semana-de-zara-vestidos-boho-pantalones-que-hacen-tipazo-y-otras-prendas-para-llevar-en-septiembre-1.jpg\" alt=\"Pantal\u00f3n estampado de Zara (35,99 euros)\"> <\/noscript> <\/picture> <\/div><\/div><\/div>\n<\/div>\n<p><h3 class=\"voc-detail__title\"> Pantal\u00f3n estampado de Zara (35,99 euros)<br \/>\n<\/h3>\n<\/p>\n<p class=\"voc-paragraph\">Es el momento perfecto para lucir dise\u00f1os de entretiempo realmente especiales. Nos encanta esta propuesta que puedes llevar en total look.\n<\/p>\n<div class=\"voc-detail-photo-zoom\"> <picture data-toggle=\"modal\" data-target=\"#photoZoomModal-672\" target=\"modal\">\n<div class=\"voc-img-icon-link\"> <img loading=\"lazy\" src=\"http:\/\/hoycordobaweb.com\/wp-content\/uploads\/2024\/08\/las-novedades-de-la-semana-de-zara-vestidos-boho-pantalones-que-hacen-tipazo-y-otras-prendas-para-llevar-en-septiembre-5.webp\" width=\"460\" height=\"637\" alt=\"Chaqueta calada de Zara (49,99 euros)\"> <noscript> <img src=\"http:\/\/hoycordobaweb.com\/wp-content\/uploads\/2024\/08\/las-novedades-de-la-semana-de-zara-vestidos-boho-pantalones-que-hacen-tipazo-y-otras-prendas-para-llevar-en-septiembre-5.webp\" alt=\"Chaqueta calada de Zara (49,99 euros)\"> <\/noscript> <i class=\"voc-icons zoom voc-multimedia-box voc-ico-l\"><\/i> <\/div><figcaption class=\"figure-caption\">Chaqueta calada de Zara (49,99 euros)<\/figcaption><\/picture>\n<\/div>\n<div id=\"photoZoomModal-672\" class=\"voc-lightbox modal fade voc-lightbox--photo-zoom\" role=\"dialog\" data-voc-photozoom-lightbox>\n<div class=\"voc-lightbox__dialog\" role=\"document\">\n<div class=\"voc-lightbox__content\"> <!-- Modal header --> <!-- Modal content --> <\/p>\n<div class=\"voc-lightbox__photo-container\"> <picture class> <img loading=\"lazy\" src=\"http:\/\/hoycordobaweb.com\/wp-content\/uploads\/2024\/08\/las-novedades-de-la-semana-de-zara-vestidos-boho-pantalones-que-hacen-tipazo-y-otras-prendas-para-llevar-en-septiembre-5.webp\" alt=\"Chaqueta calada de Zara (49,99 euros)\"> <noscript> <img src=\"http:\/\/hoycordobaweb.com\/wp-content\/uploads\/2024\/08\/las-novedades-de-la-semana-de-zara-vestidos-boho-pantalones-que-hacen-tipazo-y-otras-prendas-para-llevar-en-septiembre-5.webp\" alt=\"Chaqueta calada de Zara (49,99 euros)\"> <\/noscript> <\/picture> <\/div><\/div><\/div>\n<\/div>\n<p><h3 class=\"voc-detail__title\"> Chaqueta calada de Zara (49,99 euros)<br \/>\n<\/h3>\n<\/p>\n<p class=\"voc-paragraph\">Este tipo de prendas de entretiempo son siempre infalibles para lucir durante las \u00faltimas noches de verano. <\/p>\n<div class=\"voc-detail-photo-zoom\"> <picture data-toggle=\"modal\" data-target=\"#photoZoomModal-144\" target=\"modal\">\n<div class=\"voc-img-icon-link\"> <img loading=\"lazy\" src=\"http:\/\/hoycordobaweb.com\/wp-content\/uploads\/2024\/08\/las-novedades-de-la-semana-de-zara-vestidos-boho-pantalones-que-hacen-tipazo-y-otras-prendas-para-llevar-en-septiembre-2.jpg\" width=\"460\" height=\"637\" alt=\"Camisa estampada de Zara (25,95 euros)\"> <noscript> <img src=\"http:\/\/hoycordobaweb.com\/wp-content\/uploads\/2024\/08\/las-novedades-de-la-semana-de-zara-vestidos-boho-pantalones-que-hacen-tipazo-y-otras-prendas-para-llevar-en-septiembre-2.jpg\" alt=\"Camisa estampada de Zara (25,95 euros)\"> <\/noscript> <i class=\"voc-icons zoom voc-multimedia-box voc-ico-l\"><\/i> <\/div><figcaption class=\"figure-caption\">Camisa estampada de Zara (25,95 euros)<\/figcaption><\/picture>\n<\/div>\n<div id=\"photoZoomModal-144\" class=\"voc-lightbox modal fade voc-lightbox--photo-zoom\" role=\"dialog\" data-voc-photozoom-lightbox>\n<div class=\"voc-lightbox__dialog\" role=\"document\">\n<div class=\"voc-lightbox__content\"> <!-- Modal header --> <!-- Modal content --> <\/p>\n<div class=\"voc-lightbox__photo-container\"> <picture class> <img loading=\"lazy\" src=\"http:\/\/hoycordobaweb.com\/wp-content\/uploads\/2024\/08\/las-novedades-de-la-semana-de-zara-vestidos-boho-pantalones-que-hacen-tipazo-y-otras-prendas-para-llevar-en-septiembre-2.jpg\" alt=\"Camisa estampada de Zara (25,95 euros)\"> <noscript> <img src=\"http:\/\/hoycordobaweb.com\/wp-content\/uploads\/2024\/08\/las-novedades-de-la-semana-de-zara-vestidos-boho-pantalones-que-hacen-tipazo-y-otras-prendas-para-llevar-en-septiembre-2.jpg\" alt=\"Camisa estampada de Zara (25,95 euros)\"> <\/noscript> <\/picture> <\/div><\/div><\/div>\n<\/div>\n<p><h3 class=\"voc-detail__title\"> Camisa estampada de Zara (25,95 euros)<br \/>\n<\/h3>\n<\/p>\n<p class=\"voc-paragraph\">Si est\u00e1s buscando una prenda elegante en clave oto\u00f1al, tienes que ver este bonito dise\u00f1o con cuello babero.\n<\/p>\n<div class=\"voc-detail-photo-zoom\"> <picture data-toggle=\"modal\" data-target=\"#photoZoomModal-506\" target=\"modal\">\n<div class=\"voc-img-icon-link\"> <img loading=\"lazy\" src=\"http:\/\/hoycordobaweb.com\/wp-content\/uploads\/2024\/08\/las-novedades-de-la-semana-de-zara-vestidos-boho-pantalones-que-hacen-tipazo-y-otras-prendas-para-llevar-en-septiembre-6.webp\" width=\"460\" height=\"637\" alt=\"Vestido rojo de Zara (29,99 euros)\"> <noscript> <img src=\"http:\/\/hoycordobaweb.com\/wp-content\/uploads\/2024\/08\/las-novedades-de-la-semana-de-zara-vestidos-boho-pantalones-que-hacen-tipazo-y-otras-prendas-para-llevar-en-septiembre-6.webp\" alt=\"Vestido rojo de Zara (29,99 euros)\"> <\/noscript> <i class=\"voc-icons zoom voc-multimedia-box voc-ico-l\"><\/i> <\/div><figcaption class=\"figure-caption\">Vestido rojo de Zara (29,99 euros)<\/figcaption><\/picture>\n<\/div>\n<div id=\"photoZoomModal-506\" class=\"voc-lightbox modal fade voc-lightbox--photo-zoom\" role=\"dialog\" data-voc-photozoom-lightbox>\n<div class=\"voc-lightbox__dialog\" role=\"document\">\n<div class=\"voc-lightbox__content\"> <!-- Modal header --> <!-- Modal content --> <\/p>\n<div class=\"voc-lightbox__photo-container\"> <picture class> <img loading=\"lazy\" src=\"http:\/\/hoycordobaweb.com\/wp-content\/uploads\/2024\/08\/las-novedades-de-la-semana-de-zara-vestidos-boho-pantalones-que-hacen-tipazo-y-otras-prendas-para-llevar-en-septiembre-6.webp\" alt=\"Vestido rojo de Zara (29,99 euros)\"> <noscript> <img src=\"http:\/\/hoycordobaweb.com\/wp-content\/uploads\/2024\/08\/las-novedades-de-la-semana-de-zara-vestidos-boho-pantalones-que-hacen-tipazo-y-otras-prendas-para-llevar-en-septiembre-6.webp\" alt=\"Vestido rojo de Zara (29,99 euros)\"> <\/noscript> <\/picture> <\/div><\/div><\/div>\n<\/div>\n<p><h3 class=\"voc-detail__title\"> Vestido rojo de Zara (29,99 euros)<br \/>\n<\/h3>\n<\/p>\n<p class=\"voc-paragraph\">La recta final del verano es el momento perfecto para lucir este tipo de dise\u00f1os midi con detalles especiales.\n<\/p>\n<div class=\"voc-detail-photo-zoom\"> <picture data-toggle=\"modal\" data-target=\"#photoZoomModal-780\" target=\"modal\">\n<div class=\"voc-img-icon-link\"> <img loading=\"lazy\" src=\"http:\/\/hoycordobaweb.com\/wp-content\/uploads\/2024\/08\/las-novedades-de-la-semana-de-zara-vestidos-boho-pantalones-que-hacen-tipazo-y-otras-prendas-para-llevar-en-septiembre-7.webp\" width=\"460\" height=\"637\" alt=\"Vestido midi de Zara (79,99 euros)\"> <noscript> <img src=\"http:\/\/hoycordobaweb.com\/wp-content\/uploads\/2024\/08\/las-novedades-de-la-semana-de-zara-vestidos-boho-pantalones-que-hacen-tipazo-y-otras-prendas-para-llevar-en-septiembre-7.webp\" alt=\"Vestido midi de Zara (79,99 euros)\"> <\/noscript> <i class=\"voc-icons zoom voc-multimedia-box voc-ico-l\"><\/i> <\/div><figcaption class=\"figure-caption\">Vestido midi de Zara (79,99 euros)<\/figcaption><\/picture>\n<\/div>\n<div id=\"photoZoomModal-780\" class=\"voc-lightbox modal fade voc-lightbox--photo-zoom\" role=\"dialog\" data-voc-photozoom-lightbox>\n<div class=\"voc-lightbox__dialog\" role=\"document\">\n<div class=\"voc-lightbox__content\"> <!-- Modal header --> <!-- Modal content --> <\/p>\n<div class=\"voc-lightbox__photo-container\"> <picture class> <img loading=\"lazy\" src=\"http:\/\/hoycordobaweb.com\/wp-content\/uploads\/2024\/08\/las-novedades-de-la-semana-de-zara-vestidos-boho-pantalones-que-hacen-tipazo-y-otras-prendas-para-llevar-en-septiembre-7.webp\" alt=\"Vestido midi de Zara (79,99 euros)\"> <noscript> <img src=\"http:\/\/hoycordobaweb.com\/wp-content\/uploads\/2024\/08\/las-novedades-de-la-semana-de-zara-vestidos-boho-pantalones-que-hacen-tipazo-y-otras-prendas-para-llevar-en-septiembre-7.webp\" alt=\"Vestido midi de Zara (79,99 euros)\"> <\/noscript> <\/picture> <\/div><\/div><\/div>\n<\/div>\n<p><h3 class=\"voc-detail__title\"> Vestido midi de Zara (79,99 euros)<br \/>\n<\/h3>\n<\/p>\n<p class=\"voc-paragraph\">Y terminamos la selecci\u00f3n de la semana con un bonito dise\u00f1o de estilo boho, que podr\u00e1s llevar durante los d\u00edas de entretiempo.\n<\/p>\n<p> <!-- TOPICS --> <\/p>\n","protected":false},"excerpt":{"rendered":"<p>Gemma Cano Publicado \u00b7 21 de agosto de 2024, 07:11 h Esta semana la lista de compras sigue llegando cargada de ideas con sabor a entretiempo. Las secciones de novedades de nuestras marcas de referencia est\u00e1n repletas de prendas y accesorios que nos invitan a renovar nuestro armario por completo para disfrutar de los \u00faltimos [&hellip;]<\/p>\n","protected":false},"author":1,"featured_media":81935,"comment_status":"closed","ping_status":"closed","sticky":false,"template":"","format":"standard","meta":[],"categories":[],"tags":[],"_links":{"self":[{"href":"http:\/\/hoycordobaweb.com\/index.php\/wp-json\/wp\/v2\/posts\/81934"}],"collection":[{"href":"http:\/\/hoycordobaweb.com\/index.php\/wp-json\/wp\/v2\/posts"}],"about":[{"href":"http:\/\/hoycordobaweb.com\/index.php\/wp-json\/wp\/v2\/types\/post"}],"author":[{"embeddable":true,"href":"http:\/\/hoycordobaweb.com\/index.php\/wp-json\/wp\/v2\/users\/1"}],"replies":[{"embeddable":true,"href":"http:\/\/hoycordobaweb.com\/index.php\/wp-json\/wp\/v2\/comments?post=81934"}],"version-history":[{"count":0,"href":"http:\/\/hoycordobaweb.com\/index.php\/wp-json\/wp\/v2\/posts\/81934\/revisions"}],"wp:featuredmedia":[{"embeddable":true,"href":"http:\/\/hoycordobaweb.com\/index.php\/wp-json\/wp\/v2\/media\/81935"}],"wp:attachment":[{"href":"http:\/\/hoycordobaweb.com\/index.php\/wp-json\/wp\/v2\/media?parent=81934"}],"wp:term":[{"taxonomy":"category","embeddable":true,"href":"http:\/\/hoycordobaweb.com\/index.php\/wp-json\/wp\/v2\/categories?post=81934"},{"taxonomy":"post_tag","embeddable":true,"href":"http:\/\/hoycordobaweb.com\/index.php\/wp-json\/wp\/v2\/tags?post=81934"}],"curies":[{"name":"wp","href":"https:\/\/api.w.org\/{rel}","templated":true}]}}