{"id":81930,"date":"2024-08-20T09:06:12","date_gmt":"2024-08-20T09:06:12","guid":{"rendered":"http:\/\/hoycordobaweb.com\/index.php\/2024\/08\/20\/la-cena-benefica-de-margarita-barrientos-quienes-estuvieron\/"},"modified":"2024-08-20T09:06:12","modified_gmt":"2024-08-20T09:06:12","slug":"la-cena-benefica-de-margarita-barrientos-quienes-estuvieron","status":"publish","type":"post","link":"http:\/\/hoycordobaweb.com\/index.php\/2024\/08\/20\/la-cena-benefica-de-margarita-barrientos-quienes-estuvieron\/","title":{"rendered":"La cena ben\u00e9fica de Margarita Barrientos: qui\u00e9nes estuvieron"},"content":{"rendered":"<div class=\"media_block\"><\/div>\n<div><img src=\"http:\/\/hoycordobaweb.com\/wp-content\/uploads\/2024\/08\/la-cena-benefica-de-margarita-barrientos-quienes-estuvieron.jpg\" class=\"ff-og-image-inserted\"><\/div>\n<p>El expresidente <strong>Mauricio Macri <\/strong>y el&nbsp;jefe de Gobierno porte\u00f1o,<strong> Jorge Macri,<\/strong>&nbsp;participaron este lunes por la noche de la cena ben\u00e9fica que como&nbsp;cada&nbsp;a\u00f1o&nbsp;organiz\u00f3<strong>&nbsp;Margarita Barrientos para el comedor que encabeza en la villa \u00abLos Piletones\u00bb.<\/strong><\/p>\n<p>El ex mandatario nacional estuvo acompa\u00f1ado por su esposa&nbsp;<strong>Juliana Awada<\/strong>, mientras que su primo&nbsp;hizo lo propio de la mano de la periodista&nbsp;<strong>Bel\u00e9n Ludue\u00f1a<\/strong>, en un evento llevado a cabo en el Hotel Hilton. &nbsp;<\/p>\n<p><strong>Junto al gobernador de Entre R\u00edos, Rogelio Frigerio, el ministro de Seguridad prote\u00f1o, y el ministro de Desarrollo Econ\u00f3mico de la Ciudad, Roberto Garc\u00eda Morit\u00e1n,&nbsp;<\/strong>fueron pr\u00e1cticamente los \u00fanicos representantes de la pol\u00edtica argentina, ya que ning\u00fan funcionario del gobierno Nacional asisti\u00f3 al evento.<\/p>\n<div class=\"subscription\" readability=\"6.683257918552\">\n<p>\nEsto no les gusta a los autoritarios\n<\/p>\n<div class=\"subscription__container\" readability=\"6.1467391304348\">\n<div class=\"subscription__text-wrapper\" readability=\"31.20652173913\">\n<p>\nEl ejercicio del periodismo profesional y cr\u00edtico es un pilar fundamental de la democracia. Por eso molesta a quienes creen ser los due\u00f1os de la verdad.\n<\/p>\n<\/p><\/div>\n<\/div><\/div>\n<p>Del mundo de la far\u00e1dula estuvieron la conductora y actriz <strong>Mirtha Legrand,<\/strong> la periodista <strong>Cristina P\u00e9rez<\/strong>, la ex modelo y conductora <strong>Teresa Calandra<\/strong>, la panelista <strong>Anam\u00e1 Ferreyra<\/strong>, el artista <em>Flavio Mendoza<\/em>, y los dise\u00f1adores <strong>Laurencio Adot<\/strong>, <strong>Thiago Pinheiro<\/strong>, <strong>Fabi\u00e1n Medina Flores <\/strong>y <strong>Ver\u00f3nica de la Canal<\/strong>, entre otros.<\/p>\n<p><em>Con informaci\u00f3n de Noticias Argentinas<\/em><\/p>\n<p><em>En desarrollo<\/em><\/p>\n<p>LT<\/p>\n<div class=\"article__tags\">\n<p>En esta Nota<\/p>\n<\/p><\/div>\n","protected":false},"excerpt":{"rendered":"<p>El expresidente Mauricio Macri y el&nbsp;jefe de Gobierno porte\u00f1o, Jorge Macri,&nbsp;participaron este lunes por la noche de la cena ben\u00e9fica que como&nbsp;cada&nbsp;a\u00f1o&nbsp;organiz\u00f3&nbsp;Margarita Barrientos para el comedor que encabeza en la villa \u00abLos Piletones\u00bb. El ex mandatario nacional estuvo acompa\u00f1ado por su esposa&nbsp;Juliana Awada, mientras que su primo&nbsp;hizo lo propio de la mano de la periodista&nbsp;Bel\u00e9n [&hellip;]<\/p>\n","protected":false},"author":1,"featured_media":81931,"comment_status":"closed","ping_status":"closed","sticky":false,"template":"","format":"standard","meta":[],"categories":[19],"tags":[],"_links":{"self":[{"href":"http:\/\/hoycordobaweb.com\/index.php\/wp-json\/wp\/v2\/posts\/81930"}],"collection":[{"href":"http:\/\/hoycordobaweb.com\/index.php\/wp-json\/wp\/v2\/posts"}],"about":[{"href":"http:\/\/hoycordobaweb.com\/index.php\/wp-json\/wp\/v2\/types\/post"}],"author":[{"embeddable":true,"href":"http:\/\/hoycordobaweb.com\/index.php\/wp-json\/wp\/v2\/users\/1"}],"replies":[{"embeddable":true,"href":"http:\/\/hoycordobaweb.com\/index.php\/wp-json\/wp\/v2\/comments?post=81930"}],"version-history":[{"count":0,"href":"http:\/\/hoycordobaweb.com\/index.php\/wp-json\/wp\/v2\/posts\/81930\/revisions"}],"wp:featuredmedia":[{"embeddable":true,"href":"http:\/\/hoycordobaweb.com\/index.php\/wp-json\/wp\/v2\/media\/81931"}],"wp:attachment":[{"href":"http:\/\/hoycordobaweb.com\/index.php\/wp-json\/wp\/v2\/media?parent=81930"}],"wp:term":[{"taxonomy":"category","embeddable":true,"href":"http:\/\/hoycordobaweb.com\/index.php\/wp-json\/wp\/v2\/categories?post=81930"},{"taxonomy":"post_tag","embeddable":true,"href":"http:\/\/hoycordobaweb.com\/index.php\/wp-json\/wp\/v2\/tags?post=81930"}],"curies":[{"name":"wp","href":"https:\/\/api.w.org\/{rel}","templated":true}]}}