{"id":8185,"date":"2020-12-22T20:13:00","date_gmt":"2020-12-22T20:13:00","guid":{"rendered":"https:\/\/fm-comunicar.com.ar\/contenido\/16783\/abren-la-convocatoria-para-el-parque-industrial-de-colonia-caroya"},"modified":"2020-12-22T20:13:00","modified_gmt":"2020-12-22T20:13:00","slug":"abren-la-convocatoria-para-el-parque-industrial-de-colonia-caroya","status":"publish","type":"post","link":"http:\/\/hoycordobaweb.com\/index.php\/2020\/12\/22\/abren-la-convocatoria-para-el-parque-industrial-de-colonia-caroya\/","title":{"rendered":"Abren la convocatoria para el Parque Industrial de Colonia Caroya"},"content":{"rendered":"<p>Detr\u00e1s de Puerto Caroya habr\u00e1 51 lotes disponibles para la radicaci\u00f3n de empresas. Hay beneficios impositivos y descuentos en el valor del inmueble. Municipio, Provincia y Cooperativa trabajan para llevar los servicios.<img src=\"http:\/\/hoycordobaweb.com\/wp-content\/uploads\/2020\/12\/abren-la-convocatoria-para-el-parque-industrial-de-colonia-caroya.jpg\"><\/p>\n","protected":false},"excerpt":{"rendered":"<p>Detr\u00e1s de Puerto Caroya habr\u00e1 51 lotes disponibles para la radicaci\u00f3n de empresas. Hay beneficios impositivos y descuentos en el valor del inmueble. Municipio, Provincia y Cooperativa trabajan para llevar los servicios.<\/p>\n","protected":false},"author":1,"featured_media":8186,"comment_status":"closed","ping_status":"closed","sticky":false,"template":"","format":"standard","meta":[],"categories":[18],"tags":[],"_links":{"self":[{"href":"http:\/\/hoycordobaweb.com\/index.php\/wp-json\/wp\/v2\/posts\/8185"}],"collection":[{"href":"http:\/\/hoycordobaweb.com\/index.php\/wp-json\/wp\/v2\/posts"}],"about":[{"href":"http:\/\/hoycordobaweb.com\/index.php\/wp-json\/wp\/v2\/types\/post"}],"author":[{"embeddable":true,"href":"http:\/\/hoycordobaweb.com\/index.php\/wp-json\/wp\/v2\/users\/1"}],"replies":[{"embeddable":true,"href":"http:\/\/hoycordobaweb.com\/index.php\/wp-json\/wp\/v2\/comments?post=8185"}],"version-history":[{"count":0,"href":"http:\/\/hoycordobaweb.com\/index.php\/wp-json\/wp\/v2\/posts\/8185\/revisions"}],"wp:featuredmedia":[{"embeddable":true,"href":"http:\/\/hoycordobaweb.com\/index.php\/wp-json\/wp\/v2\/media\/8186"}],"wp:attachment":[{"href":"http:\/\/hoycordobaweb.com\/index.php\/wp-json\/wp\/v2\/media?parent=8185"}],"wp:term":[{"taxonomy":"category","embeddable":true,"href":"http:\/\/hoycordobaweb.com\/index.php\/wp-json\/wp\/v2\/categories?post=8185"},{"taxonomy":"post_tag","embeddable":true,"href":"http:\/\/hoycordobaweb.com\/index.php\/wp-json\/wp\/v2\/tags?post=8185"}],"curies":[{"name":"wp","href":"https:\/\/api.w.org\/{rel}","templated":true}]}}