{"id":81833,"date":"2024-08-18T00:28:04","date_gmt":"2024-08-18T00:28:04","guid":{"rendered":"https:\/\/www.ole.com.ar\/futbol-primera\/gustavo-bou-anuncio-retiro-futbol-profesional_0_7HSIlO6Wof.html"},"modified":"2024-08-18T00:28:04","modified_gmt":"2024-08-18T00:28:04","slug":"gustavo-bou-anuncio-que-se-retiro-del-futbol-profesional","status":"publish","type":"post","link":"http:\/\/hoycordobaweb.com\/index.php\/2024\/08\/18\/gustavo-bou-anuncio-que-se-retiro-del-futbol-profesional\/","title":{"rendered":"Gustavo Bou anunci\u00f3 que se retir\u00f3 del f\u00fatbol profesional"},"content":{"rendered":"<p><img src=\"http:\/\/hoycordobaweb.com\/wp-content\/uploads\/2024\/08\/gustavo-bou-anuncio-que-se-retiro-del-futbol-profesional.jpg\"><\/p>\n<p><time class=\"createDate\" datetime=\"2024-08-17T21:28:04-03:00\">17\/08\/2024 21:28hs.<\/time><time class=\"modificatedDate\" datetime=\"2024-08-17T21:48:07-03:00\"> Actualizado al 17\/08\/2024 21:48hs.<\/time><\/p>\n<div id=\"storyBody\">\n<div class=\"custom-text \" readability=\"39.795580110497\">\n<p>Despu\u00e9s de rescindir su contrato con <a href=\"https:\/\/www.ole.com.ar\/tema\/talleres-de-cordoba.html\" title=\"Talleres de C\u00f3rdoba\" alt=\"Talleres de C\u00f3rdoba\" class=\"slug\">Talleres<\/a> a fines de julio, se supo que <a href=\"https:\/\/www.ole.com.ar\/tema\/gustavo-bou.html\" title=\"Gustavo Bou\" alt=\"Gustavo Bou\" class=\"slug\">Gustavo Bou<\/a> iba a marcharse, a sus 34 a\u00f1os, a jugar a Defensores Barrio Nebel, club amateur de Concordia, Entre R\u00edos (su ciudad natal) y que preside actualmente. Y este s\u00e1bado por la noche, <strong>a un d\u00eda de su debut all\u00ed, anunci\u00f3 que ya no volver\u00e1 a jugar m\u00e1s de manera profesional.<\/strong><\/p>\n<\/div>\n<div class=\"custom-text \" readability=\"38\">\n<p>\u00ab\u00a1Hola! Quiero contarles algo muy muy importante para m\u00ed. <strong>Tal vez es el anuncio m\u00e1s importante de mi carrera deportiva: tom\u00e9 la decisi\u00f3n de dejar el f\u00fatbol profesional, pero tambi\u00e9n les anticipo que vuelvo a mis ra\u00edces. <\/strong>Voy a jugar en Defensores Barrio Nebel. Ac\u00e1 me ense\u00f1aron, me educaron y me formaron en lo que fueron mis primeras experiencias dentro del f\u00fatbol\u00bb, expres\u00f3 a trav\u00e9s de un posteo en sus redes sociales Bou.<\/p>\n<\/div>\n<div class=\"custom-text \" readability=\"38\">\n<p>\u00abHoy me toca terminar este hermoso viaje como jugador profesional, pero tambi\u00e9n estoy muy feliz porque voy a vivir uno de mis m\u00e1ximos sue\u00f1os.<strong> <\/strong>Hace muchos a\u00f1os, <strong>mi gran anhelo era jugar alg\u00fan d\u00eda en la Primera Divisi\u00f3n de este hermoso club y es algo que veo reflejado en muchos chicos que est\u00e1n dando sus primeros pasos\u00bb, <\/strong>agreg\u00f3 la Pantera.<\/p>\n<\/div>\n<div class=\"custom-text \" readability=\"42\">\n<p>All\u00ed tambi\u00e9n le dej\u00f3 su agradecimiento a las instituciones que lo albergaron mientras fue futbolista profesional: \u00abAprovecho tambi\u00e9n a darle las gracias a todos los que me acompa\u00f1aron en estos 16 a\u00f1os de carrera como profesional, en clubes que siempre recordar\u00e9 como <strong>River, Olimpo, Liga de Quito, Gimnasia de La Plata, Racing, Xolos, New England Revolution y Talleres\u00bb.<\/strong><\/p>\n<\/div>\n<div class=\"sc-e7b891c4-0 jPbnQF\"><img alt=\"Gustavo Bou, en su presentaci\u00f3n en Defensores Barrio Nebel. (Foto: @cdbnoficial)\" src=\"http:\/\/hoycordobaweb.com\/wp-content\/uploads\/2024\/08\/gustavo-bou-anuncio-que-se-retiro-del-futbol-profesional-2.jpg\" width=\"720\" height=\"100\" decoding=\"async\" data-nimg=\"future\" loading=\"lazy\"><span class=\"epigraphe\">Gustavo Bou, en su presentaci\u00f3n en Defensores Barrio Nebel. (Foto: @cdbnoficial)<\/span><\/div>\n<div class=\"custom-text \" readability=\"37\">\n<p>\u00abPor \u00faltimo, los espero ma\u00f1ana (domingo) a todos los hinchas del barrio:<strong> quiero que disfrutemos juntos el hecho de poder volver a vestir esta hermosa camiseta. <\/strong>Un gran abrazo, gracias\u00bb, concluy\u00f3 Bou.<\/p>\n<\/div>\n<div class=\"custom-text \" readability=\"36\">\n<p>Este domingo, desde las 15:30, har\u00e1 su debut oficial en Defensores, cuando enfrente en el estadio Ciudad de Concordia al Club San Lorenzo de Villa Adela.<\/p>\n<\/div>\n<div class=\"sc-e7b891c4-0 jPbnQF\"><img alt=\"Gustavo Bou, en Talleres. (Prensa CAT)\" src=\"http:\/\/hoycordobaweb.com\/wp-content\/uploads\/2024\/08\/gustavo-bou-anuncio-que-se-retiro-del-futbol-profesional-3.jpg\" width=\"720\" height=\"100\" decoding=\"async\" data-nimg=\"future\" loading=\"lazy\"><span class=\"epigraphe\">Gustavo Bou, en Talleres. (Prensa CAT)<\/span><\/div>\n<p><h2><strong>Los mensajes de sus ex compa\u00f1eros tras la noticia<\/strong><\/h2>\n<\/p>\n<div class=\"custom-text \" readability=\"42\">\n<p>Luego del anuncio de su retiro, muchos de sus ex compa\u00f1eros y amigos le enviaron mensajes de cari\u00f1o. \u00abFelicitaciones, hermano querido. Fue un placer haber compartido vestuario con vos. Sabes que te quiero mucho y ya nos vamos a volver a ver, seguramente nos encontrar\u00e1 con una ca\u00f1a en la mano. <strong>\u00c9xitos en lo que viene y, a partir de hoy, ten\u00e9s un hincha m\u00e1s de @cdbnoficial\u00bb,<\/strong> le coment\u00f3 Iv\u00e1n Pillud, ex compa\u00f1ero suyo en Racing.<\/p>\n<\/div>\n<div class=\"custom-text \" readability=\"43\">\n<p>\u00abQu\u00e9 grande, amigo querido. Un grande dentro y fuera de la cancha. Agradezco haberte conocido a vos y a tu familia, fuiste de mucha ayuda para m\u00ed y aprend\u00ed much\u00edsimo en poco tiempo.<strong> Disfruta esta nueva etapa de tu vida, segu\u00ed cumpliendo sue\u00f1os \u00a1y mis mejores deseos siempre, amigo!\u00bb,<\/strong> sum\u00f3, entre otros, Tom\u00e1s Chancalay, con quien comparti\u00f3 en New England Revolution.<\/p>\n<\/div>\n<p><h2><strong>Su decisi\u00f3n de jugar en Defensores Barrio Nebel<\/strong><\/h2>\n<\/p>\n<div class=\"custom-text \" readability=\"38\">\n<p>Bou, quien fue figura en el Racing campe\u00f3n de 2014, tuvo ofertas de otros equipos de la Liga Profesional tras rescindir con Talleres, donde solo jug\u00f3 la primera mitad de este 2024. Pero decidi\u00f3 con el coraz\u00f3n y regres\u00f3 al club que lo form\u00f3 como futbolista en su ciudad natal<strong> (un deseo que ya hab\u00eda expresado en varias oportunidades) <\/strong>y que preside desde 2022. <\/p>\n<\/div>\n<div class=\"custom-text \" readability=\"45\">\n<p>En Talleres, vale recordar, disput\u00f3 13 partidos, marc\u00f3 dos goles y brind\u00f3 una asistencia. Sus mejores n\u00fameros los logr\u00f3 en New England Revolution, donde jug\u00f3 115 encuentros, anot\u00f3 51 tantos, reparti\u00f3 20 asistencias y logr\u00f3 un t\u00edtulo;<strong> y en Racing, claro, club en el que sum\u00f3 110 duelos, tuvo 46 gritos, 22 pases-gol y levant\u00f3 dos trofeos: los torneos locales de 2014 y 2019. <\/strong><\/p>\n<\/div>\n<div class=\"sc-e7b891c4-0 jPbnQF\"><img alt=\"Gustavo Bou en Racing. (Foto: Maximiliano Luna\/JR)\" src=\"http:\/\/hoycordobaweb.com\/wp-content\/uploads\/2024\/08\/gustavo-bou-anuncio-que-se-retiro-del-futbol-profesional-4.jpg\" width=\"720\" height=\"100\" decoding=\"async\" data-nimg=\"future\" loading=\"lazy\"><span class=\"epigraphe\">Gustavo Bou en Racing. (Foto: Maximiliano Luna\/JR)<\/span><\/div>\n<div class=\"sc-a7166897-0 exHLBh\" readability=\"6\">\n<section readability=\"2\"><picture><img alt=\"Vaccari surfea la ola roja\" src=\"http:\/\/hoycordobaweb.com\/wp-content\/uploads\/2024\/08\/gustavo-bou-anuncio-que-se-retiro-del-futbol-profesional-5.jpg\" width=\"290\" height=\"290\" decoding=\"async\" data-nimg=\"future\" loading=\"lazy\"><\/picture>\n<p><span>Mir\u00e1 tambi\u00e9n<\/span><\/p>\n<hr>\n<h3>Vaccari surfea la ola roja<\/h3>\n<\/p>\n<\/section>\n<\/div>\n<div class=\"sc-a7166897-0 exHLBh\" readability=\"6\">\n<section readability=\"2\"><picture><img alt=\"Mercado de pases: el uno por uno de los 178 refuerzos en la Liga Profesional\" src=\"http:\/\/hoycordobaweb.com\/wp-content\/uploads\/2024\/08\/gustavo-bou-anuncio-que-se-retiro-del-futbol-profesional-6.jpg\" width=\"290\" height=\"290\" decoding=\"async\" data-nimg=\"future\" loading=\"lazy\"><\/picture>\n<p><span>Mir\u00e1 tambi\u00e9n<\/span><\/p>\n<hr>\n<h3>Mercado de pases: el uno por uno de los 178 refuerzos en la Liga Profesional<\/h3>\n<\/p>\n<\/section>\n<\/div>\n<div class=\"sc-a7166897-0 exHLBh\" readability=\"6.5\">\n<section readability=\"3\"><picture><img alt=\"Nacho Fern\u00e1ndez: ley del ex, no lo grit\u00f3 y &quot;mi idea es volver a Gimnasia&quot;\" src=\"http:\/\/hoycordobaweb.com\/wp-content\/uploads\/2024\/08\/gustavo-bou-anuncio-que-se-retiro-del-futbol-profesional-7.jpg\" width=\"290\" height=\"290\" decoding=\"async\" data-nimg=\"future\" loading=\"lazy\"><\/picture>\n<p><span>Mir\u00e1 tambi\u00e9n<\/span><\/p>\n<hr>\n<h3>Nacho Fern\u00e1ndez: ley del ex, no lo grit\u00f3 y \u00abmi idea es volver a Gimnasia\u00bb<\/h3>\n<\/p>\n<\/section>\n<\/div>\n<\/div>\n","protected":false},"excerpt":{"rendered":"<p>17\/08\/2024 21:28hs. Actualizado al 17\/08\/2024 21:48hs. Despu\u00e9s de rescindir su contrato con Talleres a fines de julio, se supo que Gustavo Bou iba a marcharse, a sus 34 a\u00f1os, a jugar a Defensores Barrio Nebel, club amateur de Concordia, Entre R\u00edos (su ciudad natal) y que preside actualmente. Y este s\u00e1bado por la noche, a [&hellip;]<\/p>\n","protected":false},"author":1,"featured_media":81834,"comment_status":"open","ping_status":"closed","sticky":false,"template":"","format":"standard","meta":[],"categories":[16],"tags":[],"_links":{"self":[{"href":"http:\/\/hoycordobaweb.com\/index.php\/wp-json\/wp\/v2\/posts\/81833"}],"collection":[{"href":"http:\/\/hoycordobaweb.com\/index.php\/wp-json\/wp\/v2\/posts"}],"about":[{"href":"http:\/\/hoycordobaweb.com\/index.php\/wp-json\/wp\/v2\/types\/post"}],"author":[{"embeddable":true,"href":"http:\/\/hoycordobaweb.com\/index.php\/wp-json\/wp\/v2\/users\/1"}],"replies":[{"embeddable":true,"href":"http:\/\/hoycordobaweb.com\/index.php\/wp-json\/wp\/v2\/comments?post=81833"}],"version-history":[{"count":0,"href":"http:\/\/hoycordobaweb.com\/index.php\/wp-json\/wp\/v2\/posts\/81833\/revisions"}],"wp:featuredmedia":[{"embeddable":true,"href":"http:\/\/hoycordobaweb.com\/index.php\/wp-json\/wp\/v2\/media\/81834"}],"wp:attachment":[{"href":"http:\/\/hoycordobaweb.com\/index.php\/wp-json\/wp\/v2\/media?parent=81833"}],"wp:term":[{"taxonomy":"category","embeddable":true,"href":"http:\/\/hoycordobaweb.com\/index.php\/wp-json\/wp\/v2\/categories?post=81833"},{"taxonomy":"post_tag","embeddable":true,"href":"http:\/\/hoycordobaweb.com\/index.php\/wp-json\/wp\/v2\/tags?post=81833"}],"curies":[{"name":"wp","href":"https:\/\/api.w.org\/{rel}","templated":true}]}}