{"id":81831,"date":"2024-08-18T00:55:02","date_gmt":"2024-08-18T00:55:02","guid":{"rendered":"https:\/\/www.ole.com.ar\/futbol-internacional\/campo-juega-arena-belo-horizonte-milito-mineiro_0_9HWQGLwqkH.html"},"modified":"2024-08-18T00:55:02","modified_gmt":"2024-08-18T00:55:02","slug":"san-lorenzo-toma-nota-el-preocupante-estado-del-campo-de-juego-de-a-mineiro-antes-de-la-revancha-copera","status":"publish","type":"post","link":"http:\/\/hoycordobaweb.com\/index.php\/2024\/08\/18\/san-lorenzo-toma-nota-el-preocupante-estado-del-campo-de-juego-de-a-mineiro-antes-de-la-revancha-copera\/","title":{"rendered":"San Lorenzo toma nota: el preocupante estado del campo de juego de A. Mineiro antes de la revancha copera"},"content":{"rendered":"<p><img src=\"http:\/\/hoycordobaweb.com\/wp-content\/uploads\/2024\/08\/san-lorenzo-toma-nota-el-preocupante-estado-del-campo-de-juego-de-a-mineiro-antes-de-la-revancha-copera.jpg\"><\/p>\n<p><time class=\"createDate\" datetime=\"2024-08-17T21:55:02-03:00\">17\/08\/2024 21:55hs.<\/time><\/p>\n<div id=\"storyBody\">\n<div class=\"custom-text \" readability=\"38\">\n<p>Tres d\u00edas antes de la revancha contra San Lorenzo por los octavos de final de la Copa Libertadores, <strong>A. Mineiro jug\u00f3 de local contra Cuiab\u00e1 por el Brasileirao.<\/strong> Gabriel Milito coloc\u00f3 de arranque un equipo alternativo. Guard\u00f3 piernas pensando en la revancha copera. <strong>El partido termin\u00f3 1-1 con un Galo que est\u00e1 en mitad de tabla, a 15 puntos del l\u00edder Fortaleza. Fausto Vera fue titular, Renzo Saravia entr\u00f3 en el ST. <\/strong><\/p>\n<\/div>\n<div class=\"custom-text \" readability=\"36\">\n<p>M\u00e1s all\u00e1 del resultado, lo que llam\u00f3 la atenci\u00f3n fue el preocupante estado del campo de juego del Arena de Belo Horizonte,<strong> justo donde se jugar\u00e1 el encuentro del martes (desde las 21.30) contra el Cicl\u00f3n (1-1 en la ida). <\/strong>El propio Milito se refiri\u00f3 a este asunto en conferencia de prensa. <\/p>\n<\/div>\n<div class=\"custom-text \" readability=\"39\">\n<p>\u00abEl campo de juego no est\u00e1 en las condiciones que queremos, m\u00e1s por nuestra forma de jugar. Por otro lado, s\u00e9 que el club hizo cambios en el campo para mejorarlo<strong>. Es cuesti\u00f3n de tiempo, pero no se puede apresurar el tiempo, hay que esperar<\/strong>\u00ab, expres\u00f3 el ex DT de Argentinos.<\/p>\n<\/div>\n<div class=\"sc-e7b891c4-0 jPbnQF\"><img alt=\"El estado del campo de juego de Mineiro (Galo News)\" src=\"http:\/\/hoycordobaweb.com\/wp-content\/uploads\/2024\/08\/san-lorenzo-toma-nota-el-preocupante-estado-del-campo-de-juego-de-a-mineiro-antes-de-la-revancha-copera-2.jpg\" width=\"720\" height=\"100\" decoding=\"async\" data-nimg=\"future\" loading=\"lazy\"><span class=\"epigraphe\">El estado del campo de juego de Mineiro (Galo News)<\/span><\/div>\n<div class=\"sc-e7b891c4-0 jPbnQF\"><img alt=\"El estado del campo de juego de Mineiro (Galo News)\" src=\"http:\/\/hoycordobaweb.com\/wp-content\/uploads\/2024\/08\/san-lorenzo-toma-nota-el-preocupante-estado-del-campo-de-juego-de-a-mineiro-antes-de-la-revancha-copera-3.jpg\" width=\"720\" height=\"100\" decoding=\"async\" data-nimg=\"future\" loading=\"lazy\"><span class=\"epigraphe\">El estado del campo de juego de Mineiro (Galo News)<\/span><\/div>\n<div class=\"custom-text \" readability=\"43\">\n<p>M\u00e1s all\u00e1 de mostrar una mesura inicial,<strong> recalc\u00f3 la importancia de tener un c\u00e9sped acorde al f\u00fatbol profesional para que los jugadores no se lastimen. Y record\u00f3 lo que en su momento sufri\u00f3 Maxi Rodr\u00edguez en la Selecci\u00f3n por un campo que no estaba \u00f3ptimo:<\/strong> \u00abTodos queremos jugar en un campo mejor. No s\u00f3lo para jugar mejor, sino tambi\u00e9n para evitar lesiones a nuestros jugadores y oponentes. Conozco bien las dificultades y tengo una muy mala experiencia. Hace muchos a\u00f1os, con la Selecci\u00f3n Argentina, jugamos un partido en Espa\u00f1a, contra Espa\u00f1a, en Murcia. Murcia estren\u00f3 un estadio espectacular, pero el campo era todo nuevo. Se movi\u00f3 y entonces pas\u00f3 algo muy grave para Maxi Rodr\u00edguez. En ese partido se rompi\u00f3 el ligamento cruzado. Por lo tanto, es peligroso para la salud del jugador y tambi\u00e9n perjudicial para el juego\u00bb.<\/p>\n<\/div>\n<div class=\"sc-e7b891c4-0 jPbnQF\"><img alt=\"El estado del campo de juego de Mineiro (Galo News)\" src=\"http:\/\/hoycordobaweb.com\/wp-content\/uploads\/2024\/08\/san-lorenzo-toma-nota-el-preocupante-estado-del-campo-de-juego-de-a-mineiro-antes-de-la-revancha-copera-4.jpg\" width=\"720\" height=\"100\" decoding=\"async\" data-nimg=\"future\" loading=\"lazy\"><span class=\"epigraphe\">El estado del campo de juego de Mineiro (Galo News)<\/span><\/div>\n<div class=\"custom-embedhtml\" readability=\"8.0778443113772\">\n<blockquote class=\"twitter-tweet\" readability=\"10.203592814371\">\n<p lang=\"pt\" dir=\"ltr\">\ud83c\udfdf\ufe0f Faltando 24 horas para o jogo contra o Cuiab\u00e1, esta \u00e9 a situa\u00e7\u00e3o atual do gramado da Arena MRV. Em apenas uma semana, o <a href=\"https:\/\/twitter.com\/Atletico?ref_src=twsrc%5Etfw\">@Atletico<\/a> realizar\u00e1 3 partidas no est\u00e1dio.<\/p>\n<p>17\/08 \ud83c\udd9a Cuiab\u00e1 <br \/>20\/08 \ud83c\udd9a San Lorenzo <br \/>24\/08 \ud83c\udd9a Fluminense <\/p>\n<p>\ud83c\udfa5 Edante|YouTube <a href=\"https:\/\/t.co\/xj6P2WFUhd\">pic.twitter.com\/xj6P2WFUhd<\/a><\/p>\n<p>\u2014 galonews.com.br (@GaloNews_) <a href=\"https:\/\/twitter.com\/GaloNews_\/status\/1824523889898074123?ref_src=twsrc%5Etfw\">August 16, 2024<\/a><\/p><\/blockquote><\/div>\n<div class=\"custom-text \" readability=\"34\">\n<p>Por lo visto, parece dif\u00edcil que mejore para el partido copero ante el Cicl\u00f3n. Para que los de Pipi Romagnoli tomen nota&#8230;<\/p>\n<\/div>\n<div class=\"sc-a7166897-0 exHLBh\" readability=\"6\">\n<section readability=\"2\"><picture><img alt=\"Gustavo Bou anunci\u00f3 que se retir\u00f3 del f\u00fatbol profesional\" src=\"http:\/\/hoycordobaweb.com\/wp-content\/uploads\/2024\/08\/san-lorenzo-toma-nota-el-preocupante-estado-del-campo-de-juego-de-a-mineiro-antes-de-la-revancha-copera-5.jpg\" width=\"290\" height=\"290\" decoding=\"async\" data-nimg=\"future\" loading=\"lazy\"><\/picture>\n<p><span>Mir\u00e1 tambi\u00e9n<\/span><\/p>\n<hr>\n<h3>Gustavo Bou anunci\u00f3 que se retir\u00f3 del f\u00fatbol profesional<\/h3>\n<\/p>\n<\/section>\n<\/div>\n<div class=\"sc-a7166897-0 exHLBh\" readability=\"6\">\n<section readability=\"2\"><picture><img alt=\"La tabla anual de la Liga Profesional: River y Boca en puestos de Sudamericana 2025\" src=\"http:\/\/hoycordobaweb.com\/wp-content\/uploads\/2024\/08\/san-lorenzo-toma-nota-el-preocupante-estado-del-campo-de-juego-de-a-mineiro-antes-de-la-revancha-copera-6.jpg\" width=\"290\" height=\"290\" decoding=\"async\" data-nimg=\"future\" loading=\"lazy\"><\/picture>\n<p><span>Mir\u00e1 tambi\u00e9n<\/span><\/p>\n<hr>\n<h3>La tabla anual de la Liga Profesional: River y Boca en puestos de Sudamericana 2025<\/h3>\n<\/p>\n<\/section>\n<\/div>\n<div class=\"sc-a7166897-0 exHLBh\" readability=\"6\">\n<section readability=\"2\"><picture><img alt=\"Mercado de pases: el uno por uno de los 178 refuerzos en la Liga Profesional\" src=\"http:\/\/hoycordobaweb.com\/wp-content\/uploads\/2024\/08\/san-lorenzo-toma-nota-el-preocupante-estado-del-campo-de-juego-de-a-mineiro-antes-de-la-revancha-copera-7.jpg\" width=\"290\" height=\"290\" decoding=\"async\" data-nimg=\"future\" loading=\"lazy\"><\/picture>\n<p><span>Mir\u00e1 tambi\u00e9n<\/span><\/p>\n<hr>\n<h3>Mercado de pases: el uno por uno de los 178 refuerzos en la Liga Profesional<\/h3>\n<\/p>\n<\/section>\n<\/div>\n<\/div>\n","protected":false},"excerpt":{"rendered":"<p>17\/08\/2024 21:55hs. Tres d\u00edas antes de la revancha contra San Lorenzo por los octavos de final de la Copa Libertadores, A. Mineiro jug\u00f3 de local contra Cuiab\u00e1 por el Brasileirao. Gabriel Milito coloc\u00f3 de arranque un equipo alternativo. Guard\u00f3 piernas pensando en la revancha copera. El partido termin\u00f3 1-1 con un Galo que est\u00e1 en [&hellip;]<\/p>\n","protected":false},"author":1,"featured_media":81832,"comment_status":"open","ping_status":"closed","sticky":false,"template":"","format":"standard","meta":[],"categories":[16],"tags":[],"_links":{"self":[{"href":"http:\/\/hoycordobaweb.com\/index.php\/wp-json\/wp\/v2\/posts\/81831"}],"collection":[{"href":"http:\/\/hoycordobaweb.com\/index.php\/wp-json\/wp\/v2\/posts"}],"about":[{"href":"http:\/\/hoycordobaweb.com\/index.php\/wp-json\/wp\/v2\/types\/post"}],"author":[{"embeddable":true,"href":"http:\/\/hoycordobaweb.com\/index.php\/wp-json\/wp\/v2\/users\/1"}],"replies":[{"embeddable":true,"href":"http:\/\/hoycordobaweb.com\/index.php\/wp-json\/wp\/v2\/comments?post=81831"}],"version-history":[{"count":0,"href":"http:\/\/hoycordobaweb.com\/index.php\/wp-json\/wp\/v2\/posts\/81831\/revisions"}],"wp:featuredmedia":[{"embeddable":true,"href":"http:\/\/hoycordobaweb.com\/index.php\/wp-json\/wp\/v2\/media\/81832"}],"wp:attachment":[{"href":"http:\/\/hoycordobaweb.com\/index.php\/wp-json\/wp\/v2\/media?parent=81831"}],"wp:term":[{"taxonomy":"category","embeddable":true,"href":"http:\/\/hoycordobaweb.com\/index.php\/wp-json\/wp\/v2\/categories?post=81831"},{"taxonomy":"post_tag","embeddable":true,"href":"http:\/\/hoycordobaweb.com\/index.php\/wp-json\/wp\/v2\/tags?post=81831"}],"curies":[{"name":"wp","href":"https:\/\/api.w.org\/{rel}","templated":true}]}}